{"id":7141,"date":"2013-09-30T17:00:23","date_gmt":"2013-09-30T19:00:23","guid":{"rendered":"https:\/\/forumjustica.vlannetwork.com\/?p=7141"},"modified":"2022-09-04T21:15:54","modified_gmt":"2022-09-05T00:15:54","slug":"mobilizacao-nacional-indigena","status":"publish","type":"post","link":"https:\/\/forumjustica.com.br\/en\/mobilizacao-nacional-indigena\/","title":{"rendered":"MOBILIZA\u00c7AO NACIONAL INDIGENA"},"content":{"rendered":"<p><a href='https:\/\/www.youtube.com\/watch?v=-aKhvWZTQ4U' >Confira o v\u00eddeo sobre a campanha!<\/a><\/p>\n<p>Prevista para a semana entre os dias 30\/9 e 5\/10, a Mobiliza\u00e7\u00e3o Nacional Ind\u00edgena vai promover manifesta\u00e7\u00f5es em v\u00e1rios locais do Pa\u00eds. Est\u00e3o confirmados atos em pelo menos quatro capitais (Bras\u00edlia, S\u00e3o Paulo, Bel\u00e9m e Rio Branco), al\u00e9m de cidades no interior (veja programa\u00e7\u00e3o abaixo).<\/p>\n<p>A mobiliza\u00e7\u00e3o foi convocada pela Articula\u00e7\u00e3o dos Povos Ind\u00edgenas do Brasil (Apib) para defender a Constitui\u00e7\u00e3o, os direitos de povos ind\u00edgenas e tradicionais e o meio ambiente (leia a convocat\u00f3ria). No dia 5\/10, a Carta Magna completa 25 anos.<\/p>\n<p>O objetivo \u00e9 protestar contra o ataque generalizado aos direitos territoriais dessas popula\u00e7\u00f5es que parte do governo, da bancada ruralista no Congresso e do lobby de grandes empresas de minera\u00e7\u00e3o e energia. Mesmo depois dos protestos de abril deste ano, quando centenas de ind\u00edgenas ocuparam o plen\u00e1rio da C\u00e2mara e a frente do Pal\u00e1cio do Planalto, seguem as tentativas de destruir o artigo 231 da Constitui\u00e7\u00e3o, que assegura os direitos dos povos ind\u00edgenas sobre suas terras.<\/p>\n<p>Centenas de projetos tramitam no Congresso para restringir os direitos de popula\u00e7\u00f5es ind\u00edgenas, de quilombolas e de outras popula\u00e7\u00f5es tradicionais sobre suas terras, al\u00e9m de tentarem impedir a cria\u00e7\u00e3o de unidades de conserva\u00e7\u00e3o. Entre eles, est\u00e3o as Propostas de Emenda Constitucional (PECs) 215\/2000 e 38\/1999, o Projeto de Lei Complementar (PLP) 227\/2012 e o Projeto de Lei (PL) 1.610\/1996.<\/p>\n<p>O governo de Dilma Rousseff tem o pior desempenho na demarca\u00e7\u00e3o de Terras Ind\u00edgenas (TIs) desde a redemocratiza\u00e7\u00e3o. Mesmo assim, pretende dificultar ainda mais a cria\u00e7\u00e3o de novas \u00e1reas com mudan\u00e7as nos processos demarcat\u00f3rios. A Portaria 303 da Advocacia-geral da Uni\u00e3o (AGU) tamb\u00e9m restringe drasticamente os direitos territoriais ind\u00edgenas. Ao mesmo tempo, o governo federal segue financiando com bilh\u00f5es de reais o modelo agr\u00edcola baseado no latif\u00fandio, que concentra renda e terra, emprega pouco, abusa dos agrot\u00f3xicos, expulsa do campo trabalhadores rurais, camponeses, popula\u00e7\u00f5es ind\u00edgenas e tradicionais.<\/p>\n<p>A Mobiliza\u00e7\u00e3o Nacional Ind\u00edgena \u00e9 apoiada por organiza\u00e7\u00f5es ind\u00edgenas e indigenistas, como o Instituto Socioambiental (ISA), o Conselho Indigenista Mission\u00e1rio (Cimi) e o Centro de Trabalho Indigenista (CTI), mas tamb\u00e9m por outros movimentos sociais e organiza\u00e7\u00f5es da sociedade civil, como o Greenpeace, a Coordena\u00e7\u00e3o Nacional de Comunidades Quilombolas (Conaq) e o Movimento Passe Livre (MPL).<\/p>\n<p>Programa\u00e7\u00e3o nacional de manifesta\u00e7\u00f5es j\u00e1 confirmadas<\/p>\n<p>1\/10, ter\u00e7a, \u00e0s 16h \u2013 Ato P\u00fablico em frente ao Congresso Nacional, Bras\u00edlia (DF)<\/p>\n<p>2\/10, quarta, \u00e0s 17h \u2013 Ato P\u00fablico em frente ao Masp, av. Paulista, S\u00e3o Paulo (SP)<\/p>\n<p>2\/10, quarta, \u00e0s 18h \u2013 Ato P\u00fablico na Faculdade Metropolitana da Amaz\u00f4nia (Famaz), Av. Visconde de Souza Franco, n\u00b0 72, Bairro Reduto (Doca), Bel\u00e9m (PA)<\/p>\n<p>2\/10, quarta \u2013 Encontro dos Povos Ind\u00edgenas de Roraima no abra\u00e7o a Roraima e comemora\u00e7\u00e3o dos 25 anos de anivers\u00e1rio da Constitui\u00e7\u00e3o, comunidade Sabi\u00e1, munic\u00edpio de Pacaraima<\/p>\n<p>03\/10, quinta, \u00e0s 8h \u2013 Marcha de Resist\u00eancia dos Tapeba e de outros povos ind\u00edgenas do Cear\u00e1, concentra\u00e7\u00e3o na Pra\u00e7a da Matriz de Caucaia, regi\u00e3o metropolitana de Fortaleza (CE)<\/p>\n<p>4\/10, sexta, \u00e0s 7h \u2013 Concentra\u00e7\u00e3o em frente \u00e0 Casa dos Povos Ind\u00edgenas, antigo Espa\u00e7o Kaxinawa, Av. Cear\u00e1, Centro, Rio Branco (AC)<\/p>\n<p>Programa\u00e7\u00e3o das manifesta\u00e7\u00f5es em Bras\u00edlia (alguns eventos a confirmar)<\/p>\n<p>Ter\u00e7a-feira, 01\/10:<\/p>\n<p>\u00b7 Coletiva de imprensa, \u00e0s 14 h, em frente ao Congresso.<br \/>\n\u00b7 Ato sobre os Direitos Ind\u00edgenas e articula\u00e7\u00f5es no Congresso, a partir das 15h.<br \/>\n\u00b7 Reuni\u00e3o com a Frente Parlamentar de Apoio aos povos ind\u00edgenas e Frente Parlamentar de Direitos Humanos.<br \/>\n\u00b7 Reuni\u00e3o com representantes da Bancada Ruralista.<br \/>\n\u00b7 Audi\u00eancia com presidentes do Senado e da C\u00e2mara.<\/p>\n<p>Quarta-feira, 02\/10:<\/p>\n<p>\u00b7 Audi\u00eancia P\u00fablica sobre os 25 anos da Constitui\u00e7\u00e3o Federal e os direitos ind\u00edgenas, na C\u00e2mara.<br \/>\n\u00b7 Instala\u00e7\u00e3o da subcomiss\u00e3o de assuntos ind\u00edgenas da Comiss\u00e3o de Legisla\u00e7\u00e3o Participativa (CLP) na C\u00e2mara.<br \/>\nQuinta-feira, 03\/10:<br \/>\n\u00b7 Articula\u00e7\u00f5es, Audi\u00eancias e Reuni\u00f5es em distintas inst\u00e2ncias do Poder Executivo (Presid\u00eancia da Rep\u00fablica, Minist\u00e9rios, Autarquias e Outras).<br \/>\nSexta-feira, 04\/10:<br \/>\n\u00b7 Visitas e audi\u00eancias no Supremo Tribunal Federal e Conselho Nacional de Justi\u00e7a.<\/p>\n<p>Assessoria de imprensa<\/p>\n<p>Em Bras\u00edlia<br \/>\nRenato Santana (Cimi): (61) 9979-6912 \/ renato.renato25@gmail.com<br \/>\nPatr\u00edcia Bonilha (Cimi): (61) 8138-7730 \/ bonilhapatricia@gmail.com<br \/>\nNath\u00e1lia Clark (Greenpeace): (61) 9642-7153 \/ nathalia.clark@greenpeace.org<br \/>\nHelena Ladeira (CTI): (11) 9 9739-4912 \/ helena@trabalhoindigenista.org.br<br \/>\nOswaldo Braga de Souza (ISA): (61) 9103-2127 \/ oswaldo@socioambiental.org<\/p>\n<p>Em SP<br \/>\nMaria In\u00eas Zanchetta (ISA): (11) 3515-8969 \/ ines@socioambiental.org<\/p>\n<p>Em Bel\u00e9m (PA)<br \/>\nBianca Pyl (Comiss\u00e3o Pr\u00f3-\u00edndio SP) \u2013 (11) 9 9969 2719 \/ bianca@cpisp.org.br<\/p>\n","protected":false},"excerpt":{"rendered":"<p>Confira o v\u00eddeo sobre a campanha! Prevista para a semana entre os dias 30\/9 e 5\/10, a Mobiliza\u00e7\u00e3o Nacional Ind\u00edgena vai promover manifesta\u00e7\u00f5es em v\u00e1rios locais do Pa\u00eds. Est\u00e3o confirmados atos em pelo menos quatro capitais (Bras\u00edlia, S\u00e3o Paulo, Bel\u00e9m e Rio Branco), al\u00e9m de cidades no interior (veja programa\u00e7\u00e3o abaixo). A mobiliza\u00e7\u00e3o foi convocada [&hellip;]<\/p>\n","protected":false},"author":13,"featured_media":0,"comment_status":"open","ping_status":"closed","sticky":false,"template":"","format":"standard","meta":{"inline_featured_image":false,"footnotes":""},"categories":[1],"tags":[],"anos":[],"projetos":[],"autorias":[],"eixos_tematicos":[],"locais":[],"pessoas":[],"estado":[],"academia":[],"sociedade_civil":[],"class_list":["post-7141","post","type-post","status-publish","format-standard","hentry","category-noticias"],"_links":{"self":[{"href":"https:\/\/forumjustica.com.br\/en\/wp-json\/wp\/v2\/posts\/7141","targetHints":{"allow":["GET"]}}],"collection":[{"href":"https:\/\/forumjustica.com.br\/en\/wp-json\/wp\/v2\/posts"}],"about":[{"href":"https:\/\/forumjustica.com.br\/en\/wp-json\/wp\/v2\/types\/post"}],"author":[{"embeddable":true,"href":"https:\/\/forumjustica.com.br\/en\/wp-json\/wp\/v2\/users\/13"}],"replies":[{"embeddable":true,"href":"https:\/\/forumjustica.com.br\/en\/wp-json\/wp\/v2\/comments?post=7141"}],"version-history":[{"count":1,"href":"https:\/\/forumjustica.com.br\/en\/wp-json\/wp\/v2\/posts\/7141\/revisions"}],"predecessor-version":[{"id":17496,"href":"https:\/\/forumjustica.com.br\/en\/wp-json\/wp\/v2\/posts\/7141\/revisions\/17496"}],"wp:attachment":[{"href":"https:\/\/forumjustica.com.br\/en\/wp-json\/wp\/v2\/media?parent=7141"}],"wp:term":[{"taxonomy":"category","embeddable":true,"href":"https:\/\/forumjustica.com.br\/en\/wp-json\/wp\/v2\/categories?post=7141"},{"taxonomy":"post_tag","embeddable":true,"href":"https:\/\/forumjustica.com.br\/en\/wp-json\/wp\/v2\/tags?post=7141"},{"taxonomy":"anos","embeddable":true,"href":"https:\/\/forumjustica.com.br\/en\/wp-json\/wp\/v2\/anos?post=7141"},{"taxonomy":"projetos","embeddable":true,"href":"https:\/\/forumjustica.com.br\/en\/wp-json\/wp\/v2\/projetos?post=7141"},{"taxonomy":"autorias","embeddable":true,"href":"https:\/\/forumjustica.com.br\/en\/wp-json\/wp\/v2\/autorias?post=7141"},{"taxonomy":"eixos_tematicos","embeddable":true,"href":"https:\/\/forumjustica.com.br\/en\/wp-json\/wp\/v2\/eixos_tematicos?post=7141"},{"taxonomy":"locais","embeddable":true,"href":"https:\/\/forumjustica.com.br\/en\/wp-json\/wp\/v2\/locais?post=7141"},{"taxonomy":"pessoas","embeddable":true,"href":"https:\/\/forumjustica.com.br\/en\/wp-json\/wp\/v2\/pessoas?post=7141"},{"taxonomy":"estado","embeddable":true,"href":"https:\/\/forumjustica.com.br\/en\/wp-json\/wp\/v2\/estado?post=7141"},{"taxonomy":"academia","embeddable":true,"href":"https:\/\/forumjustica.com.br\/en\/wp-json\/wp\/v2\/academia?post=7141"},{"taxonomy":"sociedade_civil","embeddable":true,"href":"https:\/\/forumjustica.com.br\/en\/wp-json\/wp\/v2\/sociedade_civil?post=7141"}],"curies":[{"name":"wp","href":"https:\/\/api.w.org\/{rel}","templated":true}]}}