{"id":7155,"date":"2013-10-03T09:00:38","date_gmt":"2013-10-03T11:00:38","guid":{"rendered":"https:\/\/forumjustica.vlannetwork.com\/?p=7155"},"modified":"2022-09-04T21:15:54","modified_gmt":"2022-09-05T00:15:54","slug":"114-videos-uma-so-historia-a-verdade-sobre-as-remocoes-no-rio-de-janeiro","status":"publish","type":"post","link":"https:\/\/forumjustica.com.br\/en\/114-videos-uma-so-historia-a-verdade-sobre-as-remocoes-no-rio-de-janeiro\/","title":{"rendered":"114 v\u00eddeos, uma s\u00f3 hist\u00f3ria: a verdade sobre as remo\u00e7\u00f5es no Rio de Janeiro"},"content":{"rendered":"<div><span style=\"font-size: 13px; line-height: 19px;\">Na prepara\u00e7\u00e3o do Rio de Janeiro para a Copa do Mundo e as Olimp\u00edadas, mais de 100 mil pessoas j\u00e1 foram removidas ou est\u00e3o amea\u00e7adas. Este v\u00eddeo utiliza imagens da internet feitas por moradores, ativistas, movimentos e jornalistas para denunciar as viola\u00e7\u00f5es de direitos humanos no Rio de Janeiro. A compila\u00e7\u00e3o faz parte de um projeto de curadoria ativista de v\u00eddeos, que passou 18 meses identificando, verificando e sistematizando 114 v\u00eddeos divulgados sobre o tema entre 2008-2012.<\/span><\/div>\n<div><span style=\"font-size: 13px; line-height: 19px;\"><br \/>\n<\/span><\/div>\n<div>ASSISTA AO V\u00cdDEO DE LAN\u00c7AMENTO:<\/div>\n<div><a href=\"http:\/\/youtu.be\/2eAIKhFj0m4\" target=\"_blank\" rel=\"noopener\">http:\/\/youtu.be\/2eAIKhFj0m4<\/a><\/div>\n<div><\/div>\n<div>VEJA O QUE O PROJETO REVELOU:<\/div>\n<div><a href=\"http:\/\/rio.portalpopulardacopa.org.br\/curadoria\" target=\"_blank\" rel=\"noopener\">http:\/\/rio.portalpopulardacopa.org.br\/curadoria<\/a><\/div>\n<div><\/div>\n<div>FA\u00c7A O DOWNLOAD DA PESQUISA COMPLETA:<\/div>\n<div><a href=\"http:\/\/bit.ly\/CuradoriaVideo\" target=\"_blank\" rel=\"noopener\">http:\/\/bit.ly\/CuradoriaVideo<\/a><\/div>\n<div><\/div>\n<div>A montagem do v\u00eddeo \u00e9 de Vladimir Seixas e a pesquisa de Glaucia Marinho, Gizele Martins e Priscila N\u00e9ri.<\/div>\n<div><\/div>\n<div>DIVULGUEM!<\/div>\n<p>&nbsp;<\/p>\n<p><strong>Rio de Janeiro.<\/strong> Palco da final da Copa de 2014 e das Olimp\u00edadas de 2016. A menina dos olhos, a mais bonita, a mais cobi\u00e7ada. Rumo aos grandes eventos mundiais, um ritmo fren\u00e9tico de mudan\u00e7as na cidade, obras por todos os lados. Mas longe dos holofotes, uma disputa gigante em curso \u2013 uma disputa por terra, cidade, espa\u00e7o, direitos.<\/p>\n<p>E na linha de frente, dezenas de comunidades cariocas, que \u2013 de repente \u2013 viram-se amea\u00e7adas de extin\u00e7\u00e3o. Os relatos come\u00e7aram a surgir em 2009. Hist\u00f3rias de tratores da Prefeitura chegando sem aviso para\u00a0<strong>demolir comunidades inteiras<\/strong>, de fam\u00edlias sendo amea\u00e7adas para deixar suas casas, de vidas destru\u00eddas.<\/p>\n<p>Mas apesar de todas essas hist\u00f3rias, as autoridades continuavam insistindo que nada disso estava acontecendo. Diziam que estavam enganados quem faziam as den\u00fancias, ou que eram politiqueiros com segundas inten\u00e7\u00f5es partid\u00e1rias e eleitoreiras.<\/p>\n<p>Para encontrar a verdade, uma equipe investigativa passou 18 meses mergulhada nas redes sociais para mapear, verificar, contextualizar e sistematizar as den\u00fancias feitas em v\u00eddeos sobre remo\u00e7\u00f5es for\u00e7adas no Rio de Janeiro rumo \u00e0 Copa e Olimp\u00edadas. O retrato que surgiu \u00e9\u00a0<strong>estarrecedor<\/strong> \u2013 encontramos 114 v\u00eddeos, feitos pelas mais variadas fontes, comprovando grav\u00edssimas\u00a0<strong>viola\u00e7\u00f5es de direitos<\/strong> em 21 comunidades cariocas, do direito \u00e0 informa\u00e7\u00e3o passando pelo direito ao devido processo legal e ainda por den\u00fancias de viol\u00eancia, amea\u00e7as e intimida\u00e7\u00e3o por parte do poder p\u00fablico.<\/p>\n<p>O\u00a0<a href=\"https:\/\/www.youtube.com\/watch?v=2eAIKhFj0m4\">v\u00eddeo<\/a> acima destaca trechos de alguns dos depoimentos que mais nos impactaram. Para ler o relat\u00f3rio completo das conclus\u00f5es e motiva\u00e7\u00f5es do projeto,<a href=\"http:\/\/bit.ly\/CuradoriaVideo\">clique aqui<\/a>.<\/p>\n<div>\n<div>\n<blockquote><p>&#8220;Quando veio tirar a gente daqui, falou que a gente era lixo, que ia remover o lixo da Avenida das Am\u00e9ricas. Eu t\u00f4 indignado com isso. Fica promessa do secret\u00e1rio de Habita\u00e7\u00e3o que ia indenizar a gente mas s\u00f3 t\u00e1 na promessa &#8211; cumprir ningu\u00e9m cumpre. O povo aqui foi tratado igual a lixo. Aqui tinha 150 moradias e com\u00e9rcios. N\u00e3o deu nenhum tipo de indeniza\u00e7\u00e3o pra gente, os comerciantes n\u00e3o receberam nada, nem um real. Eu t\u00f4 indignado, esse pa\u00eds n\u00e3o tem lei. Se eu tivesse condi\u00e7\u00e3o eu ia embora daqui, eu tenho vergonha de ser brasileiro. Eu me sinto um ot\u00e1rio, porque quando o Brasil ganhou essa porra de Olimp\u00edadas, eu tava na Linha Amarela e fiquei buzinando igual um bob\u00e3o. E agora t\u00f4 pagando isso a\u00ed. Isso que \u00e9 Copa do Mundo, isso que \u00e9 esp\u00edrito ol\u00edmpico? At\u00e9 concordo com o progresso, ningu\u00e9m t\u00e1 aqui pra atrapalhar o progresso, mas n\u00e3o pode passar uma avenida por cima do pobre, isso n\u00e3o entra na minha cabe\u00e7a n\u00e3o&#8221;<\/p><\/blockquote>\n<p><cite>-Michel, Morador em\u00a0<a href=\"http:\/\/youtu.be\/oa_iro4Xgzk?t=2m32s\">Vozes da Miss\u00e3o: Restinga<\/a><\/cite><\/div>\n<\/div>\n<div>\n<h2>O que fizemos?<\/h2>\n<p>Para chegar \u00e0 verdade, uma equipe investigativa passou 18 meses vasculhando as redes virtuais e presenciais em busca de respostas. Por considerar o v\u00eddeo uma das ferramentas mais irrefut\u00e1veis de registro e den\u00fancia, decidimos focar a nossa busca em v\u00eddeos denunciando remo\u00e7\u00f5es for\u00e7adas de comunidades pobres no Rio de Janeiro.<\/p>\n<p>Encontramos, nessa fase inicial de janeiro a dezembro de 2012, 114 v\u00eddeos, desde clipes feitos por cineastas e ve\u00edculos da imprensa at\u00e9 v\u00eddeos mais brutos, captados no calor do momento pelos celulares e c\u00e2meras de moradores atingidos, ativistas e lideran\u00e7as comunit\u00e1rias.<\/p>\n<p>Assistimos cada minuto, ouvimos cada depoimento e checamos cada den\u00fancia para come\u00e7ar a juntar os peda\u00e7os do quebra-cabe\u00e7a.<\/p>\n<p>V\u00eddeo por v\u00eddeo, iniciamos um processo de curadoria para sistematizar o conte\u00fado, encontrar a narrativa da soma das partes e identificar os padr\u00f5es recorrentes nas den\u00fancias, depoimentos e hist\u00f3rias retratadas nos v\u00eddeos.<\/p>\n<h2>Como fizemos?<\/h2>\n<p>A equipe organizou o material cadastrando cada v\u00eddeo num banco de dados categorizado por v\u00e1rios eixos: tipo de viola\u00e7\u00e3o denunciada, localiza\u00e7\u00e3o, est\u00e1gio da remo\u00e7\u00e3o (antes, durante ou depois), justificativa oficial pela remo\u00e7\u00e3o, entre outros.<\/p>\n<p>Com este banco de dados pronto, passamos ent\u00e3o a contextualizar e validar o material, buscando tr\u00eas fontes independentes para corroborar as den\u00fancias contidas em cada v\u00eddeo. E ent\u00e3o passamos esses materiais a um grupo volunt\u00e1rio de advogados, que dedicou horas de aten\u00e7\u00e3o para vincular as den\u00fancias a trechos espec\u00edficos de leis que estavam sendo violadas, tanto nas esferas municipal\/estadual\/nacional quanto nos tratados e acordos internacionais de direitos humanos que o Brasil ratificou.<\/p>\n<h2>O que descobrimos?<\/h2>\n<p>Este \u00e9 o retrato que emergiu: 114 v\u00eddeos foram identificados, retratando den\u00fancias de remo\u00e7\u00f5es ou amea\u00e7as de remo\u00e7\u00f5es for\u00e7adas em 21 comunidades cariocas entre 2008-2012.<\/p>\n<p>Os v\u00eddeos foram feitos pela mais variada gama de pessoas e coletivos, incluindo por movimentos sociais e organiza\u00e7\u00f5es da sociedade civil (29%), ve\u00edculos da imprensa alternativa e\/ou independente (25%), cidad\u00e3os-rep\u00f3rteres (13%), ve\u00edculos da grande imprensa (11%), e os pr\u00f3prios moradores das comunidades atingidas (8%). \u00c9 importante ressaltar este ponto porque mostra que a mesma informa\u00e7\u00e3o foi veiculada por uma s\u00e9rie de fontes n\u00e3o-coordenadas entre si, o que invalida o argumento de que a pauta das remo\u00e7\u00f5es vem de algum grupo espec\u00edfico com interesses pol\u00edticos e\/ou partid\u00e1rios.<\/p>\n<p>Os v\u00eddeos retratam comunidades vivendo os diferentes est\u00e1gios de um processo de remo\u00e7\u00e3o, desde que as que se encontram amea\u00e7adas de remo\u00e7\u00e3o (44%) at\u00e9 as que est\u00e3o passando por remo\u00e7\u00f5es (27%) e outras que j\u00e1 sofreram remo\u00e7\u00f5es (14%).<\/p>\n<\/div>\n<div>\n<div>\n<h2>ANTES da remo\u00e7\u00e3o:<\/h2>\n<ul>\n<li>viola\u00e7\u00e3o ao direito \u00e0 informa\u00e7\u00e3o (denunciada em 44% dos v\u00eddeos examinados)<\/li>\n<li>viola\u00e7\u00e3o do direito \u00e0 posse (denunciada em 37% dos v\u00eddeos examinados)<\/li>\n<li>propostas inadequadas de reassentamento (denunciadas em 31% dos v\u00eddeos examinados)<\/li>\n<li>viola\u00e7\u00e3o do direito ao devido processo legal (denunciada em 22% dos v\u00eddeos examinados)<\/li>\n<li>propostas inadequadas de indeniza\u00e7\u00e3o (denunciadas em 20% dos v\u00eddeos examinados)<\/li>\n<\/ul>\n<\/div>\n<div>\n<h2>DURANTE a remo\u00e7\u00e3o:<\/h2>\n<ul>\n<li>falta de aviso pr\u00e9vio adequado (denunciada em 53% dos v\u00eddeos examinados)<\/li>\n<li>agress\u00f5es, intimida\u00e7\u00f5es e amea\u00e7as verbais durante a remo\u00e7\u00e3o (denunciadas em 44% dos v\u00eddeos examinados)<\/li>\n<li>demoli\u00e7\u00e3o parcial das comunidades para pressionar fam\u00edlias que ainda resistem (denunciada em 38% dos v\u00eddeos examinados)<\/li>\n<li>intimida\u00e7\u00e3o e amea\u00e7as por parte do poder p\u00fablico antes da remo\u00e7\u00e3o ocorrer (denunciada em 35% dos v\u00eddeos examinados)<\/li>\n<li>demoli\u00e7\u00e3o antes da defini\u00e7\u00e3o de um reassentamento definitivo (denunciada em 29% dos v\u00eddeos examinados)<\/li>\n<\/ul>\n<\/div>\n<div>\n<h2>DEPOIS da remo\u00e7\u00e3o:<\/h2>\n<ul>\n<li>falta de aviso pr\u00e9vio adequado (denunciada em 56% dos v\u00eddeos examinados)<\/li>\n<li>demoli\u00e7\u00e3o parcial das comunidades para pressionar fam\u00edlias que ainda resistem (denunciada em 50% dos v\u00eddeos examinados)<\/li>\n<li>viola\u00e7\u00e3o ao direito \u00e0 informa\u00e7\u00e3o (denunciada em 44% dos v\u00eddeos examinados)<\/li>\n<li>propostas inadequadas de indeniza\u00e7\u00e3o (denunciadas em 39% dos v\u00eddeos examinados)<\/li>\n<li>propostas inadequadas de reassentamento (denunciadas em 33% dos v\u00eddeos examinados)<\/li>\n<\/ul>\n<\/div>\n<\/div>\n<p>&nbsp;<\/p>\n","protected":false},"excerpt":{"rendered":"<p>Na prepara\u00e7\u00e3o do Rio de Janeiro para a Copa do Mundo e as Olimp\u00edadas, mais de 100 mil pessoas j\u00e1 foram removidas ou est\u00e3o amea\u00e7adas. Este v\u00eddeo utiliza imagens da internet feitas por moradores, ativistas, movimentos e jornalistas para denunciar as viola\u00e7\u00f5es de direitos humanos no Rio de Janeiro. A compila\u00e7\u00e3o faz parte de um [&hellip;]<\/p>\n","protected":false},"author":13,"featured_media":0,"comment_status":"open","ping_status":"closed","sticky":false,"template":"","format":"standard","meta":{"inline_featured_image":false,"footnotes":""},"categories":[1],"tags":[],"anos":[],"projetos":[],"autorias":[],"eixos_tematicos":[],"locais":[],"pessoas":[],"estado":[],"academia":[],"sociedade_civil":[],"class_list":["post-7155","post","type-post","status-publish","format-standard","hentry","category-noticias"],"_links":{"self":[{"href":"https:\/\/forumjustica.com.br\/en\/wp-json\/wp\/v2\/posts\/7155","targetHints":{"allow":["GET"]}}],"collection":[{"href":"https:\/\/forumjustica.com.br\/en\/wp-json\/wp\/v2\/posts"}],"about":[{"href":"https:\/\/forumjustica.com.br\/en\/wp-json\/wp\/v2\/types\/post"}],"author":[{"embeddable":true,"href":"https:\/\/forumjustica.com.br\/en\/wp-json\/wp\/v2\/users\/13"}],"replies":[{"embeddable":true,"href":"https:\/\/forumjustica.com.br\/en\/wp-json\/wp\/v2\/comments?post=7155"}],"version-history":[{"count":1,"href":"https:\/\/forumjustica.com.br\/en\/wp-json\/wp\/v2\/posts\/7155\/revisions"}],"predecessor-version":[{"id":17490,"href":"https:\/\/forumjustica.com.br\/en\/wp-json\/wp\/v2\/posts\/7155\/revisions\/17490"}],"wp:attachment":[{"href":"https:\/\/forumjustica.com.br\/en\/wp-json\/wp\/v2\/media?parent=7155"}],"wp:term":[{"taxonomy":"category","embeddable":true,"href":"https:\/\/forumjustica.com.br\/en\/wp-json\/wp\/v2\/categories?post=7155"},{"taxonomy":"post_tag","embeddable":true,"href":"https:\/\/forumjustica.com.br\/en\/wp-json\/wp\/v2\/tags?post=7155"},{"taxonomy":"anos","embeddable":true,"href":"https:\/\/forumjustica.com.br\/en\/wp-json\/wp\/v2\/anos?post=7155"},{"taxonomy":"projetos","embeddable":true,"href":"https:\/\/forumjustica.com.br\/en\/wp-json\/wp\/v2\/projetos?post=7155"},{"taxonomy":"autorias","embeddable":true,"href":"https:\/\/forumjustica.com.br\/en\/wp-json\/wp\/v2\/autorias?post=7155"},{"taxonomy":"eixos_tematicos","embeddable":true,"href":"https:\/\/forumjustica.com.br\/en\/wp-json\/wp\/v2\/eixos_tematicos?post=7155"},{"taxonomy":"locais","embeddable":true,"href":"https:\/\/forumjustica.com.br\/en\/wp-json\/wp\/v2\/locais?post=7155"},{"taxonomy":"pessoas","embeddable":true,"href":"https:\/\/forumjustica.com.br\/en\/wp-json\/wp\/v2\/pessoas?post=7155"},{"taxonomy":"estado","embeddable":true,"href":"https:\/\/forumjustica.com.br\/en\/wp-json\/wp\/v2\/estado?post=7155"},{"taxonomy":"academia","embeddable":true,"href":"https:\/\/forumjustica.com.br\/en\/wp-json\/wp\/v2\/academia?post=7155"},{"taxonomy":"sociedade_civil","embeddable":true,"href":"https:\/\/forumjustica.com.br\/en\/wp-json\/wp\/v2\/sociedade_civil?post=7155"}],"curies":[{"name":"wp","href":"https:\/\/api.w.org\/{rel}","templated":true}]}}