{"id":7202,"date":"2013-10-02T18:37:26","date_gmt":"2013-10-02T20:37:26","guid":{"rendered":"https:\/\/forumjustica.vlannetwork.com\/?p=7202"},"modified":"2022-09-04T21:15:54","modified_gmt":"2022-09-05T00:15:54","slug":"xi-forum-permanente-de-saude-no-sistema-penitenciario-do-rio-de-janeiro","status":"publish","type":"post","link":"https:\/\/forumjustica.com.br\/en\/xi-forum-permanente-de-saude-no-sistema-penitenciario-do-rio-de-janeiro\/","title":{"rendered":"XI F\u00f3rum Permanente de Sa\u00fade no Sistema Penitenci\u00e1rio do Rio de Janeiro"},"content":{"rendered":"<p>Prezad@s,<\/p>\n<p>A Secretaria Executiva do F\u00f3rum Permanente de Sa\u00fade no Sistema Penitenci\u00e1rio do Rio de Janeiro (FPSSP-RJ), tem o prazer de convid\u00e1-los a para participar do XI FPSSP-RJ a ser realizado no dia 04 de outubro de 2013 , de 14:00 hs. \u00e0s 19:00 hs., no Conselho Regional de Psicologia.<\/p>\n<p>O evento ter\u00e1 como tema \u201cO F\u00f3rum como um dispositivo de mobiliza\u00e7\u00e3o social: a escolha da nova Secretaria Executiva&#8221;<\/p>\n<p>A sua participa\u00e7\u00e3o e de sua institui\u00e7\u00e3o \u00e9 muito importante para fortalecer e dar continuidade \u00e0 luta pela garantia do direito \u00e0 sa\u00fade da popula\u00e7\u00e3o privada de liberdade como estabelecido em nossa Constitui\u00e7\u00e3o Federal e nas legisla\u00e7\u00f5es nacionais e internacionais sobre o tema.<\/p>\n<p>Atenciosamente,<br \/>\nSecretaria Executiva<\/p>\n<p>F\u00f3rum Permanente de Sa\u00fade no Sistema Penitenci\u00e1rio<\/p>\n","protected":false},"excerpt":{"rendered":"<p>Prezad@s, A Secretaria Executiva do F\u00f3rum Permanente de Sa\u00fade no Sistema Penitenci\u00e1rio do Rio de Janeiro (FPSSP-RJ), tem o prazer de convid\u00e1-los a para participar do XI FPSSP-RJ a ser realizado no dia 04 de outubro de 2013 , de 14:00 hs. \u00e0s 19:00 hs., no Conselho Regional de Psicologia. O evento ter\u00e1 como tema [&hellip;]<\/p>\n","protected":false},"author":13,"featured_media":0,"comment_status":"open","ping_status":"closed","sticky":false,"template":"","format":"standard","meta":{"inline_featured_image":false,"footnotes":""},"categories":[1],"tags":[],"anos":[],"projetos":[],"autorias":[],"eixos_tematicos":[],"locais":[],"pessoas":[],"estado":[],"academia":[],"sociedade_civil":[],"class_list":["post-7202","post","type-post","status-publish","format-standard","hentry","category-noticias"],"_links":{"self":[{"href":"https:\/\/forumjustica.com.br\/en\/wp-json\/wp\/v2\/posts\/7202","targetHints":{"allow":["GET"]}}],"collection":[{"href":"https:\/\/forumjustica.com.br\/en\/wp-json\/wp\/v2\/posts"}],"about":[{"href":"https:\/\/forumjustica.com.br\/en\/wp-json\/wp\/v2\/types\/post"}],"author":[{"embeddable":true,"href":"https:\/\/forumjustica.com.br\/en\/wp-json\/wp\/v2\/users\/13"}],"replies":[{"embeddable":true,"href":"https:\/\/forumjustica.com.br\/en\/wp-json\/wp\/v2\/comments?post=7202"}],"version-history":[{"count":1,"href":"https:\/\/forumjustica.com.br\/en\/wp-json\/wp\/v2\/posts\/7202\/revisions"}],"predecessor-version":[{"id":17492,"href":"https:\/\/forumjustica.com.br\/en\/wp-json\/wp\/v2\/posts\/7202\/revisions\/17492"}],"wp:attachment":[{"href":"https:\/\/forumjustica.com.br\/en\/wp-json\/wp\/v2\/media?parent=7202"}],"wp:term":[{"taxonomy":"category","embeddable":true,"href":"https:\/\/forumjustica.com.br\/en\/wp-json\/wp\/v2\/categories?post=7202"},{"taxonomy":"post_tag","embeddable":true,"href":"https:\/\/forumjustica.com.br\/en\/wp-json\/wp\/v2\/tags?post=7202"},{"taxonomy":"anos","embeddable":true,"href":"https:\/\/forumjustica.com.br\/en\/wp-json\/wp\/v2\/anos?post=7202"},{"taxonomy":"projetos","embeddable":true,"href":"https:\/\/forumjustica.com.br\/en\/wp-json\/wp\/v2\/projetos?post=7202"},{"taxonomy":"autorias","embeddable":true,"href":"https:\/\/forumjustica.com.br\/en\/wp-json\/wp\/v2\/autorias?post=7202"},{"taxonomy":"eixos_tematicos","embeddable":true,"href":"https:\/\/forumjustica.com.br\/en\/wp-json\/wp\/v2\/eixos_tematicos?post=7202"},{"taxonomy":"locais","embeddable":true,"href":"https:\/\/forumjustica.com.br\/en\/wp-json\/wp\/v2\/locais?post=7202"},{"taxonomy":"pessoas","embeddable":true,"href":"https:\/\/forumjustica.com.br\/en\/wp-json\/wp\/v2\/pessoas?post=7202"},{"taxonomy":"estado","embeddable":true,"href":"https:\/\/forumjustica.com.br\/en\/wp-json\/wp\/v2\/estado?post=7202"},{"taxonomy":"academia","embeddable":true,"href":"https:\/\/forumjustica.com.br\/en\/wp-json\/wp\/v2\/academia?post=7202"},{"taxonomy":"sociedade_civil","embeddable":true,"href":"https:\/\/forumjustica.com.br\/en\/wp-json\/wp\/v2\/sociedade_civil?post=7202"}],"curies":[{"name":"wp","href":"https:\/\/api.w.org\/{rel}","templated":true}]}}