{"id":7247,"date":"2013-10-11T09:00:39","date_gmt":"2013-10-11T11:00:39","guid":{"rendered":"https:\/\/forumjustica.vlannetwork.com\/?p=7247"},"modified":"2022-09-04T21:15:53","modified_gmt":"2022-09-05T00:15:53","slug":"anadep-presente-na-ultima-reuniao-da-comissao-nacional-da-defensoria-publica","status":"publish","type":"post","link":"https:\/\/forumjustica.com.br\/en\/anadep-presente-na-ultima-reuniao-da-comissao-nacional-da-defensoria-publica\/","title":{"rendered":"ANADEP presente na \u00faltima reuni\u00e3o da Comiss\u00e3o Nacional da Defensoria P\u00fablica"},"content":{"rendered":"<p>Fonte: Ascom ANADEP<\/p>\n<p><a href=\"https:\/\/forumjustica.com.br\/wp-content\/uploads\/2013\/10\/DSC_1022_-_Copy.jpg\"><img loading=\"lazy\" decoding=\"async\" src=\"https:\/\/forumjustica.com.br\/wp-content\/uploads\/2013\/10\/DSC_1022_-_Copy-300x179-1.jpg\" alt=\"\" title=\"DSC_1022_-_Copy\" width=\"300\" height=\"179\" class=\"alignleft size-medium wp-image-7248\" \/><\/a><\/p>\n<p>Ao lado do vice-presidente da ANADEP, St\u00e9fano Pedroso, a presidente da entidade, Patr\u00edcia Kettermann, participou, na manh\u00e3 desta quarta-feira (2) da \u00faltima reuni\u00e3o da Comiss\u00e3o Nacional da Defensoria P\u00fablica, realizada na Secretaria de Reforma do Judici\u00e1rio (SRJ) do Minist\u00e9rio da Justi\u00e7a. O encontro, presidido pelo secret\u00e1rio Fl\u00e1vio Caetano, contou tamb\u00e9m com a presen\u00e7a de representantes das administra\u00e7\u00f5es de defensorias p\u00fablicas e associa\u00e7\u00f5es de diversos estados, entre eles o presidente do CONDEGE, Nilton Leonel Arnecke Maria, do presidente da ANADEF, Gabriel Oliveira, do defensor geral da Uni\u00e3o, Haman Tabosa de Moraes e C\u00f3rdova, a defensora p\u00fablica-geral de S\u00e3o Paulo, Daniela Cembranelli, e a presidente da Associa\u00e7\u00e3o dos Defensores P\u00fablicos do Par\u00e1, Marialva Santos.<\/p>\n<p>Durante a reuni\u00e3o, na qual foram detalhadas opera\u00e7\u00f5es financeiras envolvendo os dep\u00f3sitos judiciais, previstos no PLC 24\/2012, e que tratou ainda sobre a cria\u00e7\u00e3o do Fundo  para o Aparelhamento das Defensorias P\u00fablicas dos Estados e do Distrito Federal (FUNADEPE), foram definidas as diretrizes para o texto final do projeto que prev\u00ea a cria\u00e7\u00e3o do Conselho Nacional da Defensoria P\u00fablica (CNDP). Todas as delibera\u00e7\u00f5es foram resultado de consenso entre os presentes. \u201cA ANADEP saiu muito satisfeita desta reuni\u00e3o, tendo em vista que pautas fundamentais para a categoria, como por exemplo a presen\u00e7a de ouvidores externos no CNDP, foram compreendidas e acolhidas pelos demais presentes\u201d, avaliou Patr\u00edcia.<\/p>\n<p>O encontro abordou ainda a inser\u00e7\u00e3o da Defensoria P\u00fablica na Lei de Responsabilidade Fiscal (LRF), assunto que integra a pauta da Comiss\u00e3o desde sua instala\u00e7\u00e3o, em mar\u00e7o deste ano.<br \/>\n<a href=\"http:\/\/www.anadep.org.br\/wtk\/pagina\/materia?id=18256\"><br \/>\nhttp:\/\/www.anadep.org.br\/wtk\/pagina\/materia?id=18256<\/a><\/p>","protected":false},"excerpt":{"rendered":"<p>Fonte: Ascom ANADEP Ao lado do vice-presidente da ANADEP, St\u00e9fano Pedroso, a presidente da entidade, Patr\u00edcia Kettermann, participou, na manh\u00e3 desta quarta-feira (2) da \u00faltima reuni\u00e3o da Comiss\u00e3o Nacional da Defensoria P\u00fablica, realizada na Secretaria de Reforma do Judici\u00e1rio (SRJ) do Minist\u00e9rio da Justi\u00e7a. O encontro, presidido pelo secret\u00e1rio Fl\u00e1vio Caetano, contou tamb\u00e9m com a [&hellip;]<\/p>\n","protected":false},"author":13,"featured_media":0,"comment_status":"open","ping_status":"closed","sticky":false,"template":"","format":"standard","meta":{"inline_featured_image":false,"footnotes":""},"categories":[1],"tags":[],"anos":[],"projetos":[],"autorias":[],"eixos_tematicos":[],"locais":[],"pessoas":[],"estado":[],"academia":[],"sociedade_civil":[],"class_list":["post-7247","post","type-post","status-publish","format-standard","hentry","category-noticias"],"_links":{"self":[{"href":"https:\/\/forumjustica.com.br\/en\/wp-json\/wp\/v2\/posts\/7247","targetHints":{"allow":["GET"]}}],"collection":[{"href":"https:\/\/forumjustica.com.br\/en\/wp-json\/wp\/v2\/posts"}],"about":[{"href":"https:\/\/forumjustica.com.br\/en\/wp-json\/wp\/v2\/types\/post"}],"author":[{"embeddable":true,"href":"https:\/\/forumjustica.com.br\/en\/wp-json\/wp\/v2\/users\/13"}],"replies":[{"embeddable":true,"href":"https:\/\/forumjustica.com.br\/en\/wp-json\/wp\/v2\/comments?post=7247"}],"version-history":[{"count":1,"href":"https:\/\/forumjustica.com.br\/en\/wp-json\/wp\/v2\/posts\/7247\/revisions"}],"predecessor-version":[{"id":17480,"href":"https:\/\/forumjustica.com.br\/en\/wp-json\/wp\/v2\/posts\/7247\/revisions\/17480"}],"wp:attachment":[{"href":"https:\/\/forumjustica.com.br\/en\/wp-json\/wp\/v2\/media?parent=7247"}],"wp:term":[{"taxonomy":"category","embeddable":true,"href":"https:\/\/forumjustica.com.br\/en\/wp-json\/wp\/v2\/categories?post=7247"},{"taxonomy":"post_tag","embeddable":true,"href":"https:\/\/forumjustica.com.br\/en\/wp-json\/wp\/v2\/tags?post=7247"},{"taxonomy":"anos","embeddable":true,"href":"https:\/\/forumjustica.com.br\/en\/wp-json\/wp\/v2\/anos?post=7247"},{"taxonomy":"projetos","embeddable":true,"href":"https:\/\/forumjustica.com.br\/en\/wp-json\/wp\/v2\/projetos?post=7247"},{"taxonomy":"autorias","embeddable":true,"href":"https:\/\/forumjustica.com.br\/en\/wp-json\/wp\/v2\/autorias?post=7247"},{"taxonomy":"eixos_tematicos","embeddable":true,"href":"https:\/\/forumjustica.com.br\/en\/wp-json\/wp\/v2\/eixos_tematicos?post=7247"},{"taxonomy":"locais","embeddable":true,"href":"https:\/\/forumjustica.com.br\/en\/wp-json\/wp\/v2\/locais?post=7247"},{"taxonomy":"pessoas","embeddable":true,"href":"https:\/\/forumjustica.com.br\/en\/wp-json\/wp\/v2\/pessoas?post=7247"},{"taxonomy":"estado","embeddable":true,"href":"https:\/\/forumjustica.com.br\/en\/wp-json\/wp\/v2\/estado?post=7247"},{"taxonomy":"academia","embeddable":true,"href":"https:\/\/forumjustica.com.br\/en\/wp-json\/wp\/v2\/academia?post=7247"},{"taxonomy":"sociedade_civil","embeddable":true,"href":"https:\/\/forumjustica.com.br\/en\/wp-json\/wp\/v2\/sociedade_civil?post=7247"}],"curies":[{"name":"wp","href":"https:\/\/api.w.org\/{rel}","templated":true}]}}