{"id":7254,"date":"2013-10-14T09:00:16","date_gmt":"2013-10-14T11:00:16","guid":{"rendered":"https:\/\/forumjustica.vlannetwork.com\/?p=7254"},"modified":"2022-09-04T21:15:53","modified_gmt":"2022-09-05T00:15:53","slug":"encontro-estadual-da-renap-rede-nacional-de-advogados-e-advogadas-populares-do-rio-de-janeiro","status":"publish","type":"post","link":"https:\/\/forumjustica.com.br\/en\/encontro-estadual-da-renap-rede-nacional-de-advogados-e-advogadas-populares-do-rio-de-janeiro\/","title":{"rendered":"Encontro Estadual da RENAP \u2013 Rede Nacional de Advogados e Advogadas Populares do Rio de Janeiro"},"content":{"rendered":"<p><a href=\"https:\/\/forumjustica.com.br\/wp-content\/uploads\/2013\/10\/logo-renap.jpg\"><img loading=\"lazy\" decoding=\"async\" src=\"https:\/\/forumjustica.com.br\/wp-content\/uploads\/2013\/10\/logo-renap.jpg\" alt=\"\" title=\"logo renap\" width=\"176\" height=\"80\" class=\"aligncenter size-full wp-image-7255\" \/><\/a><\/p>\n<p>A Renap \u00e9 uma articula\u00e7\u00e3o de profissionais da \u00e1rea do direito, principalmente advogados\/as, estudantes de Direito e Movimentos Sociais, voltada a constru\u00e7\u00e3o de estrat\u00e9gias jur\u00eddicas a partir das pautas apresentadas pelas lutas e movimentos sociais organizados.<\/p>\n<p>Criada em 1995 num contexto de recrudescimento da criminaliza\u00e7\u00e3o dos movimentos sociais, surge da necessidade de assessoria jur\u00eddica de movimentos como o MST \u2013 Movimento dos Sem Terra e a CPT \u2013 Comiss\u00e3o Pastoral da Terra, ampliando as pautas de assessoria ao longo desses anos para fortalecimento de diversas reivindica\u00e7\u00f5es, como a luta pela reforma urbana, defesa dos territ\u00f3rios quilombolas, contra a criminaliza\u00e7\u00e3o da pobreza, em defesa dos impactados pelos megaprojetos, assist\u00eancia as v\u00edtimas de chuvas na regi\u00e3o serrana, etc.<\/p>\n<p>No Rio de Janeiro a Renap se organiza desde sua funda\u00e7\u00e3o com Encontros Anuais e fortalecimento do trabalho em rede e em 2013 nosso desafio \u00e9 discutir as estrat\u00e9gias do capital no Estado do Rio de Janeiro e os<br \/>\ndesafios da Assessoria Jur\u00eddica Popular.<\/p>\n<p>Assim acontecer\u00e1 o Encontro Estadual da RENAP <strong>em Petr\u00f3polis \u2013 RJ,<\/strong> <strong>no dia 19\/10\/2013, entre 09:00hs e 18:00hs, no Col\u00e9gio Santa Catarina, localizado na Rua Montecaseros, 278, Centro.<\/strong><\/p>\n<p>Solicitamos a confirma\u00e7\u00e3o da participa\u00e7\u00e3o no emailcrdhpet@@gmail.com.<\/p>","protected":false},"excerpt":{"rendered":"<p>A Renap \u00e9 uma articula\u00e7\u00e3o de profissionais da \u00e1rea do direito, principalmente advogados\/as, estudantes de Direito e Movimentos Sociais, voltada a constru\u00e7\u00e3o de estrat\u00e9gias jur\u00eddicas a partir das pautas apresentadas pelas lutas e movimentos sociais organizados. Criada em 1995 num contexto de recrudescimento da criminaliza\u00e7\u00e3o dos movimentos sociais, surge da necessidade de assessoria jur\u00eddica de [&hellip;]<\/p>\n","protected":false},"author":13,"featured_media":0,"comment_status":"open","ping_status":"closed","sticky":false,"template":"","format":"standard","meta":{"inline_featured_image":false,"footnotes":""},"categories":[1],"tags":[],"anos":[],"projetos":[],"autorias":[],"eixos_tematicos":[],"locais":[],"pessoas":[],"estado":[],"academia":[],"sociedade_civil":[],"class_list":["post-7254","post","type-post","status-publish","format-standard","hentry","category-noticias"],"_links":{"self":[{"href":"https:\/\/forumjustica.com.br\/en\/wp-json\/wp\/v2\/posts\/7254","targetHints":{"allow":["GET"]}}],"collection":[{"href":"https:\/\/forumjustica.com.br\/en\/wp-json\/wp\/v2\/posts"}],"about":[{"href":"https:\/\/forumjustica.com.br\/en\/wp-json\/wp\/v2\/types\/post"}],"author":[{"embeddable":true,"href":"https:\/\/forumjustica.com.br\/en\/wp-json\/wp\/v2\/users\/13"}],"replies":[{"embeddable":true,"href":"https:\/\/forumjustica.com.br\/en\/wp-json\/wp\/v2\/comments?post=7254"}],"version-history":[{"count":1,"href":"https:\/\/forumjustica.com.br\/en\/wp-json\/wp\/v2\/posts\/7254\/revisions"}],"predecessor-version":[{"id":17478,"href":"https:\/\/forumjustica.com.br\/en\/wp-json\/wp\/v2\/posts\/7254\/revisions\/17478"}],"wp:attachment":[{"href":"https:\/\/forumjustica.com.br\/en\/wp-json\/wp\/v2\/media?parent=7254"}],"wp:term":[{"taxonomy":"category","embeddable":true,"href":"https:\/\/forumjustica.com.br\/en\/wp-json\/wp\/v2\/categories?post=7254"},{"taxonomy":"post_tag","embeddable":true,"href":"https:\/\/forumjustica.com.br\/en\/wp-json\/wp\/v2\/tags?post=7254"},{"taxonomy":"anos","embeddable":true,"href":"https:\/\/forumjustica.com.br\/en\/wp-json\/wp\/v2\/anos?post=7254"},{"taxonomy":"projetos","embeddable":true,"href":"https:\/\/forumjustica.com.br\/en\/wp-json\/wp\/v2\/projetos?post=7254"},{"taxonomy":"autorias","embeddable":true,"href":"https:\/\/forumjustica.com.br\/en\/wp-json\/wp\/v2\/autorias?post=7254"},{"taxonomy":"eixos_tematicos","embeddable":true,"href":"https:\/\/forumjustica.com.br\/en\/wp-json\/wp\/v2\/eixos_tematicos?post=7254"},{"taxonomy":"locais","embeddable":true,"href":"https:\/\/forumjustica.com.br\/en\/wp-json\/wp\/v2\/locais?post=7254"},{"taxonomy":"pessoas","embeddable":true,"href":"https:\/\/forumjustica.com.br\/en\/wp-json\/wp\/v2\/pessoas?post=7254"},{"taxonomy":"estado","embeddable":true,"href":"https:\/\/forumjustica.com.br\/en\/wp-json\/wp\/v2\/estado?post=7254"},{"taxonomy":"academia","embeddable":true,"href":"https:\/\/forumjustica.com.br\/en\/wp-json\/wp\/v2\/academia?post=7254"},{"taxonomy":"sociedade_civil","embeddable":true,"href":"https:\/\/forumjustica.com.br\/en\/wp-json\/wp\/v2\/sociedade_civil?post=7254"}],"curies":[{"name":"wp","href":"https:\/\/api.w.org\/{rel}","templated":true}]}}