{"id":7296,"date":"2013-10-22T23:00:08","date_gmt":"2013-10-23T01:00:08","guid":{"rendered":"https:\/\/forumjustica.vlannetwork.com\/?p=7296"},"modified":"2022-09-04T21:15:53","modified_gmt":"2022-09-05T00:15:53","slug":"i-alerta-quilombola-coloquio-de-discussoes-acerca-do-futuro-das-comunidades-quilombolas","status":"publish","type":"post","link":"https:\/\/forumjustica.com.br\/en\/i-alerta-quilombola-coloquio-de-discussoes-acerca-do-futuro-das-comunidades-quilombolas\/","title":{"rendered":"I Alerta Quilombola: col\u00f3quio acerca do futuro das comunidades quilombolas"},"content":{"rendered":"<p><a href=\"https:\/\/forumjustica.com.br\/wp-content\/uploads\/2013\/10\/cartaz-quilombolas-final_24out.jpg\"><img loading=\"lazy\" decoding=\"async\" src=\"https:\/\/forumjustica.com.br\/wp-content\/uploads\/2013\/10\/cartaz-quilombolas-final_24out.jpg\" alt=\"\" title=\"cartaz quilombolas final_24out\" width=\"960\" height=\"720\" class=\"aligncenter size-full wp-image-7323\" \/><\/a><br \/>\nOS REPRESENTANTES DAS COMUNIDADES QUILOMBOLAS DO RIO DE JANEIRO, em parceria com o FORUM JUSTI\u00c7A, convidam:<\/p>\n<p>I Alerta Quilombola: col\u00f3quio acerca do futuro das comunidades quilombolas<\/p>\n<p>Sexta \u2013feira, 25 de outubro de 2013, de 8h \u00e0s 18h<\/p>\n<p>Local: Quilombo Sacop\u00e3 (Rua Sacop\u00e3, no. 250,  Lagoa, Rio de Janeiro)<\/p>\n<p>PROGRAMA\u00c7\u00c3O<\/p>\n<p>8:00h Caf\u00e9, chegada e credenciamento<\/p>\n<p>9:00h Museu Virtual: exposi\u00e7\u00e3o de imagens do Projeto Museu Afrodigital coordenado pelo Instituto de Ci\u00eancias Humanas da UERJ \u2013 apresenta\u00e7\u00e3o da professora Marcia Leit\u00e3o (UENF) e Guilherme Vargues<\/p>\n<p>10h ABERTURA<\/p>\n<p>Apresenta\u00e7\u00e3o pela AQUILERJ (Luiz Sacop\u00e3) das comunidades quilombolas no Estado do Rio de Janeiro e das especificidades de cada regi\u00e3o.<\/p>\n<p>Apresenta\u00e7\u00e3o do Forum Justi\u00e7a (defensora p\u00fablica Dra. Rosane Reis) e demais entidades participantes: Lamiel Barreto (CONAQ), Dami\u00e3o Braga dos Santos  (Frente Nacional em Defesa dos Direitos Quilombolas); Professor Ivanir dos Santos (CEAP E CCIR), Marcelo Dias (SUPIR \u2013 Superintend\u00eancia da Promo\u00e7\u00e3o da Igualdade Racial)<\/p>\n<p>11h &#8211; PERSPECTIVAS ACAD\u00caMICAS Valoriza\u00e7\u00e3o e necessidade de reconhecimento da identidade quilombola, destacando o seu papel cultural na sociedade brasileira. Cria\u00e7\u00e3o de redes de comunica\u00e7\u00e3o das comunidades quilombolas.Professor Javier Lifschitz (UNIRIO); Professor Andr\u00e9 Vieira (UFRRJ); Professora Elaine Monteiro (UFF), Professor Ronaldo Lob\u00e3o (UFF) Mediadora: defensora p\u00fablica Carolina Anast\u00e1cio<\/p>\n<p>13:00h Almo\u00e7o<\/p>\n<p>14h Comunidades Quilombolas Trajet\u00f3ria das Comunidades- sua hist\u00f3ria, conquistas e dificuldades. Representantes das comunidades quilombolas Amaro Santos Cruz, Nilton Carlos Alves, Celso da Cruz Fonseca, Luiz Sacop\u00e3.  Mediadora: Daniela Yabeta<\/p>\n<p>Caf\u00e9<\/p>\n<p>16h PERSPECTIVAS JUR\u00cdDICAS \u2013 Caminhos para a efetividade dos direitos quilombolas. Dra. Fernanda Vieira (Mariana Criola) e Dr. Diogo Trist\u00e3o (INCRA). Mediadora: defensora publica Dra. Glauce Franco<\/p>\n<p>Realiza\u00e7\u00e3o:AQUILERJ, F\u00f3rum Justi\u00e7a<br \/>\nApoio:UENF, UFF, UERJ, UNIRIO<br \/>\nPatroc\u00ednios:SINDIPETRO, INCRA, FORUM JUSTI\u00c7A<\/p>","protected":false},"excerpt":{"rendered":"<p>OS REPRESENTANTES DAS COMUNIDADES QUILOMBOLAS DO RIO DE JANEIRO, em parceria com o FORUM JUSTI\u00c7A, convidam: I Alerta Quilombola: col\u00f3quio acerca do futuro das comunidades quilombolas Sexta \u2013feira, 25 de outubro de 2013, de 8h \u00e0s 18h Local: Quilombo Sacop\u00e3 (Rua Sacop\u00e3, no. 250, Lagoa, Rio de Janeiro) PROGRAMA\u00c7\u00c3O 8:00h Caf\u00e9, chegada e credenciamento 9:00h [&hellip;]<\/p>\n","protected":false},"author":13,"featured_media":0,"comment_status":"open","ping_status":"closed","sticky":false,"template":"","format":"standard","meta":{"inline_featured_image":false,"footnotes":""},"categories":[1],"tags":[],"anos":[],"projetos":[],"autorias":[],"eixos_tematicos":[],"locais":[],"pessoas":[],"estado":[],"academia":[],"sociedade_civil":[],"class_list":["post-7296","post","type-post","status-publish","format-standard","hentry","category-noticias"],"_links":{"self":[{"href":"https:\/\/forumjustica.com.br\/en\/wp-json\/wp\/v2\/posts\/7296","targetHints":{"allow":["GET"]}}],"collection":[{"href":"https:\/\/forumjustica.com.br\/en\/wp-json\/wp\/v2\/posts"}],"about":[{"href":"https:\/\/forumjustica.com.br\/en\/wp-json\/wp\/v2\/types\/post"}],"author":[{"embeddable":true,"href":"https:\/\/forumjustica.com.br\/en\/wp-json\/wp\/v2\/users\/13"}],"replies":[{"embeddable":true,"href":"https:\/\/forumjustica.com.br\/en\/wp-json\/wp\/v2\/comments?post=7296"}],"version-history":[{"count":1,"href":"https:\/\/forumjustica.com.br\/en\/wp-json\/wp\/v2\/posts\/7296\/revisions"}],"predecessor-version":[{"id":17473,"href":"https:\/\/forumjustica.com.br\/en\/wp-json\/wp\/v2\/posts\/7296\/revisions\/17473"}],"wp:attachment":[{"href":"https:\/\/forumjustica.com.br\/en\/wp-json\/wp\/v2\/media?parent=7296"}],"wp:term":[{"taxonomy":"category","embeddable":true,"href":"https:\/\/forumjustica.com.br\/en\/wp-json\/wp\/v2\/categories?post=7296"},{"taxonomy":"post_tag","embeddable":true,"href":"https:\/\/forumjustica.com.br\/en\/wp-json\/wp\/v2\/tags?post=7296"},{"taxonomy":"anos","embeddable":true,"href":"https:\/\/forumjustica.com.br\/en\/wp-json\/wp\/v2\/anos?post=7296"},{"taxonomy":"projetos","embeddable":true,"href":"https:\/\/forumjustica.com.br\/en\/wp-json\/wp\/v2\/projetos?post=7296"},{"taxonomy":"autorias","embeddable":true,"href":"https:\/\/forumjustica.com.br\/en\/wp-json\/wp\/v2\/autorias?post=7296"},{"taxonomy":"eixos_tematicos","embeddable":true,"href":"https:\/\/forumjustica.com.br\/en\/wp-json\/wp\/v2\/eixos_tematicos?post=7296"},{"taxonomy":"locais","embeddable":true,"href":"https:\/\/forumjustica.com.br\/en\/wp-json\/wp\/v2\/locais?post=7296"},{"taxonomy":"pessoas","embeddable":true,"href":"https:\/\/forumjustica.com.br\/en\/wp-json\/wp\/v2\/pessoas?post=7296"},{"taxonomy":"estado","embeddable":true,"href":"https:\/\/forumjustica.com.br\/en\/wp-json\/wp\/v2\/estado?post=7296"},{"taxonomy":"academia","embeddable":true,"href":"https:\/\/forumjustica.com.br\/en\/wp-json\/wp\/v2\/academia?post=7296"},{"taxonomy":"sociedade_civil","embeddable":true,"href":"https:\/\/forumjustica.com.br\/en\/wp-json\/wp\/v2\/sociedade_civil?post=7296"}],"curies":[{"name":"wp","href":"https:\/\/api.w.org\/{rel}","templated":true}]}}