{"id":7308,"date":"2013-10-23T14:47:19","date_gmt":"2013-10-23T16:47:19","guid":{"rendered":"https:\/\/forumjustica.vlannetwork.com\/?p=7308"},"modified":"2022-09-04T21:15:53","modified_gmt":"2022-09-05T00:15:53","slug":"raposa-serra-do-sol-julgamento-decisivo-para-terras-indigenas-acontece-na-proxima-quarta-2310-no-stf","status":"publish","type":"post","link":"https:\/\/forumjustica.com.br\/en\/raposa-serra-do-sol-julgamento-decisivo-para-terras-indigenas-acontece-na-proxima-quarta-2310-no-stf\/","title":{"rendered":"Raposa Serra do Sol: Julgamento decisivo para Terras Ind\u00edgenas acontece na pr\u00f3xima quarta (23\/10), no STF"},"content":{"rendered":"<div><a title=\"JusDh\" rel=\"home\" href=\"http:\/\/www.jusdh.org.br\/\"><img decoding=\"async\" src=\"http:\/\/jusdh.campanhacompleta.com.br\/files\/2013\/03\/logo.png\" alt=\"Logo JusDh\" \/><\/a><\/div>\n<div id=\"primary\">\n<div id=\"content\">\n<div>\n<p>&nbsp;<\/p>\n<p>O presidente do Supremo Tribunal Federal (STF), Joaquim Barbosa, determinou, na \u00faltima quinta-feira (17\/10), que seja realizado na pr\u00f3xima quarta (23\/10) o julgamento dos embargos de declara\u00e7\u00e3o apresentados \u00e0 decis\u00e3o da corte de 2009, que reconheceu a constitucionalidade da demarca\u00e7\u00e3o em \u00e1rea cont\u00ednua da Terra Ind\u00edgena Raposa Serra do Sol (RR), estabelecendo 19 \u201ccondicionantes\u201d a ela.<\/p>\n<p>Barbosa atende, assim, com grande sentido de urg\u00eancia, \u00e0\u00a0<a href=\"http:\/\/www.socioambiental.org\/pt-br\/noticias-socioambientais\/mobilizacao-nacional-indigena-encaminha-reivindicacoes-ao-governo-stf-e-congresso\">solicita\u00e7\u00e3o protocolada pelos \u00edndios<\/a> no dia 4\/10, durante as manifesta\u00e7\u00f5es da Mobiliza\u00e7\u00e3o Nacional Ind\u00edgena, para a aprecia\u00e7\u00e3o desses recursos, que pretendem dirimir d\u00favidas sobre as condicionantes. No s\u00e1bado 12\/10, o ministro Lu\u00eds Roberto Barroso apresentara seu voto, como relator, sobre o caso (<a href=\"http:\/\/www.socioambiental.org\/pt-br\/blog\/blog-do-ppds\/barroso-envia-voto-a-barbosa-e-stf-deve-decidir-logo-sobre-a-demarcacao-de-terras-indigenas\">veja aqui<\/a>).<\/p>\n<p>O novo julgamento tem grande import\u00e2ncia, n\u00e3o apenas pela relev\u00e2ncia espec\u00edfica do caso em quest\u00e3o, mas tamb\u00e9m pelas implica\u00e7\u00f5es que poder\u00e1 ter para o processo de demarca\u00e7\u00e3o das terras ind\u00edgenas em geral. O alcance jur\u00eddico daquelas condicionantes dever\u00e1 ser decidido, assim como sua formula\u00e7\u00e3o poder\u00e1 ser revista. Al\u00e9m de novo relator, que substituiu o ex-ministro Ayres Brito no STF nesta fun\u00e7\u00e3o, outros dois ministros chegaram \u00e0 corte ap\u00f3s o julgamento de 2009.<\/p>\n<p>A discuss\u00e3o do assunto no STF ocorrer\u00e1 numa conjuntura de fortes amea\u00e7as aos direitos constitucionais dos \u00edndios, havendo v\u00e1rias proposi\u00e7\u00f5es legislativas em tramita\u00e7\u00e3o no Congresso, por iniciativa da bancada ruralista e de outros segmentos adversos aos direitos ind\u00edgenas. Tamb\u00e9m h\u00e1 paralisia deliberada das demarca\u00e7\u00f5es de terras e de outras pol\u00edticas de interesse dos \u00edndios no \u00e2mbito do governo federal.<\/p>\n<p>O ministro da Justi\u00e7a alega esperar pela decis\u00e3o do STF para dar curso a dezenas de processos de demarca\u00e7\u00e3o que est\u00e3o engavetados. O destino da Portaria 303 da Advocacia-geral da Uni\u00e3o, que restringe v\u00e1rios direitos dos \u00edndios sobre suas terras e foi suspensa diante de fortes protestos, tamb\u00e9m depende da decis\u00e3o do caso.<\/p>\n<p>Nesse quadro de retrocesso no tratamento dos direitos ind\u00edgenas tanto por parte do Legislativo quanto do Executivo, espera-se que o STF resgate a responsabilidade de tutela dos direitos ind\u00edgenas, atribu\u00eddo \u00e0 Uni\u00e3o pela Constitui\u00e7\u00e3o, quando o pa\u00eds comemora os 25 anos da sua promulga\u00e7\u00e3o.<\/p>\n<p>Fonte: ISA \u2013 Instituto Socioambiental<\/p>\n<\/div>\n<\/div>\n<\/div>\n<p><a href=\"http:\/\/www.jusdh.org.br\/2013\/10\/21\/raposa-serra-do-sol-julgamento-decisivo-para-terras-indigenas-acontece-na-proxima-quarta-2310-no-stf\/\">http:\/\/www.jusdh.org.br\/2013\/10\/21\/raposa-serra-do-sol-julgamento-decisivo-para-terras-indigenas-acontece-na-proxima-quarta-2310-no-stf\/<\/a><\/p>\n","protected":false},"excerpt":{"rendered":"<p>&nbsp; O presidente do Supremo Tribunal Federal (STF), Joaquim Barbosa, determinou, na \u00faltima quinta-feira (17\/10), que seja realizado na pr\u00f3xima quarta (23\/10) o julgamento dos embargos de declara\u00e7\u00e3o apresentados \u00e0 decis\u00e3o da corte de 2009, que reconheceu a constitucionalidade da demarca\u00e7\u00e3o em \u00e1rea cont\u00ednua da Terra Ind\u00edgena Raposa Serra do Sol (RR), estabelecendo 19 \u201ccondicionantes\u201d [&hellip;]<\/p>\n","protected":false},"author":13,"featured_media":0,"comment_status":"open","ping_status":"closed","sticky":false,"template":"","format":"standard","meta":{"inline_featured_image":false,"footnotes":""},"categories":[1],"tags":[],"anos":[],"projetos":[],"autorias":[],"eixos_tematicos":[],"locais":[],"pessoas":[],"estado":[],"academia":[],"sociedade_civil":[],"class_list":["post-7308","post","type-post","status-publish","format-standard","hentry","category-noticias"],"_links":{"self":[{"href":"https:\/\/forumjustica.com.br\/en\/wp-json\/wp\/v2\/posts\/7308","targetHints":{"allow":["GET"]}}],"collection":[{"href":"https:\/\/forumjustica.com.br\/en\/wp-json\/wp\/v2\/posts"}],"about":[{"href":"https:\/\/forumjustica.com.br\/en\/wp-json\/wp\/v2\/types\/post"}],"author":[{"embeddable":true,"href":"https:\/\/forumjustica.com.br\/en\/wp-json\/wp\/v2\/users\/13"}],"replies":[{"embeddable":true,"href":"https:\/\/forumjustica.com.br\/en\/wp-json\/wp\/v2\/comments?post=7308"}],"version-history":[{"count":1,"href":"https:\/\/forumjustica.com.br\/en\/wp-json\/wp\/v2\/posts\/7308\/revisions"}],"predecessor-version":[{"id":17472,"href":"https:\/\/forumjustica.com.br\/en\/wp-json\/wp\/v2\/posts\/7308\/revisions\/17472"}],"wp:attachment":[{"href":"https:\/\/forumjustica.com.br\/en\/wp-json\/wp\/v2\/media?parent=7308"}],"wp:term":[{"taxonomy":"category","embeddable":true,"href":"https:\/\/forumjustica.com.br\/en\/wp-json\/wp\/v2\/categories?post=7308"},{"taxonomy":"post_tag","embeddable":true,"href":"https:\/\/forumjustica.com.br\/en\/wp-json\/wp\/v2\/tags?post=7308"},{"taxonomy":"anos","embeddable":true,"href":"https:\/\/forumjustica.com.br\/en\/wp-json\/wp\/v2\/anos?post=7308"},{"taxonomy":"projetos","embeddable":true,"href":"https:\/\/forumjustica.com.br\/en\/wp-json\/wp\/v2\/projetos?post=7308"},{"taxonomy":"autorias","embeddable":true,"href":"https:\/\/forumjustica.com.br\/en\/wp-json\/wp\/v2\/autorias?post=7308"},{"taxonomy":"eixos_tematicos","embeddable":true,"href":"https:\/\/forumjustica.com.br\/en\/wp-json\/wp\/v2\/eixos_tematicos?post=7308"},{"taxonomy":"locais","embeddable":true,"href":"https:\/\/forumjustica.com.br\/en\/wp-json\/wp\/v2\/locais?post=7308"},{"taxonomy":"pessoas","embeddable":true,"href":"https:\/\/forumjustica.com.br\/en\/wp-json\/wp\/v2\/pessoas?post=7308"},{"taxonomy":"estado","embeddable":true,"href":"https:\/\/forumjustica.com.br\/en\/wp-json\/wp\/v2\/estado?post=7308"},{"taxonomy":"academia","embeddable":true,"href":"https:\/\/forumjustica.com.br\/en\/wp-json\/wp\/v2\/academia?post=7308"},{"taxonomy":"sociedade_civil","embeddable":true,"href":"https:\/\/forumjustica.com.br\/en\/wp-json\/wp\/v2\/sociedade_civil?post=7308"}],"curies":[{"name":"wp","href":"https:\/\/api.w.org\/{rel}","templated":true}]}}