{"id":7316,"date":"2013-10-23T16:33:13","date_gmt":"2013-10-23T18:33:13","guid":{"rendered":"https:\/\/forumjustica.vlannetwork.com\/?p=7316"},"modified":"2022-09-04T21:15:53","modified_gmt":"2022-09-05T00:15:53","slug":"ccj-da-camara-aprova-pec-que-muda-forma-de-eleicao-para-presidentes-dos-tjs","status":"publish","type":"post","link":"https:\/\/forumjustica.com.br\/en\/ccj-da-camara-aprova-pec-que-muda-forma-de-eleicao-para-presidentes-dos-tjs\/","title":{"rendered":"CCJ da C\u00e2mara aprova PEC que muda forma de elei\u00e7\u00e3o para presidentes dos TJs"},"content":{"rendered":"<div id=\"fb-root\">\n<div><\/div>\n<\/div>\n<div id=\"texto\">\n<p><span><br \/>\n<img decoding=\"async\" src=\"http:\/\/www.globalframe.com.br\/gf_base\/empresas\/MIGA\/imagens\/29FB8C8BED686AEB478C6550D65776C9CB7E_201106289424_20110628_002RS_DA.jpg\" border=\"0\" alt=\"\" align=\"right\" \/>Nesta ter\u00e7a-feira, 15, a CCJ da C\u00e2mara aprovou o parecer do deputado Lourival Mendes pela admissibilidade da\u00a0<a href=\"http:\/\/www.migalhas.com.br\/arquivo_artigo\/art20131019-02.pdf\" target=\"_blank\" rel=\"noopener\">PEC 187\/12<\/a>, que disp\u00f5e sobre a elei\u00e7\u00e3o dos \u00f3rg\u00e3os diretivos dos tribunais de 2\u00ba grau.<\/span><\/p>\n<p><span><span><span><span>De acordo com o texto, compete privativamente aos tribunais &#8220;<em>eleger seus \u00f3rg\u00e3os diretivos, por maioria absoluta e voto direto e secreto, dentre os membros do tribunal pleno, exceto os cargos de corregedoria, por todos os magistrados vital\u00edcios em atividade, de 1\u00ba e 2\u00ba graus, da respectiva jurisdi\u00e7\u00e3o, para um mandato de dois anos, permitida uma recondu\u00e7\u00e3o<\/em>&#8220;.<\/span><\/p>\n<p><span>Atualmente, o artigo 96 da\u00a0<a href=\"http:\/\/www.migalhas.com.br\/Quentes\/17,MI188659,11049-CCJ+da+Camara+aprova+PEC+que+muda+forma+de+eleicao+para+presidentes\" target=\"_self\" rel=\"noopener\">CF\/88<\/a> apenas determina como uma das compet\u00eancias dos tribunais &#8220;<em>eleger seus \u00f3rg\u00e3os diretivos<\/em>&#8221; e o artigo 102 da Loman (<a href=\"http:\/\/www.migalhas.com.br\/Quentes\/17,MI188659,11049-CCJ+da+Camara+aprova+PEC+que+muda+forma+de+eleicao+para+presidentes\" target=\"_self\" rel=\"noopener\">LC 35\/79<\/a>) enuncia que &#8220;<em>os tribunais, pela maioria dos seus membros efetivos, por vota\u00e7\u00e3o secreta, eleger\u00e3o dentre seus ju\u00edzes mais antigos, em n\u00famero correspondente ao dos cargos de dire\u00e7\u00e3o, os titulares destes, com mandato por dois anos, proibida a reelei\u00e7\u00e3o<\/em>&#8220;.<\/span><\/p>\n<p><span>A proposta \u00e9 de autoria do deputado Wellington Fagundes. Segundo ele, estima-se que apenas 15% da magistratura, seja estadual, trabalhista ou federal, possua o direito de eleger os presidentes dos seus respectivos tribunais. &#8220;<em>N\u00e3o bastasse isso, para ocupar a presid\u00eancia de um tribunal \u00e9 preciso ser o desembargador mais antigo da Corte, de modo que, mesmo num universo restrito, nem todos os desembargadores s\u00e3o eleg\u00edveis, o que torna o processo de escolha uma mera homologa\u00e7\u00e3o de um nome<\/em>&#8220;, afirma.<\/span><\/p>\n<p><\/span><\/span><span><span><span>A PEC aguarda, agora, cria\u00e7\u00e3o de comiss\u00e3o tempor\u00e1ria para sua an\u00e1lise.<\/span><\/span><\/span><\/p>\n<p><\/span><\/div>\n<p><a href=\"http:\/\/www.migalhas.com.br\/Quentes\/17,MI188659,11049-CCJ+da+Camara+aprova+PEC+que+muda+forma+de+eleicao+para+presidentes\">http:\/\/www.migalhas.com.br\/Quentes\/17,MI188659,11049-CCJ+da+Camara+aprova+PEC+que+muda+forma+de+eleicao+para+presidentes<\/a><\/p>\n","protected":false},"excerpt":{"rendered":"<p>Nesta ter\u00e7a-feira, 15, a CCJ da C\u00e2mara aprovou o parecer do deputado Lourival Mendes pela admissibilidade da\u00a0PEC 187\/12, que disp\u00f5e sobre a elei\u00e7\u00e3o dos \u00f3rg\u00e3os diretivos dos tribunais de 2\u00ba grau. De acordo com o texto, compete privativamente aos tribunais &#8220;eleger seus \u00f3rg\u00e3os diretivos, por maioria absoluta e voto direto e secreto, dentre os membros [&hellip;]<\/p>\n","protected":false},"author":13,"featured_media":0,"comment_status":"open","ping_status":"closed","sticky":false,"template":"","format":"standard","meta":{"inline_featured_image":false,"footnotes":""},"categories":[1],"tags":[],"anos":[],"projetos":[],"autorias":[],"eixos_tematicos":[],"locais":[],"pessoas":[],"estado":[],"academia":[],"sociedade_civil":[],"class_list":["post-7316","post","type-post","status-publish","format-standard","hentry","category-noticias"],"_links":{"self":[{"href":"https:\/\/forumjustica.com.br\/en\/wp-json\/wp\/v2\/posts\/7316","targetHints":{"allow":["GET"]}}],"collection":[{"href":"https:\/\/forumjustica.com.br\/en\/wp-json\/wp\/v2\/posts"}],"about":[{"href":"https:\/\/forumjustica.com.br\/en\/wp-json\/wp\/v2\/types\/post"}],"author":[{"embeddable":true,"href":"https:\/\/forumjustica.com.br\/en\/wp-json\/wp\/v2\/users\/13"}],"replies":[{"embeddable":true,"href":"https:\/\/forumjustica.com.br\/en\/wp-json\/wp\/v2\/comments?post=7316"}],"version-history":[{"count":1,"href":"https:\/\/forumjustica.com.br\/en\/wp-json\/wp\/v2\/posts\/7316\/revisions"}],"predecessor-version":[{"id":17471,"href":"https:\/\/forumjustica.com.br\/en\/wp-json\/wp\/v2\/posts\/7316\/revisions\/17471"}],"wp:attachment":[{"href":"https:\/\/forumjustica.com.br\/en\/wp-json\/wp\/v2\/media?parent=7316"}],"wp:term":[{"taxonomy":"category","embeddable":true,"href":"https:\/\/forumjustica.com.br\/en\/wp-json\/wp\/v2\/categories?post=7316"},{"taxonomy":"post_tag","embeddable":true,"href":"https:\/\/forumjustica.com.br\/en\/wp-json\/wp\/v2\/tags?post=7316"},{"taxonomy":"anos","embeddable":true,"href":"https:\/\/forumjustica.com.br\/en\/wp-json\/wp\/v2\/anos?post=7316"},{"taxonomy":"projetos","embeddable":true,"href":"https:\/\/forumjustica.com.br\/en\/wp-json\/wp\/v2\/projetos?post=7316"},{"taxonomy":"autorias","embeddable":true,"href":"https:\/\/forumjustica.com.br\/en\/wp-json\/wp\/v2\/autorias?post=7316"},{"taxonomy":"eixos_tematicos","embeddable":true,"href":"https:\/\/forumjustica.com.br\/en\/wp-json\/wp\/v2\/eixos_tematicos?post=7316"},{"taxonomy":"locais","embeddable":true,"href":"https:\/\/forumjustica.com.br\/en\/wp-json\/wp\/v2\/locais?post=7316"},{"taxonomy":"pessoas","embeddable":true,"href":"https:\/\/forumjustica.com.br\/en\/wp-json\/wp\/v2\/pessoas?post=7316"},{"taxonomy":"estado","embeddable":true,"href":"https:\/\/forumjustica.com.br\/en\/wp-json\/wp\/v2\/estado?post=7316"},{"taxonomy":"academia","embeddable":true,"href":"https:\/\/forumjustica.com.br\/en\/wp-json\/wp\/v2\/academia?post=7316"},{"taxonomy":"sociedade_civil","embeddable":true,"href":"https:\/\/forumjustica.com.br\/en\/wp-json\/wp\/v2\/sociedade_civil?post=7316"}],"curies":[{"name":"wp","href":"https:\/\/api.w.org\/{rel}","templated":true}]}}