{"id":7353,"date":"2013-11-01T08:32:41","date_gmt":"2013-11-01T10:32:41","guid":{"rendered":"https:\/\/forumjustica.vlannetwork.com\/?p=7353"},"modified":"2022-09-04T21:15:53","modified_gmt":"2022-09-05T00:15:53","slug":"grupos-fazem-levantamento-para-pedir-fim-da-revista-intima-em-presidios","status":"publish","type":"post","link":"https:\/\/forumjustica.com.br\/en\/grupos-fazem-levantamento-para-pedir-fim-da-revista-intima-em-presidios\/","title":{"rendered":"Grupos fazem levantamento para pedir fim da revista \u00edntima em pres\u00eddios"},"content":{"rendered":"<h1><\/h1>\n<div>Publicado em\u00a0<a title=\"15:22\" rel=\"bookmark\" href=\"http:\/\/ittcblog.org\/2013\/10\/29\/grupos-fazem-levantamento-para-pedir-fim-da-revista-intima-em-presidios\/\">29 de outubro de 2013<\/a> por\u00a0<a title=\"Ver todos os posts de ITTC\" rel=\"author\" href=\"http:\/\/ittcblog.org\/author\/comunicaittc\/\">ITTC<\/a><a title=\"Coment\u00e1rio para Grupos fazem levantamento para pedir fim da revista \u00edntima em\u00a0pres\u00eddios\" href=\"http:\/\/ittcblog.org\/2013\/10\/29\/grupos-fazem-levantamento-para-pedir-fim-da-revista-intima-em-presidios\/#respond\">Deixe um coment\u00e1rio<\/a><\/div>\n<div>\n<p><a href=\"http:\/\/ittcblogdotcom.files.wordpress.com\/2013\/10\/dsc_0193.jpg\"><img decoding=\"async\" src=\"http:\/\/ittcblogdotcom.files.wordpress.com\/2013\/10\/dsc_0193.jpg?w=610&amp;h=403\" alt=\"por ITTC\" \/><\/a><\/p>\n<p>Dados pr\u00e9vios de um levantamento sobre o uso da revista \u00edntima em pres\u00eddios de S\u00e3o Paulo revelam que, entre fevereiro e abril deste ano, das 12.866 visitas recebidas no CDP de Taubat\u00e9, apenas tr\u00eas flagrantes de porte de drogas e um porte de chip de celular foram registrados, o que representa 0,03% dos casos.<\/p>\n<p>O levantamento apresentado nesta segunda-feira foi feito pelo Instituto Terra, Trabalho e Cidadania; Conectas Direitos Humanos e Pastoral Carcer\u00e1ria.<\/p>\n<p>As informa\u00e7\u00f5es foram obtidas via lei de acesso e far\u00e3o parte de um relat\u00f3rio e de uma campanha da Conectas pelo fim da revista de partes \u00edntimas de familiares e presidi\u00e1rios em pris\u00f5es brasileiras, considerada vexat\u00f3ria pelas organiza\u00e7\u00f5es de defesa dos direitos humanos e condenada pelo Comit\u00ea Interamericano de Direitos Humanos.<\/p>\n<p>\u201cApesar disso n\u00e3o faltam celulares e drogas dentro dos pres\u00eddios do pa\u00eds. Ou seja, o procedimento n\u00e3o atinge seu objetivo que \u00e9, na verdade, a n\u00e3o entrada destes objetos\u201d, ressalta a representante da Pastoral Carcer\u00e1ria Nacional, Heidi Ann Cerneka.<\/p>\n<p>Por sua vez, Vivian Calderoni, da Conectas Direitos Humanos, revelou \u00e0 Ag\u00eancia Efe que o levantamento que vem sendo feito mostra que n\u00e3o \u00e9 por meio de visitas que armas, drogas e celulares est\u00e3o entrando nos pres\u00eddios, embora se saiba que estas ferramentas existam em grandes quantidades dentro das penitenci\u00e1rias.<\/p>\n<p>\u201cFizemos um pedido de acesso \u00e0 informa\u00e7\u00e3o \u00e0 Secretaria de Administra\u00e7\u00e3o Penitenci\u00e1ria de S\u00e3o Paulo para saber o que \u00e9 encontrado nestas visitas e aonde \u00e9 encontrado, j\u00e1 que tem coisas encontradas em bolsas, que dispensam uma revista corporal\u201d, disse Vivian, ressaltando que, al\u00e9m de desnecess\u00e1ria, a visita pune a fam\u00edlia do preso ao exp\u00f4-la \u00e0 humilha\u00e7\u00e3o f\u00edsica e psicol\u00f3gica.<\/p>\n<p>M\u00e3e de presidi\u00e1rio, Maria (nome fict\u00edcio) contou que durante as visitas que faz a seu filho v\u00ea situa\u00e7\u00f5es degradantes como senhoras de idade que n\u00e3o conseguem se agachar durante as revistas e crian\u00e7as submetidas \u00e0 revista \u00edntima para poderem ver seus pais.<\/p>\n<p>\u201cN\u00e3o h\u00e1 necessidade. Ningu\u00e9m leva nada dentro de si porque todo mundo que vai ver um filho quer que seu filho saia. Ningu\u00e9m vai levar droga. Os pr\u00f3prios agentes \u00e9 que vendem droga l\u00e1 dentro, eles que vendem celulares l\u00e1 dentro. N\u00e3o \u00e9 a fam\u00edlia que leva\u201d, relatou a m\u00e3e durante o encontro realizado pela Conectas e pela Rede Justi\u00e7a Criminal.<\/p>\n<p>Para a representante do Comit\u00ea da Am\u00e9rica Latina e Caribe para a Defesa dos Direitos da Mulher, Mayra Cotta Cardozo, a situa\u00e7\u00e3o descrita pela m\u00e3e revela um car\u00e1ter \u201cecon\u00f4mico\u201d da revista vexat\u00f3ria, como forma de assegurar os \u201cneg\u00f3cios penitenci\u00e1rios\u201d.<\/p>\n<p>\u201cAinda que fossem as visitas que levassem drogas e celulares para os pres\u00eddios, a revista n\u00e3o passa por estas quest\u00f5es, mas por uma motiva\u00e7\u00e3o econ\u00f4mica de quem est\u00e1 em contato direto com os presos, bem como quem est\u00e1 nos cargos de dire\u00e7\u00e3o\u201d, destacou Mayra.<\/p>\n<p>Ainda segundo Maria, que passa semanalmente pela revista \u00edntima, o procedimento tem ainda um recorte fortemente discriminat\u00f3rio em rela\u00e7\u00e3o ao g\u00eanero dos visitantes.<\/p>\n<p>\u201cMeu marido vai e ele nunca precisou tirar a cueca. Os agentes homens n\u00e3o fazem revista \u00edntima porque eles acham que o homem n\u00e3o vai enfiar nada dentro dele\u201d, lamentou.<\/p>\n<\/div>\n<h1><\/h1>\n<h1><\/h1>\n<h1><\/h1>\n<h1><a href=\"http:\/\/ittcblog.org\/2013\/10\/29\/grupos-fazem-levantamento-para-pedir-fim-da-revista-intima-em-presidios\/\">http:\/\/ittcblog.org\/2013\/10\/29\/grupos-fazem-levantamento-para-pedir-fim-da-revista-intima-em-presidios\/<\/a><\/h1>\n","protected":false},"excerpt":{"rendered":"<p>Publicado em\u00a029 de outubro de 2013 por\u00a0ITTCDeixe um coment\u00e1rio Dados pr\u00e9vios de um levantamento sobre o uso da revista \u00edntima em pres\u00eddios de S\u00e3o Paulo revelam que, entre fevereiro e abril deste ano, das 12.866 visitas recebidas no CDP de Taubat\u00e9, apenas tr\u00eas flagrantes de porte de drogas e um porte de chip de celular [&hellip;]<\/p>\n","protected":false},"author":13,"featured_media":0,"comment_status":"open","ping_status":"closed","sticky":false,"template":"","format":"standard","meta":{"inline_featured_image":false,"footnotes":""},"categories":[1],"tags":[],"anos":[],"projetos":[],"autorias":[],"eixos_tematicos":[],"locais":[],"pessoas":[],"estado":[],"academia":[],"sociedade_civil":[],"class_list":["post-7353","post","type-post","status-publish","format-standard","hentry","category-noticias"],"_links":{"self":[{"href":"https:\/\/forumjustica.com.br\/en\/wp-json\/wp\/v2\/posts\/7353","targetHints":{"allow":["GET"]}}],"collection":[{"href":"https:\/\/forumjustica.com.br\/en\/wp-json\/wp\/v2\/posts"}],"about":[{"href":"https:\/\/forumjustica.com.br\/en\/wp-json\/wp\/v2\/types\/post"}],"author":[{"embeddable":true,"href":"https:\/\/forumjustica.com.br\/en\/wp-json\/wp\/v2\/users\/13"}],"replies":[{"embeddable":true,"href":"https:\/\/forumjustica.com.br\/en\/wp-json\/wp\/v2\/comments?post=7353"}],"version-history":[{"count":1,"href":"https:\/\/forumjustica.com.br\/en\/wp-json\/wp\/v2\/posts\/7353\/revisions"}],"predecessor-version":[{"id":17464,"href":"https:\/\/forumjustica.com.br\/en\/wp-json\/wp\/v2\/posts\/7353\/revisions\/17464"}],"wp:attachment":[{"href":"https:\/\/forumjustica.com.br\/en\/wp-json\/wp\/v2\/media?parent=7353"}],"wp:term":[{"taxonomy":"category","embeddable":true,"href":"https:\/\/forumjustica.com.br\/en\/wp-json\/wp\/v2\/categories?post=7353"},{"taxonomy":"post_tag","embeddable":true,"href":"https:\/\/forumjustica.com.br\/en\/wp-json\/wp\/v2\/tags?post=7353"},{"taxonomy":"anos","embeddable":true,"href":"https:\/\/forumjustica.com.br\/en\/wp-json\/wp\/v2\/anos?post=7353"},{"taxonomy":"projetos","embeddable":true,"href":"https:\/\/forumjustica.com.br\/en\/wp-json\/wp\/v2\/projetos?post=7353"},{"taxonomy":"autorias","embeddable":true,"href":"https:\/\/forumjustica.com.br\/en\/wp-json\/wp\/v2\/autorias?post=7353"},{"taxonomy":"eixos_tematicos","embeddable":true,"href":"https:\/\/forumjustica.com.br\/en\/wp-json\/wp\/v2\/eixos_tematicos?post=7353"},{"taxonomy":"locais","embeddable":true,"href":"https:\/\/forumjustica.com.br\/en\/wp-json\/wp\/v2\/locais?post=7353"},{"taxonomy":"pessoas","embeddable":true,"href":"https:\/\/forumjustica.com.br\/en\/wp-json\/wp\/v2\/pessoas?post=7353"},{"taxonomy":"estado","embeddable":true,"href":"https:\/\/forumjustica.com.br\/en\/wp-json\/wp\/v2\/estado?post=7353"},{"taxonomy":"academia","embeddable":true,"href":"https:\/\/forumjustica.com.br\/en\/wp-json\/wp\/v2\/academia?post=7353"},{"taxonomy":"sociedade_civil","embeddable":true,"href":"https:\/\/forumjustica.com.br\/en\/wp-json\/wp\/v2\/sociedade_civil?post=7353"}],"curies":[{"name":"wp","href":"https:\/\/api.w.org\/{rel}","templated":true}]}}