{"id":7394,"date":"2013-11-06T09:00:54","date_gmt":"2013-11-06T11:00:54","guid":{"rendered":"https:\/\/forumjustica.vlannetwork.com\/?p=7394"},"modified":"2022-09-04T21:15:53","modified_gmt":"2022-09-05T00:15:53","slug":"renap-ce-ingressa-com-representacao-contra-o-prefeito-de-fortaleza","status":"publish","type":"post","link":"https:\/\/forumjustica.com.br\/en\/renap-ce-ingressa-com-representacao-contra-o-prefeito-de-fortaleza\/","title":{"rendered":"Renap-CE ingressa com representa\u00e7\u00e3o contra o prefeito de Fortaleza"},"content":{"rendered":"<p>Nesta quarta-feira, \u00e0s 10 horas, est\u00e1 marcada um ato para a entrega, no Minist\u00e9rio P\u00fablico Federal (MPF), de uma representa\u00e7\u00e3o contra o Prefeito Roberto Cl\u00e1udio por improbidade administrativa. A iniciativa \u00e9 da Rede Nacional de Advogadas e Advogados Populares no Cear\u00e1 (Renap-CE) e tem como objeto viola\u00e7\u00f5es \u00e0 Lei de Improbidade Administrativa &#8211; mais especificamente no que concerne \u00e0 defesa dos Princ\u00edpios da Administra\u00e7\u00e3o P\u00fablica (Legalidade) .<\/p>\n<p>A pe\u00e7a aciona o Minist\u00e9rio P\u00fablico Federal por entender que o terreno em que estavam acampados os manifestantes era terra da Uni\u00e3o &#8211; al\u00e9m de invocar o direito constitucional de manifesta\u00e7\u00e3o. A obra, ali\u00e1s, teve in\u00edcio depois de uma s\u00e9rie de atos que violaram os direitos humanos e a garantia do direito de manifesta\u00e7\u00e3o &#8211; como a a\u00e7\u00e3o do dia 8 de agosto, feita fora do hor\u00e1rio permitido em lei, usando for\u00e7a desproporcional, com trai\u00e7\u00e3o e emboscada, no meio da madrugada e com intuito de realizar outro crime, construir em Zona de Prote\u00e7\u00e3o Ambiental. O comportamento do poder p\u00fablico se repetiu na segunda ocasi\u00e3o em que houve despejo: ap\u00f3s decis\u00e3o do Tribunal Regional Federal da 5a Regi\u00e3o do despejo pela Pol\u00edcia Militar, o destacamento foi desproporcional em sua investida contra os manifestantes, com uso indiscriminado de bombas de g\u00e1s lacrimog\u00eaneo e balas de borracha.<\/p>\n<p>O pedido \u00e9 para que sejam apurados estes fatos e, caso comprovada a improbidade, seja encaminhado o que determina a lei: &#8220;perda da fun\u00e7\u00e3o p\u00fablica; suspens\u00e3o dos direitos pol\u00edticos de tr\u00eas a cinco anos; pagamento de multa civil de at\u00e9 cem vezes o valor da remunera\u00e7\u00e3o percebida pelo agente; e proibi\u00e7\u00e3o de contratar com o Poder P\u00fablico ou receber benef\u00edcios ou incentivos fiscais ou credit\u00edcios, direta ou indiretamente, ainda que por interm\u00e9dio de pessoa jur\u00eddica da qual seja s\u00f3cio majorit\u00e1rio, pelo prazo de tr\u00eas anos&#8221;, como coloca a representa\u00e7\u00e3o.<\/p>\n<p><em>Detalhes do documento<\/em><br \/>\nA representa\u00e7\u00e3o aponta para a ilegitimidade do Poder P\u00fablico Municipal, &#8220;porque reivindicava posse de um bem que n\u00e3o era seu. O que torna mais absurda a desocupa\u00e7\u00e3o for\u00e7ada pela Guarda Municipal, atingindo os manifestantes que defendiam interesse coletivo (preserva\u00e7\u00e3o da maior e mais importante \u00e1rea verde da cidade de Fortaleza), ou seja, interesse p\u00fablico prim\u00e1rio.&#8221; T\u00e3o mais grave se mostra a a\u00e7\u00e3o do Poder Municipal por n\u00e3o cumprir com seu papel mediador e de agregador &#8211; nenhuma das propostas alternativas, elaboradas por arquitetos e urbanistas, foi recebida pelo Prefeito. E em todas as audi\u00eancias propostas pela sociedade civil ou ele n\u00e3o foi ou n\u00e3o enviou representantes.<\/p>\n<p>O documento lembra que n\u00e3o h\u00e1 Estudos de Impacto Ambiental, nem Relat\u00f3rio de Impactos ao Meio Ambiente (EIA-RIMA) voltados para a obra: &#8220;Estudo Ambiental legalmente exigido para uma obra potencialmente causadora de significativo impacto ambiental (EIA\/RIMA) \u00e9 gen\u00e9rico, tendo em vista o projeto global (BID-FOR\/TRANSFOR), o qual sequer previa, at\u00e9 pouco tempo, a constru\u00e7\u00e3o de viadutos naquela \u00e1rea ambientalmente sens\u00edvel (integrante do Parque do Coc\u00f3, maior e mais importante \u00e1rea verde da cidade).&#8221;<\/p>\n<p><strong>Servi\u00e7o<\/strong><br \/>\nAto da Renap-CE para ingressar com representa\u00e7\u00e3o contra o Prefeito<br \/>\nOnde: Sede do Minist\u00e9rio P\u00fablico Federal (Rua Jo\u00e3o Br\u00edgido, 1260 \/ Joaquim T\u00e1vora)<br \/>\nQuando: quarta-feira, 6 de novembro, \u00e0s 10h<br \/>\nContatos: Ana Virginia Porto de Freitas (9909 6044)<\/p>\n","protected":false},"excerpt":{"rendered":"<p>Nesta quarta-feira, \u00e0s 10 horas, est\u00e1 marcada um ato para a entrega, no Minist\u00e9rio P\u00fablico Federal (MPF), de uma representa\u00e7\u00e3o contra o Prefeito Roberto Cl\u00e1udio por improbidade administrativa. A iniciativa \u00e9 da Rede Nacional de Advogadas e Advogados Populares no Cear\u00e1 (Renap-CE) e tem como objeto viola\u00e7\u00f5es \u00e0 Lei de Improbidade Administrativa &#8211; mais especificamente [&hellip;]<\/p>\n","protected":false},"author":13,"featured_media":0,"comment_status":"open","ping_status":"closed","sticky":false,"template":"","format":"standard","meta":{"inline_featured_image":false,"footnotes":""},"categories":[1],"tags":[],"anos":[],"projetos":[],"autorias":[],"eixos_tematicos":[],"locais":[],"pessoas":[],"estado":[],"academia":[],"sociedade_civil":[],"class_list":["post-7394","post","type-post","status-publish","format-standard","hentry","category-noticias"],"_links":{"self":[{"href":"https:\/\/forumjustica.com.br\/en\/wp-json\/wp\/v2\/posts\/7394","targetHints":{"allow":["GET"]}}],"collection":[{"href":"https:\/\/forumjustica.com.br\/en\/wp-json\/wp\/v2\/posts"}],"about":[{"href":"https:\/\/forumjustica.com.br\/en\/wp-json\/wp\/v2\/types\/post"}],"author":[{"embeddable":true,"href":"https:\/\/forumjustica.com.br\/en\/wp-json\/wp\/v2\/users\/13"}],"replies":[{"embeddable":true,"href":"https:\/\/forumjustica.com.br\/en\/wp-json\/wp\/v2\/comments?post=7394"}],"version-history":[{"count":1,"href":"https:\/\/forumjustica.com.br\/en\/wp-json\/wp\/v2\/posts\/7394\/revisions"}],"predecessor-version":[{"id":17458,"href":"https:\/\/forumjustica.com.br\/en\/wp-json\/wp\/v2\/posts\/7394\/revisions\/17458"}],"wp:attachment":[{"href":"https:\/\/forumjustica.com.br\/en\/wp-json\/wp\/v2\/media?parent=7394"}],"wp:term":[{"taxonomy":"category","embeddable":true,"href":"https:\/\/forumjustica.com.br\/en\/wp-json\/wp\/v2\/categories?post=7394"},{"taxonomy":"post_tag","embeddable":true,"href":"https:\/\/forumjustica.com.br\/en\/wp-json\/wp\/v2\/tags?post=7394"},{"taxonomy":"anos","embeddable":true,"href":"https:\/\/forumjustica.com.br\/en\/wp-json\/wp\/v2\/anos?post=7394"},{"taxonomy":"projetos","embeddable":true,"href":"https:\/\/forumjustica.com.br\/en\/wp-json\/wp\/v2\/projetos?post=7394"},{"taxonomy":"autorias","embeddable":true,"href":"https:\/\/forumjustica.com.br\/en\/wp-json\/wp\/v2\/autorias?post=7394"},{"taxonomy":"eixos_tematicos","embeddable":true,"href":"https:\/\/forumjustica.com.br\/en\/wp-json\/wp\/v2\/eixos_tematicos?post=7394"},{"taxonomy":"locais","embeddable":true,"href":"https:\/\/forumjustica.com.br\/en\/wp-json\/wp\/v2\/locais?post=7394"},{"taxonomy":"pessoas","embeddable":true,"href":"https:\/\/forumjustica.com.br\/en\/wp-json\/wp\/v2\/pessoas?post=7394"},{"taxonomy":"estado","embeddable":true,"href":"https:\/\/forumjustica.com.br\/en\/wp-json\/wp\/v2\/estado?post=7394"},{"taxonomy":"academia","embeddable":true,"href":"https:\/\/forumjustica.com.br\/en\/wp-json\/wp\/v2\/academia?post=7394"},{"taxonomy":"sociedade_civil","embeddable":true,"href":"https:\/\/forumjustica.com.br\/en\/wp-json\/wp\/v2\/sociedade_civil?post=7394"}],"curies":[{"name":"wp","href":"https:\/\/api.w.org\/{rel}","templated":true}]}}