{"id":7427,"date":"2013-11-07T18:45:26","date_gmt":"2013-11-07T20:45:26","guid":{"rendered":"https:\/\/forumjustica.vlannetwork.com\/?p=7427"},"modified":"2022-09-04T21:15:53","modified_gmt":"2022-09-05T00:15:53","slug":"forum-justica-convida-para-oficina-no-xi-congresso-dos-defensores-publicos-mobilizar-para-transformar","status":"publish","type":"post","link":"https:\/\/forumjustica.com.br\/en\/forum-justica-convida-para-oficina-no-xi-congresso-dos-defensores-publicos-mobilizar-para-transformar\/","title":{"rendered":"F\u00f3rum Justi\u00e7a convida para oficina no XI Congresso dos Defensores P\u00fablicos: Mobilizar para transformar!"},"content":{"rendered":"<p><a href=\"https:\/\/forumjustica.com.br\/wp-content\/uploads\/2013\/11\/foto-FJ-convite.jpg\"><img loading=\"lazy\" decoding=\"async\" class=\"aligncenter size-medium wp-image-7428\" title=\"foto FJ convite\" src=\"https:\/\/forumjustica.com.br\/wp-content\/uploads\/2013\/11\/foto-FJ-convite-300x172-1.jpg\" alt=\"\" width=\"300\" height=\"172\" \/><\/a><\/p>\n<p>O F\u00f3rum Justi\u00e7a &#8211; FJ convida para a oficina \u201cMobilizar para transformar!\u201d,que far\u00e1 com a participa\u00e7\u00e3o de articuladoras(es), facilitadoras(es) de grupos de trabalho, colaboradoras(es) e integrantes do Conselho Consultivo, durante o XI Congresso dos Defensores P\u00fablicos, a ser realizado na cidade de Vit\u00f3ria\/ES (http:\/\/www.congressoanadep.org.br\/). Essa oficina ocorrer\u00e1 no dia 13 de novembro, das 8 \u00e0s 12 horas, na sala Santo Antonio A do Centro de Conven\u00e7\u00f5es de Vit\u00f3ria (Rua Constante Sodr\u00e9, 157, Santa L\u00facia). Veja <a href=\"https:\/\/forumjustica.com.br\/wp-content\/uploads\/2013\/11\/Programa\u00e7\u00e3o_OficinaFJ-_Mobilizar-para-Transformar_.-docx.pdf\">aqui<\/a> a programa\u00e7\u00e3o.<\/p>\n<p>Esta atividade tem o objetivo de dar seguimento \u00e0 articula\u00e7\u00e3o entre movimentos sociais, setores acad\u00eamicos e institui\u00e7\u00f5es do sistema de justi\u00e7a, para estabelecer di\u00e1logos sistem\u00e1ticos e cont\u00ednuos com foco em a\u00e7\u00f5es transformadoras e em pol\u00edticas democratizantes relacionadas ao mencionado sistema, enfatizando a justi\u00e7a como servi\u00e7o p\u00fablico.<\/p>\n<p>A abordagem cient\u00edfica do XI Congresso Nacional dos Defensores P\u00fablicos visa enfatizar o tema \u201cA Defensoria P\u00fablica e seus novos desafios\u201d, o qual envolve grande potencial para a discuss\u00e3o da participa\u00e7\u00e3o popular no sistema de justi\u00e7a. Com especial aten\u00e7\u00e3o, busca ampliar o acesso \u00e0 justi\u00e7a no que concerne \u00e0 propositura de demandas coletivas e ao aprimoramento de din\u00e2micas para identificar demandas sociais historicamente reprimidas. Tamb\u00e9m destaca a miss\u00e3o constitucional da Defensoria P\u00fablica para o alcance dos objetivos da Rep\u00fablica, dentre eles o de erradicar a pobreza e a marginaliza\u00e7\u00e3o e reduzir as desigualdades sociais e regionais e o de promover o bem de todos, sem preconceito de origem, ra\u00e7a, sexo, cor, idade e quaisquer outras formas de discrimina\u00e7\u00e3o.<\/p>\n<p>Identificar, compreender e propor as demandas sociais de uma popula\u00e7\u00e3o ainda predominantemente empobrecida e de grupos em situa\u00e7\u00e3o de vulnerabilidade importa aliar \u00e0 perspectiva jur\u00eddica a social, a econ\u00f4mica e a filos\u00f3fica. Essa interdisciplinaridade n\u00e3o transita do mundo jur\u00eddico para o acad\u00eamico ou vice-versa de forma autom\u00e1tica e abstrata. \u00c9 necess\u00e1rio o estudo dos problemas concretos, com a discuss\u00e3o das poss\u00edveis solu\u00e7\u00f5es a partir de propostas emancipat\u00f3rias advindas da pr\u00f3pria sociedade, base indispens\u00e1vel para um sistema de justi\u00e7a mais justo, eficiente e din\u00e2mico.<\/p>\n<p>Com esse norte, o F\u00f3rum Justi\u00e7a reafirma o compromisso institucional de setores da Defensoria P\u00fablica por identificar e adotar mecanismos democr\u00e1ticos que concretizem as demandas populares no \u00e2mbito do sistema de justi\u00e7a, como a implementa\u00e7\u00e3o de ouvidorias externas em todos os entes que o comp\u00f5em. Nessa linha, tem desenvolvido atividades visando dar sentido \u00e0 express\u00e3o \u201cmodelo de justi\u00e7a integrador\u201d, previsto na Declara\u00e7\u00e3o associada \u00e0s 100 Regras de Bras\u00edlia (2006), para que este se realize aberto a todos os segmentos da sociedade e especialmente sens\u00edvel aos que se encontram em situa\u00e7\u00e3o de vulnerabilidade.<\/p>\n<p>Pretende-se, tamb\u00e9m, com essa oficina identificar defensoras (es) p\u00fablicas (os) e interessadas (os) em expandir o F\u00f3rum Justi\u00e7a, levando-o a outros territ\u00f3rios , estimulando a forma\u00e7\u00e3o de novos campos dessa articula\u00e7\u00e3o nas diversas regi\u00f5es do pa\u00eds. O F\u00f3rum Justi\u00e7a j\u00e1 acontece nos Estados do Rio de Janeiro, do Cear\u00e1 e do Par\u00e1 e atividades de sua natureza encontram-se em andamento no Estado do Rio Grande do Sul. Conclu\u00edmos que o Congresso da Associa\u00e7\u00e3o Nacional dos Defensores P\u00fablicos constitui um campo de oportunidade para compartilhar essa experi\u00eancia com as (os) Defensoras (es) P\u00fablicas (os) e participantes e para intensificar a mobiliza\u00e7\u00e3o transformadora do sistema de justi\u00e7a, assegurando o desenvolvimento de pol\u00edtica judicial integradora, com reconhecimento de identidades, redistribui\u00e7\u00e3o de riquezas e participa\u00e7\u00e3o popular.<\/p>\n<p>O F\u00f3rum Justi\u00e7a, por meio de suas diversas proje\u00e7\u00f5es, vem, ent\u00e3o, convidar voc\u00ea &#8211; ativista aut\u00f4nomo; representante de organiza\u00e7\u00f5es, movimentos sociais e de setores acad\u00eamicos; agente do Estado &#8211; a participar da oficina \u201cMobilizar para transformar!\u201d e colaborar para a sua divulga\u00e7\u00e3o. As (os) interessados em participar que n\u00e3o estejam inscritos no Congresso dever\u00e3o se inscrever enviando mensagem para <a href=\"mailto:forumjustica@forumjustica.com.br\">forumjustica@forumjustica.com.br<\/a> at\u00e9 o dia 12 de novembro \u00e0s 18 horas, a fim de possibilitar o acesso ao Centro de Conven\u00e7\u00f5es.<\/p>\n<p><em><strong>ARTICULA\u00c7\u00c3O F\u00d3RUM JUSTI\u00c7A<\/strong><\/em><\/p>","protected":false},"excerpt":{"rendered":"<p>O F\u00f3rum Justi\u00e7a &#8211; FJ convida para a oficina \u201cMobilizar para transformar!\u201d,que far\u00e1 com a participa\u00e7\u00e3o de articuladoras(es), facilitadoras(es) de grupos de trabalho, colaboradoras(es) e integrantes do Conselho Consultivo, durante o XI Congresso dos Defensores P\u00fablicos, a ser realizado na cidade de Vit\u00f3ria\/ES (http:\/\/www.congressoanadep.org.br\/). Essa oficina ocorrer\u00e1 no dia 13 de novembro, das 8 \u00e0s [&hellip;]<\/p>\n","protected":false},"author":13,"featured_media":0,"comment_status":"open","ping_status":"closed","sticky":false,"template":"","format":"standard","meta":{"inline_featured_image":false,"footnotes":""},"categories":[1],"tags":[],"anos":[],"projetos":[],"autorias":[],"eixos_tematicos":[],"locais":[],"pessoas":[],"estado":[],"academia":[],"sociedade_civil":[],"class_list":["post-7427","post","type-post","status-publish","format-standard","hentry","category-noticias"],"_links":{"self":[{"href":"https:\/\/forumjustica.com.br\/en\/wp-json\/wp\/v2\/posts\/7427","targetHints":{"allow":["GET"]}}],"collection":[{"href":"https:\/\/forumjustica.com.br\/en\/wp-json\/wp\/v2\/posts"}],"about":[{"href":"https:\/\/forumjustica.com.br\/en\/wp-json\/wp\/v2\/types\/post"}],"author":[{"embeddable":true,"href":"https:\/\/forumjustica.com.br\/en\/wp-json\/wp\/v2\/users\/13"}],"replies":[{"embeddable":true,"href":"https:\/\/forumjustica.com.br\/en\/wp-json\/wp\/v2\/comments?post=7427"}],"version-history":[{"count":1,"href":"https:\/\/forumjustica.com.br\/en\/wp-json\/wp\/v2\/posts\/7427\/revisions"}],"predecessor-version":[{"id":17456,"href":"https:\/\/forumjustica.com.br\/en\/wp-json\/wp\/v2\/posts\/7427\/revisions\/17456"}],"wp:attachment":[{"href":"https:\/\/forumjustica.com.br\/en\/wp-json\/wp\/v2\/media?parent=7427"}],"wp:term":[{"taxonomy":"category","embeddable":true,"href":"https:\/\/forumjustica.com.br\/en\/wp-json\/wp\/v2\/categories?post=7427"},{"taxonomy":"post_tag","embeddable":true,"href":"https:\/\/forumjustica.com.br\/en\/wp-json\/wp\/v2\/tags?post=7427"},{"taxonomy":"anos","embeddable":true,"href":"https:\/\/forumjustica.com.br\/en\/wp-json\/wp\/v2\/anos?post=7427"},{"taxonomy":"projetos","embeddable":true,"href":"https:\/\/forumjustica.com.br\/en\/wp-json\/wp\/v2\/projetos?post=7427"},{"taxonomy":"autorias","embeddable":true,"href":"https:\/\/forumjustica.com.br\/en\/wp-json\/wp\/v2\/autorias?post=7427"},{"taxonomy":"eixos_tematicos","embeddable":true,"href":"https:\/\/forumjustica.com.br\/en\/wp-json\/wp\/v2\/eixos_tematicos?post=7427"},{"taxonomy":"locais","embeddable":true,"href":"https:\/\/forumjustica.com.br\/en\/wp-json\/wp\/v2\/locais?post=7427"},{"taxonomy":"pessoas","embeddable":true,"href":"https:\/\/forumjustica.com.br\/en\/wp-json\/wp\/v2\/pessoas?post=7427"},{"taxonomy":"estado","embeddable":true,"href":"https:\/\/forumjustica.com.br\/en\/wp-json\/wp\/v2\/estado?post=7427"},{"taxonomy":"academia","embeddable":true,"href":"https:\/\/forumjustica.com.br\/en\/wp-json\/wp\/v2\/academia?post=7427"},{"taxonomy":"sociedade_civil","embeddable":true,"href":"https:\/\/forumjustica.com.br\/en\/wp-json\/wp\/v2\/sociedade_civil?post=7427"}],"curies":[{"name":"wp","href":"https:\/\/api.w.org\/{rel}","templated":true}]}}