{"id":7453,"date":"2013-11-17T09:00:36","date_gmt":"2013-11-17T11:00:36","guid":{"rendered":"https:\/\/forumjustica.vlannetwork.com\/?p=7453"},"modified":"2022-09-04T21:15:52","modified_gmt":"2022-09-05T00:15:52","slug":"dom-orani-celebra-missa-campal-de-apoio-a-moradores-da-vila-autodromo","status":"publish","type":"post","link":"https:\/\/forumjustica.com.br\/en\/dom-orani-celebra-missa-campal-de-apoio-a-moradores-da-vila-autodromo\/","title":{"rendered":"Dom Orani celebra missa campal de apoio a moradores da Vila Aut\u00f3dromo"},"content":{"rendered":"<div id=\"date-view\">\n<div>10\/11\/2013 23:52:00<\/div>\n<div><\/div>\n<div><span style=\"font-size: 1.5em;\">Arcebispo do Rio apoia a resist\u00eancia de moradores que n\u00e3o querem ser removidos do local<\/span><\/div>\n<\/div>\n<div>\n<div id=\"barra-superior\">\n<div><\/div>\n<div><strong>AMANDA RAITER<\/strong><strong> <\/strong><\/div>\n<\/div>\n<\/div>\n<div id=\"HOTWordsTxt\">\n<div id=\"noticia\">\n<p>Rio &#8211; O arcebispo do Rio de Janeiro, Dom Orani Tempesta, foi, neste domingo, \u00e0 comunidade da Vila Aut\u00f3dromo, em Jacarepagu\u00e1, para celebrar missa campal em apoio \u00e0 resist\u00eancia de moradores que n\u00e3o querem ser removidos do local. Na solenidade, ao ar livre, Dom Orani aben\u00e7oou as pessoas e fez ora\u00e7\u00f5es. Depois, percorreu a comunidade.<\/p>\n<p><img decoding=\"async\" src=\"http:\/\/ejesa.statig.com.br\/bancodeimagens\/2w\/6h\/qq\/2w6hqqwunne1hhfa059pm31cz.jpg\" alt=\"\" \/><\/p>\n<div>Dom Orani percorreu a comunidade ap\u00f3s as ora\u00e7\u00f5es e conversou com moradores que n\u00e3o querem sair do local<\/div>\n<p><cite>Foto:\u00a0\u00a0Divulga\u00e7\u00e3o<\/cite><\/p>\n<p>Vizinha ao Parque Ol\u00edmpico, a Vila Aut\u00f3dromo, que existe desde 1967, est\u00e1 sob press\u00e3o da Prefeitura do Rio para que os habitantes cedam as suas casas em troca de um apartamento. De acordo com a associa\u00e7\u00e3o de moradores do local, os casos de pessoas que querem sair s\u00e3o apenas os que moram em \u00e1rea prec\u00e1ria. Al\u00e9m de 220 fam\u00edlias, a comunidade tamb\u00e9m tem estabelecimentos comerciais, que funcionam h\u00e1 anos na regi\u00e3o, que podem ser afetados.<\/p>\n<p>Para estabelecer um acordo, as universidades Federal Fluminense (UFF) e Federal do Rio de Janeiro (UFRJ) desenvolveram o Plano Popular da Vila Aut\u00f3dromo. Est\u00e3o previstas interven\u00e7\u00f5es como realoca\u00e7\u00f5es internas de moradores, para permitir que projetos da prefeitura sejam desenvolvidos.<\/p>\n<p>No entanto, o \u00f3rg\u00e3o municipal diz que est\u00e1 ciente somente da manifesta\u00e7\u00e3o da popula\u00e7\u00e3o da Vila Aut\u00f3dromo que pediu a mudan\u00e7a para um pr\u00e9dio, localizado em Jacarepagu\u00e1, e que, assim, o problema estaria resolvido.<\/p>\n<\/div>\n<\/div>\n<p><a href=\"http:\/\/odia.ig.com.br\/noticia\/rio-de-janeiro\/2013-11-10\/dom-orani-celebra-missa-campal-de-apoio-a-moradores-da-vila-autodromo.html\">http:\/\/odia.ig.com.br\/noticia\/rio-de-janeiro\/2013-11-10\/dom-orani-celebra-missa-campal-de-apoio-a-moradores-da-vila-autodromo.html<\/a><\/p>\n","protected":false},"excerpt":{"rendered":"<p>10\/11\/2013 23:52:00 Arcebispo do Rio apoia a resist\u00eancia de moradores que n\u00e3o querem ser removidos do local AMANDA RAITER Rio &#8211; O arcebispo do Rio de Janeiro, Dom Orani Tempesta, foi, neste domingo, \u00e0 comunidade da Vila Aut\u00f3dromo, em Jacarepagu\u00e1, para celebrar missa campal em apoio \u00e0 resist\u00eancia de moradores que n\u00e3o querem ser removidos [&hellip;]<\/p>\n","protected":false},"author":13,"featured_media":0,"comment_status":"open","ping_status":"closed","sticky":false,"template":"","format":"standard","meta":{"inline_featured_image":false,"footnotes":""},"categories":[1],"tags":[],"anos":[],"projetos":[],"autorias":[],"eixos_tematicos":[],"locais":[],"pessoas":[],"estado":[],"academia":[],"sociedade_civil":[],"class_list":["post-7453","post","type-post","status-publish","format-standard","hentry","category-noticias"],"_links":{"self":[{"href":"https:\/\/forumjustica.com.br\/en\/wp-json\/wp\/v2\/posts\/7453","targetHints":{"allow":["GET"]}}],"collection":[{"href":"https:\/\/forumjustica.com.br\/en\/wp-json\/wp\/v2\/posts"}],"about":[{"href":"https:\/\/forumjustica.com.br\/en\/wp-json\/wp\/v2\/types\/post"}],"author":[{"embeddable":true,"href":"https:\/\/forumjustica.com.br\/en\/wp-json\/wp\/v2\/users\/13"}],"replies":[{"embeddable":true,"href":"https:\/\/forumjustica.com.br\/en\/wp-json\/wp\/v2\/comments?post=7453"}],"version-history":[{"count":1,"href":"https:\/\/forumjustica.com.br\/en\/wp-json\/wp\/v2\/posts\/7453\/revisions"}],"predecessor-version":[{"id":17447,"href":"https:\/\/forumjustica.com.br\/en\/wp-json\/wp\/v2\/posts\/7453\/revisions\/17447"}],"wp:attachment":[{"href":"https:\/\/forumjustica.com.br\/en\/wp-json\/wp\/v2\/media?parent=7453"}],"wp:term":[{"taxonomy":"category","embeddable":true,"href":"https:\/\/forumjustica.com.br\/en\/wp-json\/wp\/v2\/categories?post=7453"},{"taxonomy":"post_tag","embeddable":true,"href":"https:\/\/forumjustica.com.br\/en\/wp-json\/wp\/v2\/tags?post=7453"},{"taxonomy":"anos","embeddable":true,"href":"https:\/\/forumjustica.com.br\/en\/wp-json\/wp\/v2\/anos?post=7453"},{"taxonomy":"projetos","embeddable":true,"href":"https:\/\/forumjustica.com.br\/en\/wp-json\/wp\/v2\/projetos?post=7453"},{"taxonomy":"autorias","embeddable":true,"href":"https:\/\/forumjustica.com.br\/en\/wp-json\/wp\/v2\/autorias?post=7453"},{"taxonomy":"eixos_tematicos","embeddable":true,"href":"https:\/\/forumjustica.com.br\/en\/wp-json\/wp\/v2\/eixos_tematicos?post=7453"},{"taxonomy":"locais","embeddable":true,"href":"https:\/\/forumjustica.com.br\/en\/wp-json\/wp\/v2\/locais?post=7453"},{"taxonomy":"pessoas","embeddable":true,"href":"https:\/\/forumjustica.com.br\/en\/wp-json\/wp\/v2\/pessoas?post=7453"},{"taxonomy":"estado","embeddable":true,"href":"https:\/\/forumjustica.com.br\/en\/wp-json\/wp\/v2\/estado?post=7453"},{"taxonomy":"academia","embeddable":true,"href":"https:\/\/forumjustica.com.br\/en\/wp-json\/wp\/v2\/academia?post=7453"},{"taxonomy":"sociedade_civil","embeddable":true,"href":"https:\/\/forumjustica.com.br\/en\/wp-json\/wp\/v2\/sociedade_civil?post=7453"}],"curies":[{"name":"wp","href":"https:\/\/api.w.org\/{rel}","templated":true}]}}