{"id":7493,"date":"2013-11-19T09:00:55","date_gmt":"2013-11-19T11:00:55","guid":{"rendered":"https:\/\/forumjustica.vlannetwork.com\/?p=7493"},"modified":"2022-09-04T21:15:52","modified_gmt":"2022-09-05T00:15:52","slug":"vila-autodromo-responde-a-protesto-forjado","status":"publish","type":"post","link":"https:\/\/forumjustica.com.br\/en\/vila-autodromo-responde-a-protesto-forjado\/","title":{"rendered":"Vila Aut\u00f3dromo Responde a \u2018Protesto Forjado\u2019"},"content":{"rendered":"<div>\n<p dir=\"ltr\"><a rel=\"attachment wp-att-12117\" href=\"https:\/\/forumjustica.com.br\/?attachment_id=12117\"><img loading=\"lazy\" decoding=\"async\" class=\"aligncenter\" title=\"Moradores da Vila Aut\u00f3dromo protestam em frente a prefeitura na quinta-feira passada\" src=\"http:\/\/rioonwatch.org\/wp-content\/uploads\/2013\/11\/Protest-1.jpg\" alt=\"\" width=\"336\" height=\"225\" \/><\/a><\/p>\n<p>Na tarde do dia 07 de novembro, 100 moradores e simpatizantes da\u00a0<a href=\"http:\/\/bit.ly\/Nfddvg\" target=\"_blank\" rel=\"noopener\">Vila Aut\u00f3dromo<\/a> se reuniram na chuva para protestar do lado de fora da Prefeitura, uma resposta a mais recente t\u00e1tica da Prefeitura para minar a resist\u00eancia \u00e0 remo\u00e7\u00e3o. Uma semana antes, no dia 30 de outubro, ao que parece, funcion\u00e1rios municipais haviam<a href=\"http:\/\/bit.ly\/1aXHdaX\" target=\"_blank\" rel=\"noopener\">orquestrado um protesto<\/a> de cerca de 20 moradores que querem deixar suas casas na Vila Aut\u00f3dromo e irem para os apartamentos no\u00a0<a href=\"http:\/\/bit.ly\/1dpuC3i\" target=\"_blank\" rel=\"noopener\">Parque Carioca<\/a>, o complexo habitacional designado para o reassentamento.\u00a0Os participantes contaram que funcion\u00e1rios da Prefeitura \u201cmobilizaram\u201d v\u00e1rias fam\u00edlias que est\u00e3o considerando o reassentamento e transportou-os em um \u00f4nibus at\u00e9 a Prefeitura.<\/p>\n<p>A antiga moradora da Vila Aut\u00f3dromo e ativista Maria da Penha descreveu o protesto quinta-feira: \u201cEssa \u00e9 a nossa resposta frente \u00e0 farsa que foi armada por alguns moradores da nossa comunidade com a Prefeitura\u201d. Ela continuou: \u201cN\u00f3s estamos aqui para mostrar para o povo que a Vila Aut\u00f3dromo n\u00e3o quer sair e sim quer ficar\u201d. Os membros da comunidade marcharam em torno da Prefeitura cantando: \u201cPrefeitura mentirosa, n\u00e3o queremos remo\u00e7\u00e3o!\u201d. Eles carregavam cartazes que ilustram as demandas centrais do esfor\u00e7o de resist\u00eancia e identificaram o protesto forjado como mais uma prova da inten\u00e7\u00e3o do prefeito de remover a Vila Aut\u00f3dromo, em sua totalidade.<\/p>\n<p dir=\"ltr\"><a rel=\"attachment wp-att-12116\" href=\"https:\/\/forumjustica.com.br\/?attachment_id=12116\"><img loading=\"lazy\" decoding=\"async\" class=\"aligncenter\" title=\"Faixa do Protesto\" src=\"http:\/\/rioonwatch.org\/wp-content\/uploads\/2013\/11\/Protest-2.jpg\" alt=\"\" width=\"336\" height=\"225\" \/><\/a><\/p>\n<p>O protesto de quinta-feira, em justaposi\u00e7\u00e3o com o evento aparentemente encenado de\u00a0uma semana antes, destaca uma tend\u00eancia na posi\u00e7\u00e3o da Prefeitura com respeito \u00e0 Vila Aut\u00f3dromo: o prefeito diz publicamente que est\u00e1 negociando a perman\u00eancia da comunidade, enquanto na pr\u00e1tica ele est\u00e1 negligenciando as propostas vi\u00e1veis \u200b\u200bque minimizem as remo\u00e7\u00f5es; os funcion\u00e1rios municipais est\u00e3o empregando t\u00e1ticas coercitivas para convencer os moradores a ceder por escrito as suas casas; a a\u00e7\u00e3o da pol\u00edcia cria um clima de medo e desconfian\u00e7a, que t\u00eam inibido protestos dentro e fora da comunidade; e as reportagens da Globo d\u00e3o aten\u00e7\u00e3o aos esfor\u00e7os para remover ignorando ou minando os esfor\u00e7os de resist\u00eancia.<\/p>\n<p><strong>Os Esfor\u00e7os de Resist\u00eancia em Andamento Incluem a Atualiza\u00e7\u00e3o do Plano Popular de Urbaniza\u00e7\u00e3o<\/strong><\/p>\n<p>A Vila Aut\u00f3dromo \u00e9 um s\u00edmbolo de resist\u00eancia \u00e0\u00a0<a href=\"http:\/\/bit.ly\/X51Qvb\" target=\"_blank\" rel=\"noopener\">remo\u00e7\u00e3o<\/a> no Rio de Janeiro, depois de ter combatido e vencido as batalhas contra remo\u00e7\u00f5es por mais de 20 anos. Nos \u00faltimos anos, a expans\u00e3o para o oeste, com exclusividade para shoppings e condom\u00ednios de luxo na Barra da Tijuca, tornou o terreno da comunidade extremamente valioso para as corpora\u00e7\u00f5es imobili\u00e1rias. A comunidade recebeu o t\u00edtulo de 99 anos de concess\u00e3o de uso da terra em 1994, mas tem sido amea\u00e7ada de remo\u00e7\u00e3o, com uma s\u00e9rie de justificativas mutantes, relacionadas ao futuro Parque Ol\u00edmpico. Com a lei ao seu lado, os moradores mantiveram-se inflex\u00edveis expressando sua demanda para permanecer, e o caso ainda est\u00e1 nos tribunais.<\/p>\n<p>Alcides Faustino Gomes, um morador idoso da Vila Aut\u00f3dromo, que participou do protesto contra as remo\u00e7\u00f5es, declarou: \u201cEu n\u00e3o quero sair daqui porque aquele local \u00e9 a minha casa, por mais simples que seja ali \u00e9 que \u00e9 a minha casa e a minha vida\u201d, jogando com o t\u00edtulo de programa federal de habita\u00e7\u00e3o<a href=\"http:\/\/bit.ly\/Y4U9oJ\" target=\"_blank\" rel=\"noopener\">Minha Casa, Minha Vida<\/a>. \u201cO gado \u00e9 que voc\u00ea tira e remove para onde voc\u00ea quiser. Agora, eu creio que os seres humanos n\u00e3o, seres humanos t\u00eam vontade pr\u00f3pria, t\u00eam desejos e sonhos\u201d. Ele esclareceu que o condom\u00ednio mensal e os custos de manuten\u00e7\u00e3o do novo Parque Carioca (conjunto habitacional de realoca\u00e7\u00e3o) ser\u00e3o imposs\u00edveis para as fam\u00edlias que ganham o sal\u00e1rio m\u00ednimo.<\/p>\n<p><a href=\"http:\/\/rioonwatch.org\/wp-content\/uploads\/2013\/11\/protest-3.jpg\"><img loading=\"lazy\" decoding=\"async\" class=\"aligncenter\" title=\"Faixa denuncia a venda da terra\" src=\"http:\/\/rioonwatch.org\/wp-content\/uploads\/2013\/11\/protest-3.jpg\" alt=\"\" width=\"336\" height=\"225\" \/><\/a><\/p>\n<p>\u201cO Prefeito Eduardo Paes ignorou o\u00a0<a href=\"http:\/\/bit.ly\/MhfsEx\" target=\"_blank\" rel=\"noopener\">Plano Popular<\/a> da Vila Aut\u00f3dromo para vender a terra para o cons\u00f3rcio Rio Mais \u2013 Andrade Gutierrez, Carvalho Hosken\u00a0e Odebrecht\u201d, dizia um dos cartazes empunhado por moradores na quinta-feira. Isso se refere \u00e0 parceria p\u00fablico-privada que vai facilitar a transfer\u00eancia p\u00f3s-Jogos de 75% do local dos Jogos Ol\u00edmpicos paras as corpora\u00e7\u00f5es imobili\u00e1rias privadas. Os organizadores do protesto argumentaram que um processo de \u201climpeza social\u201d est\u00e1 em curso na Barra da Tijuca, em que os pobres s\u00e3o removidas de terra desej\u00e1vel: \u201cPor que o prefeito n\u00e3o faz\u00a0urbaniza\u00e7\u00e3o, saneamento b\u00e1sico?\u201d perguntou Maria Melo, moradora de longa data.<\/p>\n<p>Insistindo na remo\u00e7\u00e3o, o prefeito, consistentemente,\u00a0<a href=\"http:\/\/bit.ly\/PT7QIx\" target=\"_blank\" rel=\"noopener\">ignorou o Plano Popular para a Vila Aut\u00f3dromo<\/a>, um projeto de urbaniza\u00e7\u00e3o comunit\u00e1rio que tem recebido reconhecimento internacional. A proposta permitiria a perman\u00eancia da Vila Aut\u00f3dromo, a um custo significativamente menor do que as realoca\u00e7\u00f5es de forma que n\u00e3o viole o projeto ol\u00edmpico. Al\u00e9m disso, o Plano do Popular minimiza o n\u00famero de fam\u00edlias removidas com os planos para o reassentamento na pr\u00f3pria comunidade.<\/p>\n<p>Apesar de seu\u00a0<a href=\"http:\/\/bit.ly\/1d6tAuf\" target=\"_blank\" rel=\"noopener\">pedido de desculpas e an\u00fancio<\/a> em agosto de que a comunidade permaneceria no local, a mais recente proposta do prefeito pretende remover 278 fam\u00edlias. Este plano prev\u00ea v\u00e1rias estradas arbitr\u00e1rias e desnecess\u00e1rias que cortam a comunidade para fornecer acesso elevado privativo para atletas e jornalistas para o local dos Jogos Ol\u00edmpicos. Planejadores urbanos suspeitam que este projeto for\u00e7aria a sa\u00edda das 150 casas restantes, devido aos subseq\u00fcentes problemas de drenagem de \u00e1gua.<\/p>\n<p dir=\"ltr\"><a href=\"http:\/\/rioonwatch.org\/wp-content\/uploads\/2013\/11\/Popular-Plan.jpg\"><img loading=\"lazy\" decoding=\"async\" class=\"aligncenter\" title=\"\u00c0 esquerda, o mais recente plano da prefeitura para a Vila Aut\u00f3dromo. \u00c0 direita, o Plano Popular atualizado respondendo \u00e0s novas exig\u00eancias da prefeitura.\" src=\"http:\/\/rioonwatch.org\/wp-content\/uploads\/2013\/11\/Popular-Plan.jpg\" alt=\"\" width=\"336\" height=\"337\" \/><\/a><\/p>\n<p dir=\"ltr\">Em resposta, a equipe por tr\u00e1s do Plano Popular\u2013uma parceria entre moradores, urbanistas e arquitetos da UFRJ e UFF\u2013produziu um design atualizado que preenche os requisitos para as vias de acesso e a ponte de pedestre. O Plano Popular s\u00f3 visa remover 30 fam\u00edlias e aloca espa\u00e7o para o reassentamento dentro da comunidade. A compara\u00e7\u00e3o mostra a facilidade com que o plano da prefeitura pode ser redesenhado para minimizar o n\u00famero de remo\u00e7\u00f5es.<\/p>\n<p>Mostrando disponibilidade consistente para trabalhar dentro das exig\u00eancias estabelecidas pela Prefeitura, a equipe do Plano Popular tem continuamente projetado alternativas que removam menos casas e urbanize a comunidade de maneira digna. Moradores e defensores da comunidade temem que a t\u00e1tica de remo\u00e7\u00e3o parcial, devido a estradas e outras instala\u00e7\u00f5es, inevitavelmente resultar\u00e3o na remo\u00e7\u00e3o completa da Vila Aut\u00f3dromo. Exemplos em outras comunidades t\u00eam demonstrado que as \u00e1reas demolidas criam\u00a0<a href=\"http:\/\/bit.ly\/1cnPA1x\" target=\"_blank\" rel=\"noopener\">condi\u00e7\u00f5es insuport\u00e1veis<\/a> \u200b\u200bque for\u00e7am a sa\u00edda daqueles que permanecem.<\/p>\n<p><strong>T\u00e1ticas Coercitivas da Prefeitura<\/strong><\/p>\n<p>Nos \u00faltimos meses,\u00a0<a href=\"http:\/\/bit.ly\/13e0FNm\" target=\"_blank\" rel=\"noopener\">v\u00e1rias t\u00e1ticas coercitivas<\/a> foram empregadas nas negocia\u00e7\u00f5es habitacionais com a Vila Aut\u00f3dromo. Autoridades da Prefeitura, incluindo o subprefeito da Barra da Tijuca e Jacarepagu\u00e1, Tiago Mohamed, t\u00eam circulado constantemente em uma tentativa de convencer os moradores a se inscreverem para o complexo habitacional Parque Carioca, fazendo\u00a0<a href=\"http:\/\/bit.ly\/13xbIXo\" target=\"_blank\" rel=\"noopener\">falsas promessas<\/a> sobre o tamanho, os custos e regulamentos dos apartamentos que estar\u00e3o recebendo. De acordo com o \u00faltima release da equipe de trabalho do Plano Popular: \u201cPara convenc\u00ea-los a deixarem suas casas, a prefeitura est\u00e1 induzindo moradores a um acordo que n\u00e3o d\u00e1 nenhuma garantia \u00e0s fam\u00edlias e as obriga a abrir m\u00e3o de seus direitos. O documento da prefeitura \u00e9 redigido de tal maneira que o morador que o assina passa a propor a demoli\u00e7\u00e3o da sua pr\u00f3pria casa\u201d.<\/p>\n<p><a href=\"http:\/\/rioonwatch.org\/wp-content\/uploads\/2013\/11\/prefeitura-mentirosa.jpg\"><img loading=\"lazy\" decoding=\"async\" class=\"aligncenter\" title=\"Moradores protestam\" src=\"http:\/\/rioonwatch.org\/wp-content\/uploads\/2013\/11\/prefeitura-mentirosa.jpg\" alt=\"\" width=\"336\" height=\"502\" \/><\/a><\/p>\n<p>Maria Melo estava considerando aceitar a nova moradia no Parque Carioca at\u00e9 que ela participou da\u00a0<a href=\"http:\/\/bit.ly\/1flIPlN\" target=\"_blank\" rel=\"noopener\">reuni\u00e3o com o prefeito no Riocentro<\/a> e percebeu que os moradores est\u00e3o sendo enganados: \u201cAntes eu at\u00e9 estava decidida a negociar e sair. Eu estava achando que as coisas estavam sendo feitas de forma legal e honesta, e elas n\u00e3o est\u00e3o sendo. Eu estive na reuni\u00e3o com ele e depois estive na subprefeitura, e ali eu percebi que o que ele estava falando l\u00e1 n\u00e3o tem muito a ver com o que est\u00e1 sendo feito\u201d.\u00a0Maria continua: \u201cExiste uma press\u00e3o quando voc\u00ea chega l\u00e1 para que as pessoas aceitem o apartamento. Eles falam que voc\u00ea tem que assinar um documento para garantir o seu apartamento e se voc\u00ea diz que n\u00e3o sabe, eles dizem que voc\u00ea corre o risco de depois n\u00e3o ter mais o apartamento.\u00a0Se voc\u00ea pede para avaliar sua casa eles ficam tentando empurrar o m\u00e1ximo o apartamento, e\u00a0quando voc\u00ea diz que quer que a sua casa seja avaliada para saber o valor para poder decidir, a\u00ed eles dizem que vai demorar e colocam muita press\u00e3o para que voc\u00ea desista da avalia\u00e7\u00e3o e aceita o apartamento\u201d.<\/p>\n<p>Lideran\u00e7as comunit\u00e1rias tamb\u00e9m afirmaram que muitos moradores envolvidos na semana passada no \u201cprotesto\u201d foram enganados por funcion\u00e1rios municipais. \u201cN\u00f3s sabemos por fonte dos pr\u00f3prios moradores, que alguns ficaram at\u00e9 muito revoltados, por terem sido enganados porque a ideia era vir a uma reuni\u00e3o com o prefeito, mas quando chegaram dentro do \u00f4nibus j\u00e1 come\u00e7aram a ver que era uma manifesta\u00e7\u00e3o\u201d.<\/p>\n<p><strong>Policiamento Desproporcional no Protesto de Quinta-feira<\/strong><\/p>\n<p>Acontecimentos recentes na Vila Aut\u00f3dromo evidenciam um padr\u00e3o mais amplo de governan\u00e7a urbana que valoriza mais os interesses da elite do que os direitos dos cidad\u00e3os, incluindo o direito ao protesto e \u00e0 liberdade de imprensa, que n\u00e3o esteja vinculada a qualquer centro de poder.<\/p>\n<p>Jane Nascimento, diretora da Associa\u00e7\u00e3o de Moradores da Vila Aut\u00f3dromo, falou sobre as inconsist\u00eancias na receptividade do prefeito para os protestos. \u201cNa semana passada, o prefeito at\u00e9 mandou chamar uma comitiva de moradores pra serem ouvidos. Hoje, eles trancaram os port\u00f5es e chamaram a pol\u00edcia\u201d.<\/p>\n<p dir=\"ltr\"><a rel=\"attachment wp-att-12114\" href=\"https:\/\/forumjustica.com.br\/?attachment_id=12114\"><img loading=\"lazy\" decoding=\"async\" class=\"aligncenter\" title=\"Ativista do Comit\u00ea Popular Vitor Mariano sendo preso pela pol\u00edcia. Foto de Dem\u00e9trio Martins\" src=\"http:\/\/rioonwatch.org\/wp-content\/uploads\/2013\/11\/Vitor-Mariano.jpg\" alt=\"\" width=\"336\" height=\"225\" \/><\/a><\/p>\n<p>Embora, inicialmente, a pol\u00edcia acompanhou a manifesta\u00e7\u00e3o pac\u00edfica, confrontos verbais agressivos come\u00e7aram quando moradores e apoiadores tentaram tomar o controle de uma pista da via principal em frente \u00e0 prefeitura. A chegada de um micro \u00f4nibus transportando mais policiais marcou uma nova escalada de viol\u00eancia, quando a pol\u00edcia come\u00e7ou a empurrar as mulheres idosas para fora do caminho.<\/p>\n<p>Dem\u00e9trio Martins, morador da comunidade do<a href=\"http:\/\/bit.ly\/11b2TzL\" target=\"_blank\" rel=\"noopener\">Horto<\/a> e ativista do movimento\u00a0<a href=\"http:\/\/bit.ly\/1aRGdL0\" target=\"_blank\" rel=\"noopener\">Favela N\u00e3o se Cala<\/a>, que estava filmando o conflito, descreveu que quando o comando chegou, os policiais exerceram uma for\u00e7a desproporcional contra os manifestantes, sendo que ningu\u00e9m estava resistindo.<\/p>\n<p>Por conta do conflicto prenderam o ativista do Comit\u00ea Popular, Vitor Mariano. Falando com rep\u00f3rteres na delegacia depois de sua pris\u00e3o, Mariano recordou que a pol\u00edcia agiu com viol\u00eancia excessiva, mesmo quando ele j\u00e1 estava submetido \u00e0 pris\u00e3o sem fundamento: \u201cEu falei que as pessoas estavam no seu direito \u00e0 livre manifesta\u00e7\u00e3o e ele me prendeu por desobedi\u00eancia e resist\u00eancia\u201d. Mariano foi liberado algumas horas depois, quando imagens de v\u00eddeo provaram que ele n\u00e3o violou nenhuma lei.<\/p>\n<p><strong>Cobertura Assim\u00e9trica da M\u00eddia<\/strong><\/p>\n<p><img loading=\"lazy\" decoding=\"async\" class=\"aligncenter\" title=\"O Globo cobriu o protesto forjado de 30 de Outubro. Foto por Pedro Kirilios \/ Ag\u00eancia O Globo\" src=\"http:\/\/rioonwatch.org\/wp-content\/uploads\/2013\/11\/fake-protest.jpg\" alt=\"\" width=\"336\" height=\"225\" \/><\/p>\n<p>Os participantes do protesto desta quinta-feira ficaram indignados porque a rede Globo tinha coberto o \u201cprotesto\u201d anterior extensivamente na televis\u00e3o e na m\u00eddia impressa na publica\u00e7\u00e3o de um artigo intitulado \u201c<a href=\"http:\/\/glo.bo\/HwmfYI\" target=\"_blank\" rel=\"noopener\">Moradores pedem para sair da Vila Aut\u00f3dromo<\/a>\u201c. Em refer\u00eancia \u00e0 imagem do protesto que a Globo publicou (foto \u00e0 direita), Sandra Isidoro da Silva, uma antiga moradora da Vila Aut\u00f3dromo, que quer permanecer, comentou: \u201cAquilo ali foi uma arma\u00e7\u00e3o, as faixas n\u00e3o s\u00e3o nossas e aquelas pessoas n\u00e3o s\u00e3o da Vila Aut\u00f3dromo\u201d. Em contraste, a cobertura da Globo sobre a manifesta\u00e7\u00e3o de quinta-feira, contra a remo\u00e7\u00e3o, foi uma not\u00edcia de\u00a0<a href=\"http:\/\/glo.bo\/1aMIIxX\" target=\"_blank\" rel=\"noopener\">uma frase sobre o impedimento do tr\u00e1fego<\/a>, lembrando que os moradores tinham fechado v\u00e1rias pistas da Avenida Presidente Vargas e uma breve\u00a0<a href=\"http:\/\/glo.bo\/1aMIIxX\" target=\"_blank\" rel=\"noopener\">nota de dois par\u00e1grafos<\/a>.<\/p>\n<p>A cobertura da grande m\u00eddia dos dois pontos de protestos demonstra um intuito cont\u00ednuo para ignorar ou deslegitimar os esfor\u00e7os de resist\u00eancia. \u00a0A promo\u00e7\u00e3o do complexo habitacional Parque Carioca e a aten\u00e7\u00e3o aos moradores que querem sair s\u00e3o estrat\u00e9gias fundamentais. Maria Melo observou: \u201cQuando o protesto \u00e9 a favor da prefeitura a\u00ed eles mostram, quando \u00e9 contra, eles n\u00e3o mostram, e isso na semana passada ficou muito claro\u201d.<\/p>\n<p dir=\"ltr\"><a rel=\"attachment wp-att-12107\" href=\"https:\/\/forumjustica.com.br\/?attachment_id=12107\"><img loading=\"lazy\" decoding=\"async\" class=\"aligncenter\" title=\"Altair Guimar\u00e3es, presidente da Associa\u00e7\u00e3o dos Moradores da Vila Aut\u00f3dromo\" src=\"http:\/\/rioonwatch.org\/wp-content\/uploads\/2013\/11\/altair.jpg\" alt=\"\" width=\"336\" height=\"287\" \/><\/a><\/p>\n<p>O presidente da Associa\u00e7\u00e3o de Moradores da Vila Aut\u00f3dromo, Altair Guimar\u00e3es, afirma que a Globo ignora intencionalmente: \u201cEles dizem que eu n\u00e3o atendo o telefone, mas eu falei com eles e os convidei para vir aqui hoje!\u201d<\/p>\n<p>Apesar deste convite, uma equipe de filmagem s\u00f3 chegou ao protesto ap\u00f3s os relatos de que a pris\u00e3o havia sido feita. Moradores e seus apoiadores estavam t\u00e3o desconfiados das t\u00e1ticas de manipula\u00e7\u00e3o da Globo que decidiram que ningu\u00e9m deveria dar uma entrevista a menos que fosse transmitida ao vivo. Incapaz de cumprir e irritado com as rea\u00e7\u00f5es a sua presen\u00e7a, os jornalistas deixaram o local quase que imediatamente.<\/p>\n<p>Os moradores est\u00e3o enfurecidos com a deturpa\u00e7\u00e3o da vontade da comunidade. Os n\u00fameros no artigo do Globo sobre o protesto do dia 30 de outubro, por exemplo, falsamente pretendem que apenas 27 das 600 fam\u00edlias da comunidade ainda est\u00e3o resistindo a proposta da prefeitura. No entanto, uma comiss\u00e3o de moradores tem ido de porta em porta, fazendo o registro de n\u00fameros com precis\u00e3o, e nas primeiras semanas j\u00e1 confirmaram que 256 fam\u00edlias querem permanecer.<\/p>\n<p>Os moradores continuam a realizar reuni\u00f5es semanais na comunidade para fortalecerem sua luta. No domingo, 10 de novembro, o Arcebispo do Rio de Janeiro\u00a0<a href=\"http:\/\/bit.ly\/1akAlqG\" target=\"_blank\" rel=\"noopener\">Dom Orani Tempesta conduziu uma missa na comunidade em apoio \u00e0 resist\u00eancia<\/a> dessas fam\u00edlias que desejam ficar.<\/p>\n<p>Maria L\u00facia de Pontes, Defensora P\u00fablica do N\u00facleo de Terras do Rio de Janeiro, recentemente divulgou um comunicado que dizia: \u201cAssim, a decis\u00e3o judicial e a legisla\u00e7\u00e3o de regulariza\u00e7\u00e3o fundi\u00e1ria deve ser respeitada pela Prefeitura do Munic\u00edpio do Rio de Janeiro, permitindo que as fam\u00edlias finalmente possam viver em paz com posses reconhecidas, ruas urbanizadas e servi\u00e7os p\u00fablicos fornecidos\u201d.<\/p>\n<\/div>\n<p><a href=\"http:\/\/rioonwatch.org.br\/?p=8483\">http:\/\/rioonwatch.org.br\/?p=8483<\/a><\/p>\n<p>&nbsp;<\/p>\n","protected":false},"excerpt":{"rendered":"<p>Na tarde do dia 07 de novembro, 100 moradores e simpatizantes da\u00a0Vila Aut\u00f3dromo se reuniram na chuva para protestar do lado de fora da Prefeitura, uma resposta a mais recente t\u00e1tica da Prefeitura para minar a resist\u00eancia \u00e0 remo\u00e7\u00e3o. Uma semana antes, no dia 30 de outubro, ao que parece, funcion\u00e1rios municipais haviamorquestrado um protesto [&hellip;]<\/p>\n","protected":false},"author":13,"featured_media":0,"comment_status":"open","ping_status":"closed","sticky":false,"template":"","format":"standard","meta":{"inline_featured_image":false,"footnotes":""},"categories":[1],"tags":[],"anos":[],"projetos":[],"autorias":[],"eixos_tematicos":[],"locais":[],"pessoas":[],"estado":[],"academia":[],"sociedade_civil":[],"class_list":["post-7493","post","type-post","status-publish","format-standard","hentry","category-noticias"],"_links":{"self":[{"href":"https:\/\/forumjustica.com.br\/en\/wp-json\/wp\/v2\/posts\/7493","targetHints":{"allow":["GET"]}}],"collection":[{"href":"https:\/\/forumjustica.com.br\/en\/wp-json\/wp\/v2\/posts"}],"about":[{"href":"https:\/\/forumjustica.com.br\/en\/wp-json\/wp\/v2\/types\/post"}],"author":[{"embeddable":true,"href":"https:\/\/forumjustica.com.br\/en\/wp-json\/wp\/v2\/users\/13"}],"replies":[{"embeddable":true,"href":"https:\/\/forumjustica.com.br\/en\/wp-json\/wp\/v2\/comments?post=7493"}],"version-history":[{"count":1,"href":"https:\/\/forumjustica.com.br\/en\/wp-json\/wp\/v2\/posts\/7493\/revisions"}],"predecessor-version":[{"id":17441,"href":"https:\/\/forumjustica.com.br\/en\/wp-json\/wp\/v2\/posts\/7493\/revisions\/17441"}],"wp:attachment":[{"href":"https:\/\/forumjustica.com.br\/en\/wp-json\/wp\/v2\/media?parent=7493"}],"wp:term":[{"taxonomy":"category","embeddable":true,"href":"https:\/\/forumjustica.com.br\/en\/wp-json\/wp\/v2\/categories?post=7493"},{"taxonomy":"post_tag","embeddable":true,"href":"https:\/\/forumjustica.com.br\/en\/wp-json\/wp\/v2\/tags?post=7493"},{"taxonomy":"anos","embeddable":true,"href":"https:\/\/forumjustica.com.br\/en\/wp-json\/wp\/v2\/anos?post=7493"},{"taxonomy":"projetos","embeddable":true,"href":"https:\/\/forumjustica.com.br\/en\/wp-json\/wp\/v2\/projetos?post=7493"},{"taxonomy":"autorias","embeddable":true,"href":"https:\/\/forumjustica.com.br\/en\/wp-json\/wp\/v2\/autorias?post=7493"},{"taxonomy":"eixos_tematicos","embeddable":true,"href":"https:\/\/forumjustica.com.br\/en\/wp-json\/wp\/v2\/eixos_tematicos?post=7493"},{"taxonomy":"locais","embeddable":true,"href":"https:\/\/forumjustica.com.br\/en\/wp-json\/wp\/v2\/locais?post=7493"},{"taxonomy":"pessoas","embeddable":true,"href":"https:\/\/forumjustica.com.br\/en\/wp-json\/wp\/v2\/pessoas?post=7493"},{"taxonomy":"estado","embeddable":true,"href":"https:\/\/forumjustica.com.br\/en\/wp-json\/wp\/v2\/estado?post=7493"},{"taxonomy":"academia","embeddable":true,"href":"https:\/\/forumjustica.com.br\/en\/wp-json\/wp\/v2\/academia?post=7493"},{"taxonomy":"sociedade_civil","embeddable":true,"href":"https:\/\/forumjustica.com.br\/en\/wp-json\/wp\/v2\/sociedade_civil?post=7493"}],"curies":[{"name":"wp","href":"https:\/\/api.w.org\/{rel}","templated":true}]}}