{"id":7549,"date":"2013-11-25T09:00:48","date_gmt":"2013-11-25T11:00:48","guid":{"rendered":"https:\/\/forumjustica.vlannetwork.com\/?p=7549"},"modified":"2022-09-04T21:15:52","modified_gmt":"2022-09-05T00:15:52","slug":"seminario-discute-pesquisa-empirica-em-direito-no-brasil-e-tem-conferencia-internacional-sobre-discriminacao-no-emprego","status":"publish","type":"post","link":"https:\/\/forumjustica.com.br\/en\/seminario-discute-pesquisa-empirica-em-direito-no-brasil-e-tem-conferencia-internacional-sobre-discriminacao-no-emprego\/","title":{"rendered":"Semin\u00e1rio discute pesquisa emp\u00edrica em Direito no Brasil e tem confer\u00eancia internacional sobre discrimina\u00e7\u00e3o no emprego"},"content":{"rendered":"<div id=\"header\">\n<div id=\"breadcrumb\"><a href=\"http:\/\/participacao.mj.gov.br\/pensandoodireito\/wp-content\/uploads\/2013\/11\/cartaz.jpg\"><img loading=\"lazy\" decoding=\"async\" title=\"Semin\u00e1rio \u201cPensando a Pesquisa Emp\u00edrica em Direito no Brasil: conjugando m\u00e9todos e aplicando resultados na pol\u00edtica legislativa\u201d ser\u00e1 realizado no audit\u00f3rio Tancredo Neves, do Pal\u00e1cio da Justi\u00e7a, em Bras\u00edlia.\" src=\"http:\/\/participacao.mj.gov.br\/pensandoodireito\/wp-content\/uploads\/2013\/11\/cartaz-212x300.jpg\" alt=\"\" width=\"212\" height=\"300\" \/><\/a>Para discutir a pesquisa emp\u00edrica em Direito realizada nos \u00faltimos anos no Brasil e os resultados pr\u00e1ticos aplicados na pol\u00edtica legislativa do Pa\u00eds, a Secretaria de Assuntos Legislativos do Minist\u00e9rio da Justi\u00e7a vai promover no pr\u00f3ximo dia 26 de novembro (ter\u00e7a-feira) um semin\u00e1rio reunindo\u00a0pesquisadores, gestores p\u00fablicos e uma convidada internacional, a professora da\u00a0<a href=\"http:\/\/www.americanbarfoundation.org\/index.html\" target=\"_blank\" rel=\"noopener\"><strong>American Bar Foundation<\/strong><\/a>(Funda\u00e7\u00e3o da Ordem dos Advogados dos Estados Unidos), Laura Beth Nielsen, refer\u00eancia em pesquisa emp\u00edrica em Direito e Diretora do Centro de Estudos Jur\u00eddicos da<a href=\"http:\/\/www.northwestern.edu\/\" target=\"_blank\" rel=\"noopener\"><strong>Northwestern University<\/strong><\/a>.<\/div>\n<\/div>\n<div id=\"content\">\n<div id=\"post-4519\">\n<div>\n<p>O semin\u00e1rio\u00a0\u201c<em>Pensando a Pesquisa Emp\u00edrica em Direito no Brasil: conjugando m\u00e9todos e aplicando resultados na pol\u00edtica legislativa<\/em>\u201d ser\u00e1 realizado no audit\u00f3rio Tancredo Neves, do Pal\u00e1cio da Justi\u00e7a, em Bras\u00edlia, em parceria com o\u00a0<a href=\"http:\/\/www.ipea.gov.br\/\" target=\"_blank\" rel=\"noopener\"><strong>Instituto de Pesquisa Econ\u00f4mica Aplicada (Ipea)<\/strong><\/a>,\u00a0o\u00a0<a href=\"http:\/\/www.pnud.org.br\/\" target=\"_blank\" rel=\"noopener\"><strong>Programa das Na\u00e7\u00f5es Unidas para o Desenvolvimento (PNUD)<\/strong><\/a> e a\u00a0<a href=\"http:\/\/www.abc.gov.br\/\" target=\"_blank\" rel=\"noopener\"><strong>Ag\u00eancia Brasileira de Coopera\u00e7\u00e3o do Minist\u00e9rio das Rela\u00e7\u00f5es Exteriores (ABC\/MRE)<\/strong><\/a>.<\/p>\n<p>Durante o evento ser\u00e3o lan\u00e7adas as pesquisas do projeto\u00a0<strong>Pensando o Direito<\/strong> realizadas em 2012 e o Volume Especial de 5 anos do projetos.\u00a0As pesquisas de 2012 estar\u00e3o compiladas em dois volumes da edi\u00e7\u00e3o de n\u00famero 49, referente ao tema \u201cMecanismos jur\u00eddicos para a moderniza\u00e7\u00e3o e transpar\u00eancia da gest\u00e3o p\u00fablica\u201d e ser\u00e3o apresentadas na abertura do semin\u00e1rio. Em seguida ser\u00e1 apresentada o volume especial de 5 anos (o n\u00famero 50 da s\u00e9rie), com o tema \u201cO papel da pesquisa na Pol\u00edtica Legislativa \u2013 Metodologia e Relato de Experi\u00eancias do Projeto Pensando o Direito\u201d.<\/p>\n<p>Na parte da tarde do evento, ser\u00e3o apresentados os\u00a0resultados parciais de pesquisas do projeto que ainda est\u00e3o em andamento, em mesas de debates com a presen\u00e7a dos professores coordenadores das pesquisas.<\/p>\n<p><img loading=\"lazy\" decoding=\"async\" title=\"O tema da confer\u00eancia de Laura Beth Nielsen no semin\u00e1rio \u00e9 &quot;Representa\u00e7\u00f5es de justi\u00e7a em casos de discrimina\u00e7\u00e3o no emprego\u201d\" src=\"http:\/\/participacao.mj.gov.br\/pensandoodireito\/wp-content\/uploads\/2013\/11\/laura.jpg\" alt=\"\" width=\"165\" height=\"248\" \/><\/p>\n<p>Um dos pontos altos do semin\u00e1rio \u00e9 a confer\u00eancia da professora Laura Beth Nielsen, que discutir\u00e1 \u2018Os direitos em julgamento: estudando acesso \u00e0 justi\u00e7a, advogados e litig\u00e2ncia nas controv\u00e9rsias sobre pol\u00edticas p\u00fablicas\u2019. Ela apresentar\u00e1 pesquisa sobre as percep\u00e7\u00f5es de justi\u00e7a de litigantes, defensores e advogados em 100 casos de discrimina\u00e7\u00e3o no emprego.\u00a0A pesquisa revela que a no\u00e7\u00e3o de justi\u00e7a n\u00e3o \u00e9 universal, mas situacional, dependente do contexto social e institucional.<\/p>\n<p>Laura Beth Nielsen \u00e9 professora associada de Sociologia e Diretora do Centro de Estudos Jur\u00eddicos da Northwestern University (Chicago) e sua pesquisa aborda\u00a0a capacidade do Direito de promover mudan\u00e7a social. Seu campo principal de atua\u00e7\u00e3o \u00e9 a sociologia do Direito, com interesse particular na consci\u00eancia jur\u00eddica (como pessoas comuns entendem o Direito) e na rela\u00e7\u00e3o entre direito e desigualdades de ra\u00e7a, g\u00eanero e classe. \u00c9 tamb\u00e9m especialista nas\u00a0\u00e1reas de ass\u00e9dio sexual no local de trabalho e em outros locais, direitos civis de empregados em v\u00e1rios temas, incluindo gesta\u00e7\u00e3o, sal\u00e1rios, ra\u00e7a, sexo e nacionalidade; e \u00e9 uma estudiosa das profiss\u00f5es jur\u00eddicas.<\/p>\n<p>Seu primeiro livro, \u201cLicen\u00e7a para ofender: Direito, hierarquias, e discurso p\u00fablico ofensivo\u201d (Princeton University Press, 2004) estuda discursos racistas e sexistas nas ruas, rea\u00e7\u00f5es e respostas a estes, e atitudes sobre o uso do direito para lidar com esse tipo de discurso.<\/p>\n<p>Haver\u00e1 tradu\u00e7\u00e3o simult\u00e2nea.<\/p>\n<p><strong>Confira a programa\u00e7\u00e3o completa do semin\u00e1rio <\/strong>\u201cPensando a Pesquisa Emp\u00edrica em Direito no Brasil: conjugando m\u00e9todos e aplicando resultados na pol\u00edtica legislativa\u201d<\/p>\n<p><strong>Programa\u00e7\u00e3o<\/strong><\/p>\n<p><strong>Data<\/strong>: 26\/11\/2013 \u00a0<strong>Local<\/strong>: Audit\u00f3rio do Minist\u00e9rio da Justi\u00e7a<\/p>\n<p><strong>9 horas<\/strong>:\u00a0<strong>Abertura e lan\u00e7amento das publica\u00e7\u00f5es do Projeto Pensando o Direito<\/strong><\/p>\n<p>N\u00famero 49, Volumes I e II \u2013 Mecanismos jur\u00eddicos para a moderniza\u00e7\u00e3o e transpar\u00eancia da gest\u00e3o p\u00fablica<\/p>\n<p>N\u00famero 50, Volume Especial \u2013 O papel da pesquisa na Pol\u00edtica Legislativa \u2013 Metodologia e Relato de Experi\u00eancias do Projeto Pensando o Direito<\/p>\n<p><strong>10 horas: <\/strong><strong>Confer\u00eancia<\/strong><\/p>\n<p>Profa. Dra. Laura Beth Nielsen &#8211;\u00a0\u201cOs direitos em julgamento: estudando acesso \u00e0 justi\u00e7a, advogados e litig\u00e2ncia nas controv\u00e9rsias sobre pol\u00edticas p\u00fablicas.\u201d<\/p>\n<p><strong>14 horas: Mesa de debates<\/strong><\/p>\n<p><strong>Debatedora<\/strong>: Ela Wiecko Volkmer de Castilho \u2013 Vice-Procuradora Geral da Rep\u00fablica e Professora da UnB<\/p>\n<ul>\n<li> \u201cViol\u00eancias contra a Mulher e as Pr\u00e1ticas Institucionais\u201d (profa. Cristiane Brand\u00e3o\/UFRJ)<\/li>\n<li>\u201cDar \u00e0 luz na sombra: Condi\u00e7\u00f5es atuais e possibilidades futuras para o exerc\u00edcio da maternidade por mulheres em situa\u00e7\u00e3o de pris\u00e3o\u201d (profa. Ana Gabriela Braga\/UNESP)<\/li>\n<li>\u201cA Tributa\u00e7\u00e3o das Organiza\u00e7\u00f5es da Sociedade Civil: condi\u00e7\u00f5es de possibilidade para um Simples Social\u201d (prof. Leonel Cesarino Pessoa\/FGV\/SP)<\/li>\n<\/ul>\n<p><strong>15h45: Mesa de debates<\/strong><\/p>\n<p><strong>Debatedor<\/strong>: Flavio Crocce Caetano \u2013 Secret\u00e1rio de Reforma do Judici\u00e1rio e Professor da PUC\/SP<\/p>\n<ul>\n<li>\u201cPanaceia universal ou rem\u00e9dio constitucional? Habeas Corpus nos Tribunais Superiores\u201d (prof. Thiago Bottino do Amaral\/FGV\/RJ)<\/li>\n<li>\u201cCondi\u00e7\u00f5es atuais e possibilidades futuras para a repara\u00e7\u00e3o de danos por excesso de pris\u00e3o\u201d (prof. Rogerio Dultra Santos\/UFF)<\/li>\n<li>\u201cLitigiosidade e desenvolvimento\u201d (profs. Marcelo Guedes Nunes e Julio Zuccon Trecenti \/ Associa\u00e7\u00e3o Brasileira de Jurimetria \u2013 ABJ)<\/li>\n<\/ul>\n<p>Ser\u00e1 expedido certificado aos participantes que assinarem a lista de presen\u00e7a.<\/p>\n<\/div>\n<\/div>\n<\/div>\n<p>&nbsp;<\/p>\n","protected":false},"excerpt":{"rendered":"<p>Para discutir a pesquisa emp\u00edrica em Direito realizada nos \u00faltimos anos no Brasil e os resultados pr\u00e1ticos aplicados na pol\u00edtica legislativa do Pa\u00eds, a Secretaria de Assuntos Legislativos do Minist\u00e9rio da Justi\u00e7a vai promover no pr\u00f3ximo dia 26 de novembro (ter\u00e7a-feira) um semin\u00e1rio reunindo\u00a0pesquisadores, gestores p\u00fablicos e uma convidada internacional, a professora da\u00a0American Bar Foundation(Funda\u00e7\u00e3o [&hellip;]<\/p>\n","protected":false},"author":13,"featured_media":0,"comment_status":"open","ping_status":"closed","sticky":false,"template":"","format":"standard","meta":{"inline_featured_image":false,"footnotes":""},"categories":[1],"tags":[],"anos":[],"projetos":[],"autorias":[],"eixos_tematicos":[],"locais":[],"pessoas":[],"estado":[],"academia":[],"sociedade_civil":[],"class_list":["post-7549","post","type-post","status-publish","format-standard","hentry","category-noticias"],"_links":{"self":[{"href":"https:\/\/forumjustica.com.br\/en\/wp-json\/wp\/v2\/posts\/7549","targetHints":{"allow":["GET"]}}],"collection":[{"href":"https:\/\/forumjustica.com.br\/en\/wp-json\/wp\/v2\/posts"}],"about":[{"href":"https:\/\/forumjustica.com.br\/en\/wp-json\/wp\/v2\/types\/post"}],"author":[{"embeddable":true,"href":"https:\/\/forumjustica.com.br\/en\/wp-json\/wp\/v2\/users\/13"}],"replies":[{"embeddable":true,"href":"https:\/\/forumjustica.com.br\/en\/wp-json\/wp\/v2\/comments?post=7549"}],"version-history":[{"count":1,"href":"https:\/\/forumjustica.com.br\/en\/wp-json\/wp\/v2\/posts\/7549\/revisions"}],"predecessor-version":[{"id":17432,"href":"https:\/\/forumjustica.com.br\/en\/wp-json\/wp\/v2\/posts\/7549\/revisions\/17432"}],"wp:attachment":[{"href":"https:\/\/forumjustica.com.br\/en\/wp-json\/wp\/v2\/media?parent=7549"}],"wp:term":[{"taxonomy":"category","embeddable":true,"href":"https:\/\/forumjustica.com.br\/en\/wp-json\/wp\/v2\/categories?post=7549"},{"taxonomy":"post_tag","embeddable":true,"href":"https:\/\/forumjustica.com.br\/en\/wp-json\/wp\/v2\/tags?post=7549"},{"taxonomy":"anos","embeddable":true,"href":"https:\/\/forumjustica.com.br\/en\/wp-json\/wp\/v2\/anos?post=7549"},{"taxonomy":"projetos","embeddable":true,"href":"https:\/\/forumjustica.com.br\/en\/wp-json\/wp\/v2\/projetos?post=7549"},{"taxonomy":"autorias","embeddable":true,"href":"https:\/\/forumjustica.com.br\/en\/wp-json\/wp\/v2\/autorias?post=7549"},{"taxonomy":"eixos_tematicos","embeddable":true,"href":"https:\/\/forumjustica.com.br\/en\/wp-json\/wp\/v2\/eixos_tematicos?post=7549"},{"taxonomy":"locais","embeddable":true,"href":"https:\/\/forumjustica.com.br\/en\/wp-json\/wp\/v2\/locais?post=7549"},{"taxonomy":"pessoas","embeddable":true,"href":"https:\/\/forumjustica.com.br\/en\/wp-json\/wp\/v2\/pessoas?post=7549"},{"taxonomy":"estado","embeddable":true,"href":"https:\/\/forumjustica.com.br\/en\/wp-json\/wp\/v2\/estado?post=7549"},{"taxonomy":"academia","embeddable":true,"href":"https:\/\/forumjustica.com.br\/en\/wp-json\/wp\/v2\/academia?post=7549"},{"taxonomy":"sociedade_civil","embeddable":true,"href":"https:\/\/forumjustica.com.br\/en\/wp-json\/wp\/v2\/sociedade_civil?post=7549"}],"curies":[{"name":"wp","href":"https:\/\/api.w.org\/{rel}","templated":true}]}}