{"id":7555,"date":"2013-11-22T09:00:27","date_gmt":"2013-11-22T11:00:27","guid":{"rendered":"https:\/\/forumjustica.vlannetwork.com\/?p=7555"},"modified":"2022-09-04T21:15:52","modified_gmt":"2022-09-05T00:15:52","slug":"a-renap-realizou-seu-xvii-encontro-no-rio-grande-do-sul","status":"publish","type":"post","link":"https:\/\/forumjustica.com.br\/en\/a-renap-realizou-seu-xvii-encontro-no-rio-grande-do-sul\/","title":{"rendered":"A RENAP realizou seu XVII Encontro no Rio Grande do Sul"},"content":{"rendered":"<p><a href=\"https:\/\/forumjustica.com.br\/wp-content\/uploads\/2013\/11\/renap.png\"><img loading=\"lazy\" decoding=\"async\" class=\"aligncenter size-full wp-image-7556\" title=\"renap\" src=\"https:\/\/forumjustica.com.br\/wp-content\/uploads\/2013\/11\/renap.png\" alt=\"\" width=\"482\" height=\"290\" \/><\/a><\/p>\n<p>Entre os dias 14 a 17 de novembro de 2013, a Rede Nacional de Advogados e Advogadas Populares-RENAP realizou seu encontro, no Assentamento Filhos de Sep\u00e9, em Viam\u00e3o-RS. Contou com participa\u00e7\u00e3o de 70 pessoas de 16 estados da Federa\u00e7\u00e3o.<\/p>\n<p>O Encontro iniciou-se com solenidade no Pal\u00e1cio Piratini, com entrega, pelo Governador Tarso Genro, da Medalha Negrinho do Pastoreio ao prof. Jacques Alfonsin, um dos fundadores da Rede. Esta medalha \u00e9 entregue a personalidades que prestam relevantes servi\u00e7os em favor das pessoas, do Estado ou da P\u00e1tria.<\/p>\n<p><a href=\"https:\/\/forumjustica.com.br\/wp-content\/uploads\/2013\/11\/renap-3.png\"><img loading=\"lazy\" decoding=\"async\" class=\"alignleft size-full wp-image-7557\" title=\"renap 3\" src=\"https:\/\/forumjustica.com.br\/wp-content\/uploads\/2013\/11\/renap-3.png\" alt=\"\" width=\"274\" height=\"280\" \/><\/a><a href=\"https:\/\/forumjustica.com.br\/wp-content\/uploads\/2013\/11\/renap-2.png\"><img loading=\"lazy\" decoding=\"async\" class=\"alignright size-full wp-image-7559\" title=\"renap 2\" src=\"https:\/\/forumjustica.com.br\/wp-content\/uploads\/2013\/11\/renap-2.png\" alt=\"\" width=\"272\" height=\"279\" \/><\/a><\/p>\n<p>\u00a0<\/p>\n<p>\u00a0<\/p>\n<p>\u00a0<\/p>\n<p>\u00a0<\/p>\n<p>\u00a0<\/p>\n<p>\u00a0<\/p>\n<p>\u00a0<\/p>\n<p>\u00a0<\/p>\n<p>O Encontro realizou mesas sobre a conjuntura sociopol\u00edtica no pa\u00eds, criminaliza\u00e7\u00e3o dos movimentos sociais, o sistema de justi\u00e7a, modelos de desenvolvimento e os conflitos que decorrem, dentre outros temas. \u00a0Ocorreram tamb\u00e9m duas oficinas, uma sobre cooperativismo e outra sobre o F\u00f3rum Justi\u00e7a e Articula\u00e7\u00e3o Justi\u00e7a e Direitos Humanos- JusDH. Ainda realizou-se duas rodas de conversas, sobre os seguintes assuntos: as quest\u00f5es de g\u00eanero, movimentos sociais e advocacia popular; e a Renap e sua contribui\u00e7\u00e3o junto \u00e0 Ordem dos Advogados do Brasil- OAB.<\/p>\n<p>Ocorreram noites culturais e a Renap fez debate no Programa Vida no Sul, com participa\u00e7\u00e3o tamb\u00e9m do cantor e compositor Pedro Munhoz.<\/p>\n<p>Tamb\u00e9m constou da programa\u00e7\u00e3o o lan\u00e7amento dos seguintes livros:<\/p>\n<p>&#8211; Das legalidades injustas \u00e0s (i)legalidades justas: Estudos sobre direitos humanos, sua defesa por assessoria jur\u00eddica popular em favor de v\u00edtimas, de autoria do prof. Jacques T\u00e1vora Alfonsin, publicado pela Armaz\u00e9m Digital;<\/p>\n<p>&#8211; Sentido Filos\u00f3fico dos Direitos Humanos- Leituras do pensamento contempor\u00e2neo, organizado por Paulo C\u00e9sar Carbonari, publicado ifibe editora;<\/p>\n<p>&#8211; Defensoria P\u00fablica, Assessoria Jur\u00eddica Popular e Movimentos Sociais e Populares: novos caminhos tra\u00e7ados na concretiza\u00e7\u00e3o do direito de acesso \u00e0 justi\u00e7a, organizado por Am\u00e9lia Rocha, Ana Carneiro, Luciana Zaffalon, PriscyllaJoca, Rodrigo de Medeiros e Talita Furtado; publicado por Dedo de Mo\u00e7as Editora.<\/p>\n<p>Na manh\u00e3 do dia 17 de novembro foi realizada a plen\u00e1ria final e, dentre outras coisas, deliberou-se que a sede do Encontro do pr\u00f3ximo ano ser\u00e1 em Natal-RN.<\/p>\n<p>Clique <a href=\"https:\/\/forumjustica.com.br\/wp-content\/uploads\/2013\/11\/Mo\u00e7\u00f5es-do-XVII-Encontro-da-Renap.pdf\">aqui<\/a> para ver as mo\u00e7\u00f5es aprovadas na Plen\u00e1ria final.<\/p>\n<p>\u00a0<\/p>\n<p>\u00a0<\/p>","protected":false},"excerpt":{"rendered":"<p>Entre os dias 14 a 17 de novembro de 2013, a Rede Nacional de Advogados e Advogadas Populares-RENAP realizou seu encontro, no Assentamento Filhos de Sep\u00e9, em Viam\u00e3o-RS. Contou com participa\u00e7\u00e3o de 70 pessoas de 16 estados da Federa\u00e7\u00e3o. O Encontro iniciou-se com solenidade no Pal\u00e1cio Piratini, com entrega, pelo Governador Tarso Genro, da Medalha [&hellip;]<\/p>\n","protected":false},"author":13,"featured_media":0,"comment_status":"open","ping_status":"closed","sticky":false,"template":"","format":"standard","meta":{"inline_featured_image":false,"footnotes":""},"categories":[1],"tags":[],"anos":[],"projetos":[],"autorias":[],"eixos_tematicos":[],"locais":[],"pessoas":[],"estado":[],"academia":[],"sociedade_civil":[],"class_list":["post-7555","post","type-post","status-publish","format-standard","hentry","category-noticias"],"_links":{"self":[{"href":"https:\/\/forumjustica.com.br\/en\/wp-json\/wp\/v2\/posts\/7555","targetHints":{"allow":["GET"]}}],"collection":[{"href":"https:\/\/forumjustica.com.br\/en\/wp-json\/wp\/v2\/posts"}],"about":[{"href":"https:\/\/forumjustica.com.br\/en\/wp-json\/wp\/v2\/types\/post"}],"author":[{"embeddable":true,"href":"https:\/\/forumjustica.com.br\/en\/wp-json\/wp\/v2\/users\/13"}],"replies":[{"embeddable":true,"href":"https:\/\/forumjustica.com.br\/en\/wp-json\/wp\/v2\/comments?post=7555"}],"version-history":[{"count":1,"href":"https:\/\/forumjustica.com.br\/en\/wp-json\/wp\/v2\/posts\/7555\/revisions"}],"predecessor-version":[{"id":17436,"href":"https:\/\/forumjustica.com.br\/en\/wp-json\/wp\/v2\/posts\/7555\/revisions\/17436"}],"wp:attachment":[{"href":"https:\/\/forumjustica.com.br\/en\/wp-json\/wp\/v2\/media?parent=7555"}],"wp:term":[{"taxonomy":"category","embeddable":true,"href":"https:\/\/forumjustica.com.br\/en\/wp-json\/wp\/v2\/categories?post=7555"},{"taxonomy":"post_tag","embeddable":true,"href":"https:\/\/forumjustica.com.br\/en\/wp-json\/wp\/v2\/tags?post=7555"},{"taxonomy":"anos","embeddable":true,"href":"https:\/\/forumjustica.com.br\/en\/wp-json\/wp\/v2\/anos?post=7555"},{"taxonomy":"projetos","embeddable":true,"href":"https:\/\/forumjustica.com.br\/en\/wp-json\/wp\/v2\/projetos?post=7555"},{"taxonomy":"autorias","embeddable":true,"href":"https:\/\/forumjustica.com.br\/en\/wp-json\/wp\/v2\/autorias?post=7555"},{"taxonomy":"eixos_tematicos","embeddable":true,"href":"https:\/\/forumjustica.com.br\/en\/wp-json\/wp\/v2\/eixos_tematicos?post=7555"},{"taxonomy":"locais","embeddable":true,"href":"https:\/\/forumjustica.com.br\/en\/wp-json\/wp\/v2\/locais?post=7555"},{"taxonomy":"pessoas","embeddable":true,"href":"https:\/\/forumjustica.com.br\/en\/wp-json\/wp\/v2\/pessoas?post=7555"},{"taxonomy":"estado","embeddable":true,"href":"https:\/\/forumjustica.com.br\/en\/wp-json\/wp\/v2\/estado?post=7555"},{"taxonomy":"academia","embeddable":true,"href":"https:\/\/forumjustica.com.br\/en\/wp-json\/wp\/v2\/academia?post=7555"},{"taxonomy":"sociedade_civil","embeddable":true,"href":"https:\/\/forumjustica.com.br\/en\/wp-json\/wp\/v2\/sociedade_civil?post=7555"}],"curies":[{"name":"wp","href":"https:\/\/api.w.org\/{rel}","templated":true}]}}