{"id":7610,"date":"2013-11-26T09:00:20","date_gmt":"2013-11-26T11:00:20","guid":{"rendered":"https:\/\/forumjustica.vlannetwork.com\/?p=7610"},"modified":"2022-09-04T21:15:52","modified_gmt":"2022-09-05T00:15:52","slug":"audiencia-publica-remocoes-por-grandes-projetos-na-cidade-do-rio-de-janeiro","status":"publish","type":"post","link":"https:\/\/forumjustica.com.br\/en\/audiencia-publica-remocoes-por-grandes-projetos-na-cidade-do-rio-de-janeiro\/","title":{"rendered":"Audi\u00eancia P\u00fablica: Remo\u00e7\u00f5es por Grandes Projetos na Cidade do Rio de Janeiro"},"content":{"rendered":"<p><a href=\"https:\/\/forumjustica.com.br\/wp-content\/uploads\/2013\/11\/aud_remocoes__3-121.jpg\"><img loading=\"lazy\" decoding=\"async\" src=\"https:\/\/forumjustica.com.br\/wp-content\/uploads\/2013\/11\/aud_remocoes__3-121-300x253-1.jpg\" alt=\"\" title=\"aud_remocoes__3-12\" width=\"300\" height=\"253\" class=\"alignleft size-medium wp-image-7611\" \/><\/a><\/p>\n<p>O Mandato do Vereador Renato Cinco, por meio da Comiss\u00e3o de Direitos Humanos da C\u00e2mara de Vereadores, realizar\u00e1 no dia 03\/12 (ter\u00e7a-feira), \u00e0s 10h, no Plen\u00e1rio da C\u00e2mara, uma audi\u00eancia p\u00fablica com o tema \u201cRemo\u00e7\u00f5es por Grandes Projetos na Cidade do Rio de Janeiro\u201d.<\/p>\n<p>Contaremos com a presen\u00e7a:<br \/>\n&#8211; representante do Comit\u00ea Popular da Copa e Olimp\u00edadas;<br \/>\n&#8211; Jorge Santos &#8211; ex-morador da Vila Recreio II e impactado pela Transoeste;<br \/>\n&#8211; Roberto Marinho &#8211; morador do Morro da Provid\u00eancia;<br \/>\n&#8211; Carlos Vainer &#8211; urbanista e prof. do IPPUR\/UFRJ;<br \/>\n&#8211; Maria L\u00facia de Pontes &#8211; defensora p\u00fablica do N\u00facleo de Terras e Habita\u00e7\u00e3o;<\/p>\n<p>Tamb\u00e9m foram convidados, e aguardamos confirma\u00e7\u00e3o:<br \/>\n&#8211; Secretaria Municipal de Obras;<br \/>\n&#8211; Secretaria Municipal de Habita\u00e7\u00e3o;<br \/>\n&#8211; Prefeito Eduardo Paes.<\/p>\n<p>Diversas remo\u00e7\u00f5es s\u00e3o realizadas na cidade com o argumento de grandes projetos, seja em fun\u00e7\u00e3o dos megaeventos ou de grandes interven\u00e7\u00f5es urbanas. No entanto, o que constatamos s\u00e3o irregularidades e arbitrariedades do poder p\u00fablico. Nas obras da Transoeste, onde realizamos duas visitas de fiscaliza\u00e7\u00e3o, a maior parte das \u00e1reas removidas hoje est\u00e1 inutilizada e muitos de seus ex-moradores receberam indeniza\u00e7\u00f5es irris\u00f3rias ou mesmo nenhum pagamento. Por outro lado, as propostas de reassentamento s\u00e3o para locais muito distantes de suas moradias, contrariando a legisla\u00e7\u00e3o em vigor. O mesmo vem ocorrendo na constru\u00e7\u00e3o das novas Trans e nas obras do Porto, \u00e1reas de grande expans\u00e3o do mercado imobili\u00e1rio.<\/p>\n<p>Queremos transpar\u00eancia nos grandes projetos da prefeitura e o respeito aos direitos da popula\u00e7\u00e3o. Nesse dia buscaremos explica\u00e7\u00f5es sobre as remo\u00e7\u00f5es j\u00e1 realizadas, medidas concretas para aqueles que tiveram seus direitos violados e a cobran\u00e7a que a\u00e7\u00f5es como essas n\u00e3o se repitam em nossa cidade.<\/p>\n<p>QUANDO: 03\/12, Ter\u00e7a, \u00e0s 10h<br \/>\nONDE: Plen\u00e1rio da C\u00e2mara Municipal do Rio de Janeiro, Cinel\u00e2ndia (entrada pela Rua Alcindo Guanabara)<\/p>\n<p>*A entrada \u00e9 livre, bastando apresentar documento de identidade. Homens precisam estar com cal\u00e7a comprida e sapato ou t\u00eanis.<\/p>\n<p>http:\/\/www.facebook.com\/events\/227296634103671\/<\/p>\n<p>+ INFORMA\u00c7\u00d5ES:<br \/>\nGabinete do Vereador Renato Cinco<br \/>\nPra\u00e7a Floriano, s\/n, Cinel\u00e2ndia. Anexo da C\u00e2mara Municipal, Gab. 504.<br \/>\nTelefone: 3814-2026 \/ 3814-2027<br \/>\nfacebook.com\/renatocinco<br \/>\nwww.renatocinco.com<\/p>","protected":false},"excerpt":{"rendered":"<p>O Mandato do Vereador Renato Cinco, por meio da Comiss\u00e3o de Direitos Humanos da C\u00e2mara de Vereadores, realizar\u00e1 no dia 03\/12 (ter\u00e7a-feira), \u00e0s 10h, no Plen\u00e1rio da C\u00e2mara, uma audi\u00eancia p\u00fablica com o tema \u201cRemo\u00e7\u00f5es por Grandes Projetos na Cidade do Rio de Janeiro\u201d. Contaremos com a presen\u00e7a: &#8211; representante do Comit\u00ea Popular da Copa [&hellip;]<\/p>\n","protected":false},"author":13,"featured_media":0,"comment_status":"open","ping_status":"closed","sticky":false,"template":"","format":"standard","meta":{"inline_featured_image":false,"footnotes":""},"categories":[1],"tags":[],"anos":[],"projetos":[],"autorias":[],"eixos_tematicos":[],"locais":[],"pessoas":[],"estado":[],"academia":[],"sociedade_civil":[],"class_list":["post-7610","post","type-post","status-publish","format-standard","hentry","category-noticias"],"_links":{"self":[{"href":"https:\/\/forumjustica.com.br\/en\/wp-json\/wp\/v2\/posts\/7610","targetHints":{"allow":["GET"]}}],"collection":[{"href":"https:\/\/forumjustica.com.br\/en\/wp-json\/wp\/v2\/posts"}],"about":[{"href":"https:\/\/forumjustica.com.br\/en\/wp-json\/wp\/v2\/types\/post"}],"author":[{"embeddable":true,"href":"https:\/\/forumjustica.com.br\/en\/wp-json\/wp\/v2\/users\/13"}],"replies":[{"embeddable":true,"href":"https:\/\/forumjustica.com.br\/en\/wp-json\/wp\/v2\/comments?post=7610"}],"version-history":[{"count":1,"href":"https:\/\/forumjustica.com.br\/en\/wp-json\/wp\/v2\/posts\/7610\/revisions"}],"predecessor-version":[{"id":17430,"href":"https:\/\/forumjustica.com.br\/en\/wp-json\/wp\/v2\/posts\/7610\/revisions\/17430"}],"wp:attachment":[{"href":"https:\/\/forumjustica.com.br\/en\/wp-json\/wp\/v2\/media?parent=7610"}],"wp:term":[{"taxonomy":"category","embeddable":true,"href":"https:\/\/forumjustica.com.br\/en\/wp-json\/wp\/v2\/categories?post=7610"},{"taxonomy":"post_tag","embeddable":true,"href":"https:\/\/forumjustica.com.br\/en\/wp-json\/wp\/v2\/tags?post=7610"},{"taxonomy":"anos","embeddable":true,"href":"https:\/\/forumjustica.com.br\/en\/wp-json\/wp\/v2\/anos?post=7610"},{"taxonomy":"projetos","embeddable":true,"href":"https:\/\/forumjustica.com.br\/en\/wp-json\/wp\/v2\/projetos?post=7610"},{"taxonomy":"autorias","embeddable":true,"href":"https:\/\/forumjustica.com.br\/en\/wp-json\/wp\/v2\/autorias?post=7610"},{"taxonomy":"eixos_tematicos","embeddable":true,"href":"https:\/\/forumjustica.com.br\/en\/wp-json\/wp\/v2\/eixos_tematicos?post=7610"},{"taxonomy":"locais","embeddable":true,"href":"https:\/\/forumjustica.com.br\/en\/wp-json\/wp\/v2\/locais?post=7610"},{"taxonomy":"pessoas","embeddable":true,"href":"https:\/\/forumjustica.com.br\/en\/wp-json\/wp\/v2\/pessoas?post=7610"},{"taxonomy":"estado","embeddable":true,"href":"https:\/\/forumjustica.com.br\/en\/wp-json\/wp\/v2\/estado?post=7610"},{"taxonomy":"academia","embeddable":true,"href":"https:\/\/forumjustica.com.br\/en\/wp-json\/wp\/v2\/academia?post=7610"},{"taxonomy":"sociedade_civil","embeddable":true,"href":"https:\/\/forumjustica.com.br\/en\/wp-json\/wp\/v2\/sociedade_civil?post=7610"}],"curies":[{"name":"wp","href":"https:\/\/api.w.org\/{rel}","templated":true}]}}