{"id":7619,"date":"2013-11-28T09:00:55","date_gmt":"2013-11-28T11:00:55","guid":{"rendered":"https:\/\/forumjustica.vlannetwork.com\/?p=7619"},"modified":"2022-09-04T21:15:52","modified_gmt":"2022-09-05T00:15:52","slug":"defensoria-publica-de-direitos-humanos-consegue-decisao-inedita-para-anulacao-de-reintegracao-de-posse-em-mg","status":"publish","type":"post","link":"https:\/\/forumjustica.com.br\/en\/defensoria-publica-de-direitos-humanos-consegue-decisao-inedita-para-anulacao-de-reintegracao-de-posse-em-mg\/","title":{"rendered":"Defensoria P\u00fablica de Direitos Humanos consegue decis\u00e3o in\u00e9dita para anula\u00e7\u00e3o de reintegra\u00e7\u00e3o de posse em MG"},"content":{"rendered":"<p>26\/11\/2013 &#8211; 14:11<br \/>\nFonte: Ascom\/ ADEP-MG<br \/>\nEstado: MG<\/p>\n<p>A Defensoria P\u00fablica Especializada em Direitos Humanos, Coletivos e Socioambientais (DPDH) de Belo Horizonte conseguiu por meio de um recurso interposto no Tribunal de Justi\u00e7a de Minas Gerais a nulidade da decis\u00e3o liminar de reintegra\u00e7\u00e3o de posse envolvendo um conflito rural coletivo em Patroc\u00ednio de Minas, no Tri\u00e2ngulo Mineiro.  A anula\u00e7\u00e3o se baseou na indetermina\u00e7\u00e3o do polo passivo, o que torna a decis\u00e3o in\u00e9dita no estado.<\/p>\n<p>O ac\u00f3rd\u00e3o publicado pelo TJMG sentencia a nulidade da decis\u00e3o agravada, uma vez que a intima\u00e7\u00e3o por edital dos poss\u00edveis interessados foi feita \u201cde forma t\u00e3o abrangente e gen\u00e9rica que resta invi\u00e1vel, se n\u00e3o at\u00e9 mesmo imposs\u00edvel, delimitar o grupo de indiv\u00edduos\u201d. O texto diz ainda que \u201ctendo em vista que a decis\u00e3o que determina a cita\u00e7\u00e3o e intima\u00e7\u00e3o por edital de uma coletividade indeterminada de pessoas viola dispositivos processuais, bem como jurisprud\u00eancia consolidada, deve ser declarada a sua nulidade, para que outra seja proferida em seu lugar\u201d.<\/p>\n<p>De acordo com a defensora p\u00fablica Cryzthiane Andrade Linhares, a anula\u00e7\u00e3o da decis\u00e3o do ju\u00edzo de primeiro grau representou uma importante vit\u00f3ria nos conflitos fundi\u00e1rios agr\u00e1rios em que a Defensoria P\u00fablica de Minas Gerais, por meio da DPDH, atua como curadora especial, o que demonstra a essencialidade da atua\u00e7\u00e3o institucional nessas demandas. &#8220;A curadoria especial n\u00e3o se presta para garantir a indetermina\u00e7\u00e3o absoluta do polo passivo de qualquer demanda, sendo certo que a cita\u00e7\u00e3o por edital n\u00e3o serve para que o autor inclua no polo passivo da a\u00e7\u00e3o todas as pessoas que vivem no pa\u00eds, ou no mundo&#8221;, destacou a defensora.<\/p>\n<p>A atua\u00e7\u00e3o da Defensoria P\u00fablica Especializada em Direitos Humanos, Coletivos e Socioambientais envolvendo conflitos fundi\u00e1rios rurais abrange todo estado, uma vez que esses processos s\u00e3o julgados em Belo Horizonte por um juiz da Vara Agr\u00e1ria e tem a DPDH como curadora especial.<\/p>\n<p><a href=\"http:\/\/www.anadep.org.br\/wtk\/pagina\/materia?id=18608\">http:\/\/www.anadep.org.br\/wtk\/pagina\/materia?id=18608<\/a><\/p>\n","protected":false},"excerpt":{"rendered":"<p>26\/11\/2013 &#8211; 14:11 Fonte: Ascom\/ ADEP-MG Estado: MG A Defensoria P\u00fablica Especializada em Direitos Humanos, Coletivos e Socioambientais (DPDH) de Belo Horizonte conseguiu por meio de um recurso interposto no Tribunal de Justi\u00e7a de Minas Gerais a nulidade da decis\u00e3o liminar de reintegra\u00e7\u00e3o de posse envolvendo um conflito rural coletivo em Patroc\u00ednio de Minas, no [&hellip;]<\/p>\n","protected":false},"author":13,"featured_media":0,"comment_status":"open","ping_status":"closed","sticky":false,"template":"","format":"standard","meta":{"inline_featured_image":false,"footnotes":""},"categories":[1],"tags":[],"anos":[],"projetos":[],"autorias":[],"eixos_tematicos":[],"locais":[],"pessoas":[],"estado":[],"academia":[],"sociedade_civil":[],"class_list":["post-7619","post","type-post","status-publish","format-standard","hentry","category-noticias"],"_links":{"self":[{"href":"https:\/\/forumjustica.com.br\/en\/wp-json\/wp\/v2\/posts\/7619","targetHints":{"allow":["GET"]}}],"collection":[{"href":"https:\/\/forumjustica.com.br\/en\/wp-json\/wp\/v2\/posts"}],"about":[{"href":"https:\/\/forumjustica.com.br\/en\/wp-json\/wp\/v2\/types\/post"}],"author":[{"embeddable":true,"href":"https:\/\/forumjustica.com.br\/en\/wp-json\/wp\/v2\/users\/13"}],"replies":[{"embeddable":true,"href":"https:\/\/forumjustica.com.br\/en\/wp-json\/wp\/v2\/comments?post=7619"}],"version-history":[{"count":1,"href":"https:\/\/forumjustica.com.br\/en\/wp-json\/wp\/v2\/posts\/7619\/revisions"}],"predecessor-version":[{"id":17428,"href":"https:\/\/forumjustica.com.br\/en\/wp-json\/wp\/v2\/posts\/7619\/revisions\/17428"}],"wp:attachment":[{"href":"https:\/\/forumjustica.com.br\/en\/wp-json\/wp\/v2\/media?parent=7619"}],"wp:term":[{"taxonomy":"category","embeddable":true,"href":"https:\/\/forumjustica.com.br\/en\/wp-json\/wp\/v2\/categories?post=7619"},{"taxonomy":"post_tag","embeddable":true,"href":"https:\/\/forumjustica.com.br\/en\/wp-json\/wp\/v2\/tags?post=7619"},{"taxonomy":"anos","embeddable":true,"href":"https:\/\/forumjustica.com.br\/en\/wp-json\/wp\/v2\/anos?post=7619"},{"taxonomy":"projetos","embeddable":true,"href":"https:\/\/forumjustica.com.br\/en\/wp-json\/wp\/v2\/projetos?post=7619"},{"taxonomy":"autorias","embeddable":true,"href":"https:\/\/forumjustica.com.br\/en\/wp-json\/wp\/v2\/autorias?post=7619"},{"taxonomy":"eixos_tematicos","embeddable":true,"href":"https:\/\/forumjustica.com.br\/en\/wp-json\/wp\/v2\/eixos_tematicos?post=7619"},{"taxonomy":"locais","embeddable":true,"href":"https:\/\/forumjustica.com.br\/en\/wp-json\/wp\/v2\/locais?post=7619"},{"taxonomy":"pessoas","embeddable":true,"href":"https:\/\/forumjustica.com.br\/en\/wp-json\/wp\/v2\/pessoas?post=7619"},{"taxonomy":"estado","embeddable":true,"href":"https:\/\/forumjustica.com.br\/en\/wp-json\/wp\/v2\/estado?post=7619"},{"taxonomy":"academia","embeddable":true,"href":"https:\/\/forumjustica.com.br\/en\/wp-json\/wp\/v2\/academia?post=7619"},{"taxonomy":"sociedade_civil","embeddable":true,"href":"https:\/\/forumjustica.com.br\/en\/wp-json\/wp\/v2\/sociedade_civil?post=7619"}],"curies":[{"name":"wp","href":"https:\/\/api.w.org\/{rel}","templated":true}]}}