{"id":7632,"date":"2013-12-02T09:00:06","date_gmt":"2013-12-02T11:00:06","guid":{"rendered":"https:\/\/forumjustica.vlannetwork.com\/?p=7632"},"modified":"2022-09-04T21:15:52","modified_gmt":"2022-09-05T00:15:52","slug":"anadep-participa-da-solenidade-de-premiacao-do-x-innovare","status":"publish","type":"post","link":"https:\/\/forumjustica.com.br\/en\/anadep-participa-da-solenidade-de-premiacao-do-x-innovare\/","title":{"rendered":"ANADEP participa da solenidade de premia\u00e7\u00e3o do X Innovare"},"content":{"rendered":"<p>28\/11\/2013 &#8211; 14:44<\/p>\n<p>Fonte: Ascom ANADEP *Com informa\u00e7\u00f5es do Innovare<br \/>\nEstado: DF<\/p>\n<div>\n<table cellspacing=\"0\" cellpadding=\"0\">\n<tbody>\n<tr>\n<td><img decoding=\"async\" class=\"alignnone\" src=\"http:\/\/www.anadep.org.br\/wtksite\/cms\/conteudo\/18630\/DSC_0216.JPG\" alt=\"\" \/><\/td>\n<\/tr>\n<\/tbody>\n<\/table>\n<div>O vice-presidente da ANADEP, St\u00e9fano Pedroso, participou nesta quinta-feira (28) da cerim\u00f4nia de premia\u00e7\u00e3o da X Edi\u00e7\u00e3o do Pr\u00eamio Innovare, na Sala de Sess\u00f5es da Primeira Turma do Supremo Tribunal Federal (STF). Acompanharam tamb\u00e9m a solenidade, a diretora acad\u00eamica adjunta da Associa\u00e7\u00e3o, Adriana Burger, e o diretor de assuntos internacionais e ex-presidente da ANADEP, Andr\u00e9 Castro. Em 2013, o n\u00famero total de trabalhos (463) inscritos superou em mais de 12% o do ano passado, mesmo sem a premia\u00e7\u00e3o em dinheiro, retirada para cumprir a resolu\u00e7\u00e3o do CNJ.<\/div>\n<div>Ao todo, foram avaliadas seis categorias: Defensoria P\u00fablica, juiz, advocacia, Minist\u00e9rio P\u00fablico, Tribunal e, pela primeira vez, monografias de profissionais e graduados de qualquer \u00e1rea de atua\u00e7\u00e3o na Categoria Especial, que teve como tema \u201cA Justi\u00e7a do S\u00e9culo XXI\u201d.<\/div>\n<div>Ao abrir a cerim\u00f4nia, o presidente do Conselho Superior e ex-presidente do STF, Carlos Ayres Britto, enalteceu a import\u00e2ncia do pr\u00eamio para o fortalecimento do Sistema de Justi\u00e7a. \u201cEstamos no d\u00e9cimo ano do Innovare, que se destina a contribuir para o crescimento e o fortalecimento do Sistema de Justi\u00e7a. O pr\u00eamio identifica, estimula e premia v\u00e1rias pr\u00e1ticas exitosas, que ao longo dos anos, t\u00eam auxiliado o Poder Judici\u00e1rio a operar com mais qualidade e tamb\u00e9m permitir acessibilidade. O Innovare contribui para reduzir custos financeiros na tramita\u00e7\u00e3o dos processos judiciais; ele favorece que o judici\u00e1rio seja do seu tempo\u201d, pontuou Ayres Britto.<\/div>\n<div>Tamb\u00e9m presente na solenidade, o ministro da Justi\u00e7a, Jos\u00e9 Eduardo Cardozo, destacou os 25 anos da Constitui\u00e7\u00e3o Federal Brasileira. \u201cO Brasil \u00e9 uma democracia. \u00c9 um Estado de Direito. Ser democr\u00e1tico e ser Rep\u00fablica \u00e9 algo que deve ser buscado no nosso cotidiano. Isto significa lutar para melhorar nosso Sistema de Justi\u00e7a. Buscar melhorias no setor p\u00fablico e privado. Buscar que os agentes p\u00fablicos cumpram o seu dever por meio das leis. \u00c9 nessa perspectiva que o Innovare aperfei\u00e7oa n\u00e3o s\u00f3 o Poder Judici\u00e1rio, mas todo o Sistema de Justi\u00e7a, por meio da premia\u00e7\u00e3o de pr\u00e1ticas que visam uma sinergia social\u201d, afirmou.<\/div>\n<div><img loading=\"lazy\" decoding=\"async\" class=\"alignleft\" src=\"http:\/\/www.anadep.org.br\/wtksite\/cms\/conteudo\/18630\/DSC_0204.JPG\" alt=\"\" width=\"358\" height=\"230\" \/><\/div>\n<div><strong>Defensoria P\u00fablica &#8211;<\/strong> A Defensoria P\u00fablica foi um dos destaques do Innovare. A pr\u00e1tica premiada foi\u00a0<strong>\u201cOrganizar para conhecer, enfrentar e resolver: abirgo n\u00e3o \u00e9 fam\u00edlia!\u201d<\/strong>, desenvolvida em Fortaleza (CE) pelos defensores Andrea Coelho, Juliana Nogueira Andrade Lima e Tib\u00e9rio Augusto Lima de Melo. O trabalho prev\u00ea visitas semanais e peri\u00f3dicas do N\u00facleo de Atendimento da Defensoria a Inf\u00e2ncia e Juventude (Nadij) aos abrigos de crian\u00e7as e adolescentes em Fortaleza. O objetivo \u00e9 verificar a situa\u00e7\u00e3o processual de cada acolhido. A iniciativa inclui ainda a organiza\u00e7\u00e3o e sistematiza\u00e7\u00e3o dos dados no Sistema de Acompanhamento de Crian\u00e7as e Adolescentes Acolhidos \u2013 SACADA, um sistema computadorizado desenvolvido pela pr\u00f3pria Defensoria P\u00fablica para acompanhar a situa\u00e7\u00e3o de cada acolhido. A meta \u00e9 aumentar o n\u00famero de informa\u00e7\u00f5es sobre a realidade desses menores, para que a Defensoria possa agilizar provid\u00eancias ou encaminhar quest\u00f5es que n\u00e3o s\u00e3o de sua compet\u00eancia a outros \u00f3rg\u00e3os.<\/div>\n<div>Tamb\u00e9m foram homenageadas mais duas pr\u00e1ticas da Institui\u00e7\u00e3o. A primeira foi da Defensoria P\u00fablica da Uni\u00e3o, com o tema<strong>\u201cAssist\u00eancia Jur\u00eddica Internacional\u201d<\/strong>, que visa auxiliar os estrangeiros que residem no Brasil e aos brasileiros no exterior na resolu\u00e7\u00e3o de quest\u00f5es comuns, como solicita\u00e7\u00e3o de documenta\u00e7\u00e3o para perman\u00eancia no pa\u00eds e a guarda de filhos em caso de separa\u00e7\u00e3o de pais de diferentes nacionalidades. A segunda homenagem foi tamb\u00e9m para a Defensoria P\u00fablica do Cear\u00e1 com a iniciativa\u00a0<strong>\u201cDoa\u00e7\u00e3o, meu direito\u201d<\/strong>, defendida pelos defensores: Andrea Coelho, R\u00e9gis Pinheiro, Aluizio J\u00e1come de Moura J\u00fanior, Carlos Levis Costa Pessoa, Carlos Ernesto Vieira Cavalcante Filho e Francisco Rubens Lima J\u00fanior. A pr\u00e1tica tem por objetivo viabilizar a realiza\u00e7\u00e3o de transplantes, quando os parentes do potencial doador demonstrarem interesse em autorizar a doa\u00e7\u00e3o de \u00f3rg\u00e3os e tecidos, mas n\u00e3o preencherem os requisitos da Lei 9.434\/97, que regulamenta sobre os transplantes no pa\u00eds. \u201cDoa\u00e7\u00e3o, meu direito\u201d prop\u00f5e que a Defensoria atue em casos onde h\u00e1 um entrave formal ou burocr\u00e1tico \u00e0 efetiva\u00e7\u00e3o da doa\u00e7\u00e3o, evitando, sempre que poss\u00edvel, a judicializa\u00e7\u00e3o da demanda.<\/div>\n<div>Segundo o ministro e presidente do STF, Joaquim Barbosa, \u00e9 essencial que o Poder Judici\u00e1rio se aprimore para prestar um servi\u00e7o de qualidade \u00e0 sociedade. \u201cEste pr\u00eamio \u00e9 o reconhecimento de um trabalho que contribui para que as pr\u00e1ticas seja um servi\u00e7o em benef\u00edcio de todos. \u00c9 a busca do bem comum por meio da Justi\u00e7a. O Innovare contribui para que essa comenda torne a nossa justi\u00e7a c\u00e9lere e eficiente como quer a sociedade brasileira\u201d.<\/div>\n<div>Os vencedores receberam trof\u00e9us e men\u00e7\u00e3o honrosa. Veja a lista completa de agraciados\u00a0<a href=\"http:\/\/www.anadep.org.br\/wtksite\/cms\/conteudo\/18630\/Premiados.pdf\" target=\"_blank\" rel=\"noopener\"><strong>aqui.<\/strong><\/a><\/div>\n<div><strong><br \/>\n<\/strong><\/div>\n<div><img loading=\"lazy\" decoding=\"async\" class=\"alignright\" src=\"http:\/\/www.anadep.org.br\/wtksite\/cms\/conteudo\/18630\/DSC_0222.JPG\" alt=\"\" width=\"415\" height=\"240\" \/><\/div>\n<div><strong>O Innovare &#8211; <\/strong>O Pr\u00eamio \u00e9 uma iniciativa do Instituto Innovare, em parceria com a Associa\u00e7\u00e3o Nacional dos Defensores P\u00fablicos (ANADEP), Associa\u00e7\u00e3o dos Magistrados Brasileiros, Superior Tribunal de Justi\u00e7a, Minist\u00e9rio da Justi\u00e7a, Associa\u00e7\u00e3o Nacional dos Membros do Minist\u00e9rio P\u00fablico, Associa\u00e7\u00e3o dos Ju\u00edzes Federais do Brasil, Associa\u00e7\u00e3o Nacional dos Procuradores da Rep\u00fablica, Ordem dos Advogados do Brasil e as Organiza\u00e7\u00f5es Globo.<\/div>\n<\/div>\n<p>&nbsp;<\/p>\n<p>&nbsp;<\/p>\n<p>&nbsp;<\/p>\n<p><a href=\"http:\/\/www.anadep.org.br\/wtk\/pagina\/materia?id=18630\">http:\/\/www.anadep.org.br\/wtk\/pagina\/materia?id=18630<\/a><\/p>\n","protected":false},"excerpt":{"rendered":"<p>28\/11\/2013 &#8211; 14:44 Fonte: Ascom ANADEP *Com informa\u00e7\u00f5es do Innovare Estado: DF O vice-presidente da ANADEP, St\u00e9fano Pedroso, participou nesta quinta-feira (28) da cerim\u00f4nia de premia\u00e7\u00e3o da X Edi\u00e7\u00e3o do Pr\u00eamio Innovare, na Sala de Sess\u00f5es da Primeira Turma do Supremo Tribunal Federal (STF). Acompanharam tamb\u00e9m a solenidade, a diretora acad\u00eamica adjunta da Associa\u00e7\u00e3o, Adriana [&hellip;]<\/p>\n","protected":false},"author":13,"featured_media":0,"comment_status":"open","ping_status":"closed","sticky":false,"template":"","format":"standard","meta":{"inline_featured_image":false,"footnotes":""},"categories":[1],"tags":[],"anos":[],"projetos":[],"autorias":[],"eixos_tematicos":[],"locais":[],"pessoas":[],"estado":[],"academia":[],"sociedade_civil":[],"class_list":["post-7632","post","type-post","status-publish","format-standard","hentry","category-noticias"],"_links":{"self":[{"href":"https:\/\/forumjustica.com.br\/en\/wp-json\/wp\/v2\/posts\/7632","targetHints":{"allow":["GET"]}}],"collection":[{"href":"https:\/\/forumjustica.com.br\/en\/wp-json\/wp\/v2\/posts"}],"about":[{"href":"https:\/\/forumjustica.com.br\/en\/wp-json\/wp\/v2\/types\/post"}],"author":[{"embeddable":true,"href":"https:\/\/forumjustica.com.br\/en\/wp-json\/wp\/v2\/users\/13"}],"replies":[{"embeddable":true,"href":"https:\/\/forumjustica.com.br\/en\/wp-json\/wp\/v2\/comments?post=7632"}],"version-history":[{"count":1,"href":"https:\/\/forumjustica.com.br\/en\/wp-json\/wp\/v2\/posts\/7632\/revisions"}],"predecessor-version":[{"id":17426,"href":"https:\/\/forumjustica.com.br\/en\/wp-json\/wp\/v2\/posts\/7632\/revisions\/17426"}],"wp:attachment":[{"href":"https:\/\/forumjustica.com.br\/en\/wp-json\/wp\/v2\/media?parent=7632"}],"wp:term":[{"taxonomy":"category","embeddable":true,"href":"https:\/\/forumjustica.com.br\/en\/wp-json\/wp\/v2\/categories?post=7632"},{"taxonomy":"post_tag","embeddable":true,"href":"https:\/\/forumjustica.com.br\/en\/wp-json\/wp\/v2\/tags?post=7632"},{"taxonomy":"anos","embeddable":true,"href":"https:\/\/forumjustica.com.br\/en\/wp-json\/wp\/v2\/anos?post=7632"},{"taxonomy":"projetos","embeddable":true,"href":"https:\/\/forumjustica.com.br\/en\/wp-json\/wp\/v2\/projetos?post=7632"},{"taxonomy":"autorias","embeddable":true,"href":"https:\/\/forumjustica.com.br\/en\/wp-json\/wp\/v2\/autorias?post=7632"},{"taxonomy":"eixos_tematicos","embeddable":true,"href":"https:\/\/forumjustica.com.br\/en\/wp-json\/wp\/v2\/eixos_tematicos?post=7632"},{"taxonomy":"locais","embeddable":true,"href":"https:\/\/forumjustica.com.br\/en\/wp-json\/wp\/v2\/locais?post=7632"},{"taxonomy":"pessoas","embeddable":true,"href":"https:\/\/forumjustica.com.br\/en\/wp-json\/wp\/v2\/pessoas?post=7632"},{"taxonomy":"estado","embeddable":true,"href":"https:\/\/forumjustica.com.br\/en\/wp-json\/wp\/v2\/estado?post=7632"},{"taxonomy":"academia","embeddable":true,"href":"https:\/\/forumjustica.com.br\/en\/wp-json\/wp\/v2\/academia?post=7632"},{"taxonomy":"sociedade_civil","embeddable":true,"href":"https:\/\/forumjustica.com.br\/en\/wp-json\/wp\/v2\/sociedade_civil?post=7632"}],"curies":[{"name":"wp","href":"https:\/\/api.w.org\/{rel}","templated":true}]}}