{"id":7746,"date":"2013-12-09T09:00:10","date_gmt":"2013-12-09T11:00:10","guid":{"rendered":"https:\/\/forumjustica.vlannetwork.com\/?p=7746"},"modified":"2022-09-04T21:15:51","modified_gmt":"2022-09-05T00:15:51","slug":"lancamento-do-livro-injustica-ambiental-e-saude-no-brasil-o-mapa-de-conflitos","status":"publish","type":"post","link":"https:\/\/forumjustica.com.br\/en\/lancamento-do-livro-injustica-ambiental-e-saude-no-brasil-o-mapa-de-conflitos\/","title":{"rendered":"Lan\u00e7amento do livro: Injusti\u00e7a Ambiental e Sa\u00fade no Brasil: o Mapa de Conflitos"},"content":{"rendered":"<p><img decoding=\"async\" src=\"https:\/\/mail.google.com\/mail\/u\/0\/?ui=2&amp;ik=a65cc00123&amp;view=att&amp;th=142af335dc63da54&amp;attid=0.1&amp;disp=emb&amp;realattid=ii_142a95a236ab23dc&amp;zw&amp;atsh=1\" alt=\"Imagem inline 2\" \/><\/p>\n<p>&nbsp;<\/p>\n<p><strong>Injusti\u00e7a Ambiental e Sa\u00fade no Brasil: o Mapa de Conflitos<\/strong>, livro organizado por Marcelo Firpo Porto, Tania Pacheco e Jean Pierre Leroy, ser\u00e1 lan\u00e7ado pela Editora Fiocruz com dois eventos.<\/p>\n<p><strong>O Livro: uma lupa atenta sobre o Mapa<\/strong><\/p>\n<p>Tania Pacheco, coordenadora executiva do Mapa de Conflitos e uma das organizadoras da publica\u00e7\u00e3o, explica que apesar da quantidade de informa\u00e7\u00f5es disponibilizadas h\u00e1 tr\u00eas anos no mapa, o livro \u00e9 importante na compreens\u00e3o dos dados:<\/p>\n<p>\u201cO livro \u00e9 uma reflex\u00e3o sobre o Mapa, que \u00e9 em si um material muito rico e de f\u00e1cil uso. O que fazemos com o livro \u00e9 extrair um pouco da riqueza dos mapas. Ele conta sobre a hist\u00f3ria do projeto e salienta alguns aspectos que nos pareciam importantes. Entre eles, a metodologia inovadora, com relatos que partem do olhar dos atingidos, das hist\u00f3rias deles\u201d, comenta, indicando que as an\u00e1lises no livro permitem uma vis\u00e3o complexa sobre a realidade: \u201cuma coisa \u00e9 ver no mapa que existe o Porto de A\u00e7u, onde est\u00e1, quantos munic\u00edpios impacta. Outra \u00e9 perceber a rela\u00e7\u00e3o deste porto no Rio de Janeiro com a minera\u00e7\u00e3o de Concei\u00e7\u00e3o do Mato Dentro (MG), inserida num pa\u00eds chamado Brasil\u201d, exemplifica.<\/p>\n<p>O\u00a0<a href=\"http:\/\/www.conflitoambiental.icict.fiocruz.br\/\" target=\"_blank\" rel=\"noopener\"><strong>Mapa de Conflitos envolvendo injusti\u00e7a ambiental e sa\u00fade no Brasil<\/strong><\/a> \u00e9 resultado de um projeto desenvolvido em conjunto pela Fiocruz e pela Fase, com o apoio do Departamento de Sa\u00fade Ambiental e Sa\u00fade do Trabalhador do Minist\u00e9rio da Sa\u00fade e continua sendo atualizado. Quatro pesquisadores verificam e re\u00fanem informa\u00e7\u00f5es sobre casos j\u00e1 registrados e outros novos. Den\u00fancias chegam de diversas fontes, muitas vezes por meio do blog\u00a0<a href=\"http:\/\/racismoambiental.net.br\/\" target=\"_blank\" rel=\"noopener\">Combate Racismo Ambiental<\/a>. O mapa foi publicado inicialmente com 297 casos. Hoje, mais de 400 est\u00e3o listados.<\/p>\n<p>\u201cO ponto de partida \u00e9 sempre o olhar dos atingidos, \u00e9 a hist\u00f3ria deles, o que acontece com eles. E ent\u00e3o os pesquisadores re\u00fanem mais material de imprensa local, regional, nacional, informes de ONGs e movimentos sociais, etc. O resultado \u00e9 t\u00e3o rico, pode-se ver o papel das popula\u00e7\u00f5es, do poder p\u00fablico, da Justi\u00e7a em cada caso. \u00c9 um instrumento excelente para pesquisa e tamb\u00e9m para ver onde \u00e9 importante influenciar\u201d, completa Jean Pierre Leroy, da FASE, outro organizador do livro.<\/p>\n<p>Os oito artigos \u201cInjusti\u00e7a Ambiental e Sa\u00fade no Brasil: o Mapa de Conflitos\u201d destacam a metodologia de trabalho e tra\u00e7am perspectivas, lan\u00e7am luz sobre a preval\u00eancia do Racismo Ambiental nos conflitos do Mapa e enfatizam a disputa por territ\u00f3rios ocupados por Ind\u00edgenas e Comunidades Tradicionais como causa de muitos conflitos. Minera\u00e7\u00e3o, siderurgia e energia s\u00e3o outros temas em destaque, assim como o agroneg\u00f3cio e os impactos do modelo de desenvolvimento sobre as cidades. A ferramenta e a metodologia tamb\u00e9m s\u00e3o analisadas. As \u201cAlternativas para o Futuro\u201d s\u00e3o tamb\u00e9m alvo de mapeamento.<\/p>\n<p>Na orelha, Jorge Eduardo S. Dur\u00e3o, da FASE, destaca: \u201ca for\u00e7a material e ideol\u00f3gica do projeto de desenvolvimento dominante \u2013 fortemente embasado na cren\u00e7a em que tal modelo de desenvolvimento \u00e9 o pressuposto da erradica\u00e7\u00e3o da pobreza \u2013 coloca para todos n\u00f3s o desafio de formular alternativas ao atual modelo e de pensar o processo de transi\u00e7\u00e3o para uma sociedade sustent\u00e1vel e democr\u00e1tica\u201d.<\/p>\n<p>O mapa e a nova publica\u00e7\u00e3o, certamente, apresentam-se como ferramentas importantes neste processo.<\/p>\n<p><strong>No \u00edndice a seguir, descubra os autores:<\/strong><\/p>\n<p>1. Metodologia e Resultados do Mapa: uma s\u00edntese dos casos de injusti\u00e7a ambiental e sa\u00fade no Brasil<br \/>\nTania Pacheco, Marcelo Firpo Porto e Diogo Rocha<\/p>\n<p>2. A Inilud\u00edvel e Desumana Preval\u00eancia do Racismo Ambiental nos Conflitos do Mapa<br \/>\nTania Pacheco e Cristiane Faustino<\/p>\n<p>3. Povos Ind\u00edgenas e Comunidades Tradicionais: os visados territ\u00f3rios dos invis\u00edveis<br \/>\nJean Pierre Leroy e Jeovah Meireles<\/p>\n<p>4. Injusti\u00e7a Ambiental no Campo e nas Cidades: do agroneg\u00f3cio qu\u00edmico-dependente \u00e0s zonas de sacrif\u00edcio urbanas<br \/>\nMarcelo Firpo Porto<\/p>\n<p>5. Injusti\u00e7a Ambiental, Minera\u00e7\u00e3o e Siderurgia<br \/>\nBruno Milanez, Gabriela Scotto, Hor\u00e1cio Antunes de Sant\u2019Ana J\u00fanior,\u00a0D\u00e1rio Bossi e Karina Kato<\/p>\n<p>6. Capitalismo e Energia: alguns mecanismos b\u00e1sicos dos conflitos e das injusti\u00e7as sofridas pelo povo brasileiro<br \/>\nArs\u00eanio Oswaldo Sev\u00e1 Filho<\/p>\n<p>7. O Mapa como Espa\u00e7o de Cidadania: reflex\u00f5es e continuidades<br \/>\nCristiane Faustino, Tania Pacheco, Marcelo Firpo Porto e Julianna Malerba<\/p>\n<p>8. Mapeando Alternativas para o Futuro<br \/>\nJean Pierre Leroy, Tania Pacheco, Marcelo Firpo Porto e Diogo Rocha<\/p>\n<p>&nbsp;<\/p>\n<div>\n<div><strong>OBS: com informa\u00e7\u00f5es extra\u00eddas do link\u00a0<a href=\"http:\/\/racismoambiental.net.br\/2013\/11\/mais-olhares-sobre-o-mapa-de-conflitos-dois-lancamentos-em-8-e-15-de-novembro\/\">http:\/\/racismoambiental.net.br\/2013\/11\/mais-olhares-sobre-o-mapa-de-conflitos-dois-lancamentos-em-8-e-15-de-novembro\/<\/a>,\u00a0texto de\u00a0<em>L\u00edvia Duarte, jornalista da\u00a0<a href=\"http:\/\/www.fase.org.br\/v2\/pagina.php?id=3911\">FASE <\/a>&#8211; Solidariedade e Educa\u00e7\u00e3o<\/em><\/strong><\/div>\n<\/div>\n","protected":false},"excerpt":{"rendered":"<p>&nbsp; Injusti\u00e7a Ambiental e Sa\u00fade no Brasil: o Mapa de Conflitos, livro organizado por Marcelo Firpo Porto, Tania Pacheco e Jean Pierre Leroy, ser\u00e1 lan\u00e7ado pela Editora Fiocruz com dois eventos. O Livro: uma lupa atenta sobre o Mapa Tania Pacheco, coordenadora executiva do Mapa de Conflitos e uma das organizadoras da publica\u00e7\u00e3o, explica que [&hellip;]<\/p>\n","protected":false},"author":13,"featured_media":0,"comment_status":"open","ping_status":"closed","sticky":false,"template":"","format":"standard","meta":{"inline_featured_image":false,"footnotes":""},"categories":[1],"tags":[],"anos":[],"projetos":[],"autorias":[],"eixos_tematicos":[],"locais":[],"pessoas":[],"estado":[],"academia":[],"sociedade_civil":[],"class_list":["post-7746","post","type-post","status-publish","format-standard","hentry","category-noticias"],"_links":{"self":[{"href":"https:\/\/forumjustica.com.br\/en\/wp-json\/wp\/v2\/posts\/7746","targetHints":{"allow":["GET"]}}],"collection":[{"href":"https:\/\/forumjustica.com.br\/en\/wp-json\/wp\/v2\/posts"}],"about":[{"href":"https:\/\/forumjustica.com.br\/en\/wp-json\/wp\/v2\/types\/post"}],"author":[{"embeddable":true,"href":"https:\/\/forumjustica.com.br\/en\/wp-json\/wp\/v2\/users\/13"}],"replies":[{"embeddable":true,"href":"https:\/\/forumjustica.com.br\/en\/wp-json\/wp\/v2\/comments?post=7746"}],"version-history":[{"count":1,"href":"https:\/\/forumjustica.com.br\/en\/wp-json\/wp\/v2\/posts\/7746\/revisions"}],"predecessor-version":[{"id":17413,"href":"https:\/\/forumjustica.com.br\/en\/wp-json\/wp\/v2\/posts\/7746\/revisions\/17413"}],"wp:attachment":[{"href":"https:\/\/forumjustica.com.br\/en\/wp-json\/wp\/v2\/media?parent=7746"}],"wp:term":[{"taxonomy":"category","embeddable":true,"href":"https:\/\/forumjustica.com.br\/en\/wp-json\/wp\/v2\/categories?post=7746"},{"taxonomy":"post_tag","embeddable":true,"href":"https:\/\/forumjustica.com.br\/en\/wp-json\/wp\/v2\/tags?post=7746"},{"taxonomy":"anos","embeddable":true,"href":"https:\/\/forumjustica.com.br\/en\/wp-json\/wp\/v2\/anos?post=7746"},{"taxonomy":"projetos","embeddable":true,"href":"https:\/\/forumjustica.com.br\/en\/wp-json\/wp\/v2\/projetos?post=7746"},{"taxonomy":"autorias","embeddable":true,"href":"https:\/\/forumjustica.com.br\/en\/wp-json\/wp\/v2\/autorias?post=7746"},{"taxonomy":"eixos_tematicos","embeddable":true,"href":"https:\/\/forumjustica.com.br\/en\/wp-json\/wp\/v2\/eixos_tematicos?post=7746"},{"taxonomy":"locais","embeddable":true,"href":"https:\/\/forumjustica.com.br\/en\/wp-json\/wp\/v2\/locais?post=7746"},{"taxonomy":"pessoas","embeddable":true,"href":"https:\/\/forumjustica.com.br\/en\/wp-json\/wp\/v2\/pessoas?post=7746"},{"taxonomy":"estado","embeddable":true,"href":"https:\/\/forumjustica.com.br\/en\/wp-json\/wp\/v2\/estado?post=7746"},{"taxonomy":"academia","embeddable":true,"href":"https:\/\/forumjustica.com.br\/en\/wp-json\/wp\/v2\/academia?post=7746"},{"taxonomy":"sociedade_civil","embeddable":true,"href":"https:\/\/forumjustica.com.br\/en\/wp-json\/wp\/v2\/sociedade_civil?post=7746"}],"curies":[{"name":"wp","href":"https:\/\/api.w.org\/{rel}","templated":true}]}}