{"id":7754,"date":"2013-12-10T18:00:26","date_gmt":"2013-12-10T20:00:26","guid":{"rendered":"https:\/\/forumjustica.vlannetwork.com\/?p=7754"},"modified":"2022-09-04T21:15:51","modified_gmt":"2022-09-05T00:15:51","slug":"procuradoria-da-republica-pede-a-paralisacao-imediata-das-obras-do-projeto-da-morte-na-chapada-do-apodirn","status":"publish","type":"post","link":"https:\/\/forumjustica.com.br\/en\/procuradoria-da-republica-pede-a-paralisacao-imediata-das-obras-do-projeto-da-morte-na-chapada-do-apodirn\/","title":{"rendered":"Procuradoria da rep\u00fablica pede a paralisa\u00e7\u00e3o imediata das obras do \u201cProjeto da Morte\u201d na Chapada do Apodi\/RN"},"content":{"rendered":"<h2><a style=\"font-size: 13px; font-weight: normal;\" href=\"http:\/\/racismoambiental.net.br\/wp-content\/upLoads\/2013\/12\/Apodi.png\"><img loading=\"lazy\" decoding=\"async\" src=\"http:\/\/racismoambiental.net.br\/wp-content\/upLoads\/2013\/12\/Apodi.png\" alt=\"Apodi\" width=\"525\" height=\"357\" \/><\/a><\/h2>\n<div>\n<p>Alvo de cr\u00edticas dos mais diversos setores da sociedade, o projeto de Irriga\u00e7\u00e3o Santa Cruz do Apodi, conhecido como \u201cprojeto da morte\u201d, est\u00e1 na imin\u00eancia de ter suas obras paralisadas. A desapropria\u00e7\u00e3o de 13.000 hectares de terras produtivas e a consequente expuls\u00e3o de 6.000 agricultores tem sensibilizado todo o pa\u00eds.<\/p>\n<p>O procurador da rep\u00fablica Victor Mariz, de Mossor\u00f3, pediu a Justi\u00e7a Federal a suspens\u00e3o imediata das obras de transposi\u00e7\u00e3o das \u00e1guas da Barragem de Santa Cruz para a Chapada do Apodi, por parte do Departamento Nacional de Obras Conta a Seca (DNOCS). Uma grande lista de irregularidades desde o planejamento at\u00e9 a execu\u00e7\u00e3o do projeto teria motivado o pedido. Inexist\u00eancia de audi\u00eancia p\u00fablica, estudos desatualizados, inviabilidade t\u00e9cnica, omiss\u00e3o quanto \u00e0 expuls\u00e3o de agricultores e os mais diversos danos ao maio ambiente. A inviabilidade h\u00eddrica foi um dos pontos mais atacados pelo Procurador na a\u00e7\u00e3o civil p\u00fablica, j\u00e1 que segundo o relat\u00f3rio de impacto ambiental n\u00e3o h\u00e1 \u00e1gua para o empreendimento. Afirma, \u201co pr\u00f3prio RIMA reconhece que a \u00fanica fonte h\u00eddrica do projeto apenas \u00e9 suficiente para abastecer 1\/3 deste e at\u00e9 o ano de 2020\u201d.<\/p>\n<p>Para o advogado Jo\u00e3o Paulo Medeiros, que comp\u00f5e a assessoria jur\u00eddica dos agricultores, \u201cessa foi uma vit\u00f3ria da organiza\u00e7\u00e3o dos movimentos sociais somada \u00e0 sensibilidade a Procuradoria Geral da Rep\u00fablica. Esse projeto n\u00e3o \u00e9 s\u00f3 ileg\u00edtimo diante do ponto de vista da justi\u00e7a ambiental, ele \u00e9 tamb\u00e9m tecnicamente invi\u00e1vel. N\u00e3o podemos aceitar o esmagamento da vida de seis mil pessoas e do meio ambiente para algo que apenas vai resultar em destrui\u00e7\u00e3o.\u201d<\/p>\n<p>Os agricultores v\u00edtimas da obra aguardam esperan\u00e7osos o resultado do pedido de paralisa\u00e7\u00e3o. Segundo o agricultor Agnaldo Fernandes, \u201ch\u00e1 d\u00e9cadas semeamos vida nessas terras. Produzimos mel, leite, arroz, feij\u00e3o, frutas, hortali\u00e7as, todos de forma agroecol\u00f3gica, sem veneno. Caso esse projeto seja implantado a chapada do Apodi ser\u00e1 conhecida n\u00e3o mais como o lugar dos alimentos saud\u00e1veis e do protagonismo das mulheres, mas a terra do veneno, dos agricultores sem ch\u00e3o e da mis\u00e9ria.\u201d<\/p>\n<p>\u2013<\/p>\n<\/div>\n<p>Enviada para Combate Racismo Ambiental por Rodrigo de Medeiros Silva.<\/p>\n<p><a href=\"http:\/\/racismoambiental.net.br\/2013\/12\/procuradoria-da-republica-pede-a-paralisacao-imediata-das-obras-do-projeto-da-morte-na-chapada-do-apodirn\/\">http:\/\/racismoambiental.net.br\/2013\/12\/procuradoria-da-republica-pede-a-paralisacao-imediata-das-obras-do-projeto-da-morte-na-chapada-do-apodirn\/<\/a><\/p>\n","protected":false},"excerpt":{"rendered":"<p>Alvo de cr\u00edticas dos mais diversos setores da sociedade, o projeto de Irriga\u00e7\u00e3o Santa Cruz do Apodi, conhecido como \u201cprojeto da morte\u201d, est\u00e1 na imin\u00eancia de ter suas obras paralisadas. A desapropria\u00e7\u00e3o de 13.000 hectares de terras produtivas e a consequente expuls\u00e3o de 6.000 agricultores tem sensibilizado todo o pa\u00eds. O procurador da rep\u00fablica Victor [&hellip;]<\/p>\n","protected":false},"author":13,"featured_media":0,"comment_status":"open","ping_status":"closed","sticky":false,"template":"","format":"standard","meta":{"inline_featured_image":false,"footnotes":""},"categories":[1],"tags":[],"anos":[],"projetos":[],"autorias":[],"eixos_tematicos":[],"locais":[],"pessoas":[],"estado":[],"academia":[],"sociedade_civil":[],"class_list":["post-7754","post","type-post","status-publish","format-standard","hentry","category-noticias"],"_links":{"self":[{"href":"https:\/\/forumjustica.com.br\/en\/wp-json\/wp\/v2\/posts\/7754","targetHints":{"allow":["GET"]}}],"collection":[{"href":"https:\/\/forumjustica.com.br\/en\/wp-json\/wp\/v2\/posts"}],"about":[{"href":"https:\/\/forumjustica.com.br\/en\/wp-json\/wp\/v2\/types\/post"}],"author":[{"embeddable":true,"href":"https:\/\/forumjustica.com.br\/en\/wp-json\/wp\/v2\/users\/13"}],"replies":[{"embeddable":true,"href":"https:\/\/forumjustica.com.br\/en\/wp-json\/wp\/v2\/comments?post=7754"}],"version-history":[{"count":1,"href":"https:\/\/forumjustica.com.br\/en\/wp-json\/wp\/v2\/posts\/7754\/revisions"}],"predecessor-version":[{"id":17411,"href":"https:\/\/forumjustica.com.br\/en\/wp-json\/wp\/v2\/posts\/7754\/revisions\/17411"}],"wp:attachment":[{"href":"https:\/\/forumjustica.com.br\/en\/wp-json\/wp\/v2\/media?parent=7754"}],"wp:term":[{"taxonomy":"category","embeddable":true,"href":"https:\/\/forumjustica.com.br\/en\/wp-json\/wp\/v2\/categories?post=7754"},{"taxonomy":"post_tag","embeddable":true,"href":"https:\/\/forumjustica.com.br\/en\/wp-json\/wp\/v2\/tags?post=7754"},{"taxonomy":"anos","embeddable":true,"href":"https:\/\/forumjustica.com.br\/en\/wp-json\/wp\/v2\/anos?post=7754"},{"taxonomy":"projetos","embeddable":true,"href":"https:\/\/forumjustica.com.br\/en\/wp-json\/wp\/v2\/projetos?post=7754"},{"taxonomy":"autorias","embeddable":true,"href":"https:\/\/forumjustica.com.br\/en\/wp-json\/wp\/v2\/autorias?post=7754"},{"taxonomy":"eixos_tematicos","embeddable":true,"href":"https:\/\/forumjustica.com.br\/en\/wp-json\/wp\/v2\/eixos_tematicos?post=7754"},{"taxonomy":"locais","embeddable":true,"href":"https:\/\/forumjustica.com.br\/en\/wp-json\/wp\/v2\/locais?post=7754"},{"taxonomy":"pessoas","embeddable":true,"href":"https:\/\/forumjustica.com.br\/en\/wp-json\/wp\/v2\/pessoas?post=7754"},{"taxonomy":"estado","embeddable":true,"href":"https:\/\/forumjustica.com.br\/en\/wp-json\/wp\/v2\/estado?post=7754"},{"taxonomy":"academia","embeddable":true,"href":"https:\/\/forumjustica.com.br\/en\/wp-json\/wp\/v2\/academia?post=7754"},{"taxonomy":"sociedade_civil","embeddable":true,"href":"https:\/\/forumjustica.com.br\/en\/wp-json\/wp\/v2\/sociedade_civil?post=7754"}],"curies":[{"name":"wp","href":"https:\/\/api.w.org\/{rel}","templated":true}]}}