{"id":7772,"date":"2014-01-10T09:58:46","date_gmt":"2014-01-10T11:58:46","guid":{"rendered":"https:\/\/forumjustica.vlannetwork.com\/?p=7772"},"modified":"2022-09-04T21:15:51","modified_gmt":"2022-09-05T00:15:51","slug":"oea-notifica-estado-brasileiro-e-fixa-prazo-de-15-dias-para-adocao-de-medidas-que-reduzam-violacoes-no-presidio-central-de-porto-alegre","status":"publish","type":"post","link":"https:\/\/forumjustica.com.br\/en\/oea-notifica-estado-brasileiro-e-fixa-prazo-de-15-dias-para-adocao-de-medidas-que-reduzam-violacoes-no-presidio-central-de-porto-alegre\/","title":{"rendered":"OEA notifica Estado brasileiro e fixa prazo de 15 dias para ado\u00e7\u00e3o de medidas que reduzam viola\u00e7\u00f5es no Pres\u00eddio Central de Porto Alegre"},"content":{"rendered":"<p>03\/01\/2014 &#8211; 09:57<\/p>\n<p>Fonte: Ascom ANADEP<\/p>\n<p>Estado: DF\/RS<\/p>\n<div>\n<table cellspacing=\"0\" cellpadding=\"0\">\n<tbody>\n<tr>\n<td><img decoding=\"async\" src=\"https:\/\/ci3.googleusercontent.com\/proxy\/336rxbdyHr5HlMEtlinXU1EUNVkK1tATiu1ldMvgQ6-9SHbCgoEmI93FnPoiIM39M4-Ey26exYQyBpW90oJ8gOLUkgdzsQLOzy7zScOp_a14mAcpn2646KiCuWpjvAedqICPQPPjNONmmKogyEtcW-0XgQ=s0-d-e1-ft#http:\/\/www.anadep.org.br\/wtksite\/cms\/conteudo\/18818\/1074202_727885293893454_1279251827_o_.jpg\" alt=\"\" \/><\/td>\n<\/tr>\n<\/tbody>\n<\/table>\n<div>A Comiss\u00e3o Interamericana de Direitos Humanos (CIDH) da Organiza\u00e7\u00e3o dos Estados Americanos (OEA) concedeu nesta semana uma liminar obrigando o Estado brasileiro a adotar medidas cautelares para garantir a integridade dos detentos do Pres\u00eddio Central, em Porto Alegre (RS). A medida, que solicita, entre outros pontos, redu\u00e7\u00e3o do n\u00famero de presos no local, e garantia de higiene e tratamento m\u00e9dico aos apenados, vem em resposta \u00e0 den\u00fancia encaminhada em janeiro de 2013 por uma s\u00e9rie de entidades que integram o F\u00f3rum da Quest\u00e3o Penitenci\u00e1ria, entre elas a Associa\u00e7\u00e3o dos Defensores P\u00fablicos do RS (ADPERGS), bra\u00e7o da Associa\u00e7\u00e3o Nacional dos Defensores P\u00fablicos (ANADEP) no Estado. A liminar fixa prazo de 15 dias, a contar de sua publica\u00e7\u00e3o, ocorrida no \u00faltimo dia 30, para que sejam informadas as adequa\u00e7\u00f5es.<\/div>\n<div>Tr\u00eas defensores p\u00fablicos ga\u00fachos participaram, ao lado da presidente da ANADEP, Patr\u00edcia Kettermann, de forma ativa e efetiva da reda\u00e7\u00e3o do extenso documento encaminhado no dia 10 de janeiro do ano passado \u00e0 CIDH, denunciando as p\u00e9ssimas condi\u00e7\u00f5es do Pres\u00eddio Central em Porto Alegre. O texto foi baseado em um extenso levantamento de dados, vistorias e ilustrado com imagens impressionantes, retratando a falta de condi\u00e7\u00f5es m\u00ednimas de encarceramento na casa prisional.<\/div>\n<div>\u201cAo iniciar o trabalho, percebemos o quanto seria importante trazer a percep\u00e7\u00e3o e a experi\u00eancia dos colegas que conhecem esta realidade. E tamb\u00e9m o quanto importante seria para os defensores p\u00fablicos ga\u00fachos essa primeira atua\u00e7\u00e3o junto \u00e0 Comiss\u00e3o\u201d, relatou a presidente, destacando ainda como parte fundamental da atua\u00e7\u00e3o dos defensores p\u00fablicos a defesa dos direitos humanos.<\/div>\n<div><strong>A\u00c7\u00d5ES IMEDIATAS<\/strong><\/div>\n<div>A decis\u00e3o da OEA levou em conta os requisitos de gravidade, urg\u00eancia e irreparabilidade do caso, estabelecendo 15 dias para que o Estado brasileiro informe as medidas que tomar\u00e1 para o imediato cumprimento da liminar. Entre as a\u00e7\u00f5es cobradas, est\u00e1 ainda a a implementa\u00e7\u00e3o de a\u00e7\u00f5es para que o Estado recupere o controle da seguran\u00e7a em todas as \u00e1reas do Pres\u00eddio, atualmente entregue a fac\u00e7\u00f5es criminosas. A CIDH tamb\u00e9m exige que seja desenvolvido um plano de preven\u00e7\u00e3o contra inc\u00eandio, reconhecendo o risco iminente no local, e imp\u00f5e a tomada de medidas urgentes para reduzir a superlota\u00e7\u00e3o no Pres\u00eddio, que abriga hoje 4.591 presos para uma capacidade de 1.984.<\/div>\n<div>Na pr\u00f3xima ter\u00e7a-feira (7\/1), \u00e0s 10h, representantes das entidades componentes do F\u00f3rum realizar\u00e3o um encontro para analisar a liminar e decidir sobre os pr\u00f3ximos passos da mobiliza\u00e7\u00e3o. Al\u00e9m da ADPERGS, tamb\u00e9m assinam a representa\u00e7\u00e3o a Associa\u00e7\u00e3o dos Ju\u00edzes do RS (AJURIS), Associa\u00e7\u00e3o do Minist\u00e9rio P\u00fablico (AMP), Conselho Regional de Medicina (CREMERS), Conselho da Comunidade para Assist\u00eancia aos Apenados, Instituto Brasileiro de Avalia\u00e7\u00f5es e Per\u00edcias de Engenharia (IBAPE), Instituto Interdisciplinar de Estudos Criminais (ITEC) e Themis Assessoria Jur\u00eddica e Estudos de G\u00eanero.<\/div>\n<div><strong>CRONOLOGIA DA DEN\u00daNCIA<\/strong><\/div>\n<div>Janeiro de 2013 \u2013 Entidades divulgam entrega da den\u00fancia \u00e0 CIDH<\/div>\n<div>Fevereiro de 2013 \u2013 CIDH solicita informa\u00e7\u00f5es ao Estado<\/div>\n<div>Mar\u00e7o de 2013 \u2013 Estado pede prorroga\u00e7\u00e3o do prazo para informa\u00e7\u00f5es at\u00e9 31 de mar\u00e7o e 9 de maio, quando apresenta suas observa\u00e7\u00f5es<\/div>\n<div>Maio de 2013 \u2013 Entidades realizam nova visita na unidade prisional, corroborando uma disparidade entre a realidade dos internos e as informa\u00e7\u00f5es prestadas pelo Estado.<\/div>\n<div>Outubro de 2013 \u2013 CIDH transmite informa\u00e7\u00f5es adicionais ao Estado, que respondeu assinalando ter tomado medidas para redu\u00e7\u00e3o da mortalidade de presos, al\u00e9m de estar realizando investimentos para melhorias no local.<\/div>\n<div>\n<div><strong>Veja abaixo o material da OEA para consulta<\/strong><\/div>\n<div><a href=\"http:\/\/www.anadep.org.br\/wtksite\/cms\/conteudo\/18818\/pt351764.pdf\" target=\"_blank\" rel=\"noopener\">Documento 01<\/a><\/div>\n<div><a href=\"http:\/\/www.anadep.org.br\/wtksite\/cms\/conteudo\/18818\/MC_8-13_para_el_pt.pdf\" target=\"_blank\" rel=\"noopener\">Documento 02<\/a><\/div>\n<div><a href=\"http:\/\/www.anadep.org.br\/wtksite\/cms\/conteudo\/18818\/res.pdf\" target=\"_blank\" rel=\"noopener\">Documento 03<\/a><\/div>\n<div>\n<div>\n<h1><strong><em>Defensoria em pauta: Decis\u00e3o \u00e9 destaque na imprensa nacional<\/em><\/strong><\/h1>\n<p>A imprensa de todo o pa\u00eds noticiou a decis\u00e3o da Comiss\u00e3o Interamericana de Direitos Humanos (CIDH) da Organiza\u00e7\u00e3o dos Estados Americanos (OEA) que concedeu nesta semana uma liminar obrigando o Estado brasileiro a adotar medidas cautelares para garantir a integridade dos detentos do Pres\u00eddio Central, em Porto Alegre (RS). J\u00e1 na noite desta sexta-feira (03), o\u00a0<strong>Jornal Nacional<\/strong> destacou a medida, que solicita, entre outros pontos, redu\u00e7\u00e3o do n\u00famero de presos no local, a garantia de higiene e tratamento m\u00e9dico aos apenados. A decis\u00e3o vem em resposta \u00e0 den\u00fancia encaminhada em janeiro de 2013 por uma s\u00e9rie de entidades que integram o F\u00f3rum da Quest\u00e3o Penitenci\u00e1ria, entre elas a Associa\u00e7\u00e3o dos Defensores P\u00fablicos do RS (ADPERGS), bra\u00e7o da Associa\u00e7\u00e3o Nacional dos Defensores P\u00fablicos (ANADEP) no Estado.<\/p>\n<p><strong>Veja abaixo alguns dos principais ve\u00edculos que noticiaram a decis\u00e3o:<\/strong><\/p>\n<\/div>\n<div><strong>&gt; O Globo: <\/strong><a href=\"http:\/\/oglobo.globo.com\/pais\/oea-notifica-estado-brasileiro-para-reduzir-violacoes-no-presidio-central-de-porto-alegre-11202528\" target=\"_blank\" rel=\"noopener\">OEA notifica Estado brasileiro para reduzir viola\u00e7\u00f5es no Pres\u00eddio Central de Porto Alegre<\/a><\/div>\n<div><strong>&gt; Extra Rio de Janeiro: <\/strong><a href=\"http:\/\/extra.globo.com\/noticias\/brasil\/oea-notifica-estado-brasileiro-para-reduzir-violacoes-no-presidio-central-de-porto-alegre-11202561.html\" target=\"_blank\" rel=\"noopener\">OEA notifica Estado brasileiro para reduzir viola\u00e7\u00f5es no Pres\u00eddio Central de Porto Alegre<\/a><\/div>\n<div>\n<div><strong>&gt; Di\u00e1rio de Pernambuco: <\/strong><a href=\"http:\/\/www.diariodepernambuco.com.br\/app\/noticia\/brasil\/2014\/01\/03\/interna_brasil,482666\/oea-notifica-estado-brasileiro-para-reduzir-violacoes-no-presidio-central-de-porto-alegre.shtml\" target=\"_blank\" rel=\"noopener\">OEA notifica Estado brasileiro para reduzir viola\u00e7\u00f5es no Pres\u00eddio Central de Porto Alegre<\/a><\/div>\n<\/div>\n<div><strong>&gt; Jovem PAN online: <\/strong><a href=\"http:\/\/jovempan.uol.com.br\/noticias\/brasil\/comissao-da-oea-pede-fim-da-superlotacao-em-presidio-de-porto-alegre-2014-01-03.html\" target=\"_blank\" rel=\"noopener\">Comiss\u00e3o da OEA pede fim da superlota\u00e7\u00e3o em pres\u00eddio de Porto Alegre<\/a><\/div>\n<div><strong>&gt; Correio Braziliense: <\/strong><a href=\"http:\/\/www.correiobraziliense.com.br\/app\/noticia\/politica-brasil-economia\/33,65,33,12\/2014\/01\/03\/interna_brasil,406230\/comissao-da-oea-pede-fim-da-superlotacao-em-presidio-de-porto-alegre.shtml\" target=\"_blank\" rel=\"noopener\">Comiss\u00e3o da OEA pede fim da superlota\u00e7\u00e3o em pres\u00eddio de Porto Alegre<\/a><\/div>\n<div><strong>&gt; Jornal do Brasil:<\/strong> <a href=\"http:\/\/www.jb.com.br\/pais\/noticias\/2014\/01\/03\/comissao-da-oea-pede-fim-da-superlotacao-em-presidio-de-porto-alegre\/\" target=\"_blank\" rel=\"noopener\">Comiss\u00e3o da OEA pede fim da superlota\u00e7\u00e3o em pres\u00eddio de Porto Alegre<\/a><\/div>\n<div><strong>&gt; Band: <\/strong><a href=\"http:\/\/noticias.band.uol.com.br\/cidades\/noticia\/100000655030\/comissao-pede-fim-de-superlotacao-em-presidio-.html\" target=\"_blank\" rel=\"noopener\">Comiss\u00e3o pede fim de superlota\u00e7\u00e3o em pres\u00eddio<\/a><\/div>\n<div><strong>&gt; Ag\u00eancia Brasil: <\/strong><a href=\"http:\/\/www.ebc.com.br\/noticias\/brasil\/2014\/01\/comissao-da-oea-pede-fim-da-superlotacao-em-presidio-de-porto-alegre\" target=\"_blank\" rel=\"noopener\">OEA pede fim da superlota\u00e7\u00e3o em pres\u00eddio de Porto Alegre<\/a><\/div>\n<div><strong>&gt; Portal R7: <\/strong><a href=\"http:\/\/noticias.r7.com\/cidades\/orgao-internacional-pede-fim-da-superlotacao-de-presidios-em-porto-alegre-rs-03012014\" target=\"_blank\" rel=\"noopener\">\u00d3rg\u00e3o internacional pede fim da superlota\u00e7\u00e3o de pres\u00eddios em Porto Alegre (RS)<\/a><\/div>\n<div><strong>&gt; Luis Nassif online: <\/strong><a href=\"http:\/\/jornalggn.com.br\/noticia\/comissao-da-oea-pede-fim-da-superlotacao-em-presidio-de-porto-alegre\" target=\"_blank\" rel=\"noopener\">Comiss\u00e3o da OEA pede fim da superlota\u00e7\u00e3o em pres\u00eddio de Porto Alegre<\/a><\/div>\n<div><strong>&gt; JB Niter\u00f3i:<\/strong> <a href=\"http:\/\/www.jb.com.br\/pais\/noticias\/2014\/01\/03\/comissao-da-oea-pede-fim-da-superlotacao-em-presidio-de-porto-alegre\/\" target=\"_blank\" rel=\"noopener\">Comiss\u00e3o da OEA pede fim da superlota\u00e7\u00e3o em pres\u00eddio de Porto Alegre<\/a><\/div>\n<div><strong>&gt; Jornal do Com\u00e9rcio RS:<\/strong> <a href=\"http:\/\/jcrs.uol.com.br\/site\/noticia.php?codn=150647\" target=\"_blank\" rel=\"noopener\">OEA pede fim da superlota\u00e7\u00e3o em pres\u00eddio de Porto Alegre<\/a><\/div>\n<div><strong>&gt; Portal Exame:<\/strong> <a href=\"http:\/\/exame.abril.com.br\/brasil\/noticias\/oea-pede-fim-da-superlotacao-em-presidio-de-porto-alegre\" target=\"_blank\" rel=\"noopener\">OEA pede fim da superlota\u00e7\u00e3o em pres\u00eddio de Porto Alegre<\/a><\/div>\n<div><strong>&gt; Abril.com: <\/strong><a href=\"http:\/\/exame.abril.com.br\/brasil\/noticias\/oea-pede-fim-da-superlotacao-em-presidio-de-porto-alegre\" target=\"_blank\" rel=\"noopener\">OEA pede fim da superlota\u00e7\u00e3o em pres\u00eddio de Porto Alegre<\/a><\/div>\n<div><strong>&gt; MSN:<\/strong> <a href=\"http:\/\/noticias.br.msn.com\/brasil\/comiss%C3%A3o-da-oea-pede-fim-da-superlota%C3%A7%C3%A3o-em-pres%C3%ADdio-de-porto-alegre\" target=\"_blank\" rel=\"noopener\">Comiss\u00e3o da OEA pede fim da superlota\u00e7\u00e3o em pres\u00eddio de Porto Alegre<\/a><\/div>\n<div><strong>&gt; Blog do Fred:<\/strong> <a href=\"http:\/\/blogdofred.blogfolha.uol.com.br\/2014\/01\/03\/oea-ve-violacao-em-presidio-de-porto-alegre\/\" target=\"_blank\" rel=\"noopener\">OEA v\u00ea viola\u00e7\u00e3o em pres\u00eddio de Porto Alegre<\/a><\/div>\n<div><strong>&gt; M\u00eddia Max:<\/strong> <a href=\"http:\/\/www.midiamax.com.br\/\/noticias\/889561-comissao+oea+pede+fim+superlotacao+presidio+porto+alegre.html#.UsgAE_RDvwk\" target=\"_blank\" rel=\"noopener\">Comiss\u00e3o da OEA pede fim da superlota\u00e7\u00e3o em pres\u00eddio de Porto Alegre<\/a><\/div>\n<div><strong>&gt; A cr\u00edtica (AM): <\/strong><a href=\"http:\/\/www.acritica.net\/index.php?conteudo=Noticias&amp;id=107102\" target=\"_blank\" rel=\"noopener\">Comiss\u00e3o da OEA pede fim da superlota\u00e7\u00e3o em pres\u00eddio de Porto Alegre<\/a><\/div>\n<div><strong>&gt; Di\u00e1rio da Manh\u00e3 (GO):<\/strong> <a href=\"http:\/\/www.dm.com.br\/texto\/159562-comissao-da-oea-pede-fim-da-superlotacao-em-presidio-de-porto-alegre\" target=\"_blank\" rel=\"noopener\">Comiss\u00e3o da OEA pede fim da superlota\u00e7\u00e3o em pres\u00eddio de Porto Alegre<\/a><\/div>\n<div><strong>&gt; EBC: <\/strong><a href=\"http:\/\/www.ebc.com.br\/noticias\/brasil\/2014\/01\/comissao-da-oea-pede-fim-da-superlotacao-em-presidio-de-porto-alegre\" target=\"_blank\" rel=\"noopener\">OEA pede fim da superlota\u00e7\u00e3o em pres\u00eddio de Porto Alegre<\/a><\/div>\n<div><strong>&gt; Jornal da M\u00eddia: <\/strong><a href=\"http:\/\/www.jornaldamidia.com.br\/2014\/01\/03\/comissao-da-oea-pede-fim-da-superlotacao-em-presidio-de-porto-alegre\/#.UsgC1fRDvwk\" target=\"_blank\" rel=\"noopener\">Comiss\u00e3o da OEA pede fim da superlota\u00e7\u00e3o em pres\u00eddio de Porto Alegre<\/a><\/div>\n<div><strong>&gt;\u00a0Sua Cidade:<\/strong> <a href=\"http:\/\/suacidade.org\/agencia-brasil\/comissao-da-oea-pede-fim-da-superlotacao-em-presidio-de-porto-alegre#comments\" target=\"_blank\" rel=\"noopener\">Comiss\u00e3o da OEA pede fim da superlota\u00e7\u00e3o em pres\u00eddio de Porto Alegre<\/a><\/div>\n<div><strong>&gt; O Povo online (CE):<\/strong> <a href=\"http:\/\/www.opovo.com.br\/app\/opovo\/brasil\/2014\/01\/04\/noticiasjornalbrasil,3185555\/comissao-da-oea-pede-fim-da-superlotacao-em-presidio.shtml\" target=\"_blank\" rel=\"noopener\">Comiss\u00e3o da OEA pede fim da superlota\u00e7\u00e3o em pres\u00eddio<\/a><\/div>\n<div><strong>&gt; Bras\u00edlia 247: <\/strong><a href=\"http:\/\/www.brasil247.com\/pt\/247\/rs247\/125781\/OEA-protesta-contra-pres%C3%ADdio-superlotado.htm\" target=\"_blank\" rel=\"noopener\">OEA protesta contra pres\u00eddio superlotado<\/a><\/div>\n<div><strong>&gt; A cr\u00edtica net:<\/strong> <a href=\"http:\/\/www.acritica.net\/?conteudo=Noticias&amp;id=107102\" target=\"_blank\" rel=\"noopener\">Comiss\u00e3o da OEA pede fim da superlota\u00e7\u00e3o em pres\u00eddio de Porto Alegre<\/a><\/div>\n<div><strong>&gt; Conjur:<\/strong> <a href=\"http:\/\/www.conjur.com.br\/2014-jan-03\/oea-manda-uniao-resolver-problemas-presidio-central-porto-alegre\" target=\"_blank\" rel=\"noopener\">OEA reconhece condi\u00e7\u00f5es prec\u00e1rias de pres\u00eddio ga\u00facho<\/a><\/div>\n<div><strong>&gt; \u00daltima Inst\u00e2ncia: <\/strong><a href=\"http:\/\/ultimainstancia.uol.com.br\/conteudo\/noticias\/68370\/oea+pede+ao+governo+solucao+para+presidio+de+porto+alegre.shtml\" target=\"_blank\" rel=\"noopener\">OEA pede ao governo solu\u00e7\u00e3o para pres\u00eddio de Porto Alegre<\/a><\/div>\n<\/div>\n<\/div>\n<\/div>\n<p><a href=\"http:\/\/www.anadep.org.br\/wtk\/pagina\/materia?id=18818\">http:\/\/www.anadep.org.br\/wtk\/pagina\/materia?id=18818<\/a><\/p>\n","protected":false},"excerpt":{"rendered":"<p>03\/01\/2014 &#8211; 09:57 Fonte: Ascom ANADEP Estado: DF\/RS A Comiss\u00e3o Interamericana de Direitos Humanos (CIDH) da Organiza\u00e7\u00e3o dos Estados Americanos (OEA) concedeu nesta semana uma liminar obrigando o Estado brasileiro a adotar medidas cautelares para garantir a integridade dos detentos do Pres\u00eddio Central, em Porto Alegre (RS). A medida, que solicita, entre outros pontos, redu\u00e7\u00e3o [&hellip;]<\/p>\n","protected":false},"author":13,"featured_media":0,"comment_status":"open","ping_status":"closed","sticky":false,"template":"","format":"standard","meta":{"inline_featured_image":false,"footnotes":""},"categories":[1],"tags":[],"anos":[],"projetos":[],"autorias":[],"eixos_tematicos":[],"locais":[],"pessoas":[],"estado":[],"academia":[],"sociedade_civil":[],"class_list":["post-7772","post","type-post","status-publish","format-standard","hentry","category-noticias"],"_links":{"self":[{"href":"https:\/\/forumjustica.com.br\/en\/wp-json\/wp\/v2\/posts\/7772","targetHints":{"allow":["GET"]}}],"collection":[{"href":"https:\/\/forumjustica.com.br\/en\/wp-json\/wp\/v2\/posts"}],"about":[{"href":"https:\/\/forumjustica.com.br\/en\/wp-json\/wp\/v2\/types\/post"}],"author":[{"embeddable":true,"href":"https:\/\/forumjustica.com.br\/en\/wp-json\/wp\/v2\/users\/13"}],"replies":[{"embeddable":true,"href":"https:\/\/forumjustica.com.br\/en\/wp-json\/wp\/v2\/comments?post=7772"}],"version-history":[{"count":1,"href":"https:\/\/forumjustica.com.br\/en\/wp-json\/wp\/v2\/posts\/7772\/revisions"}],"predecessor-version":[{"id":17406,"href":"https:\/\/forumjustica.com.br\/en\/wp-json\/wp\/v2\/posts\/7772\/revisions\/17406"}],"wp:attachment":[{"href":"https:\/\/forumjustica.com.br\/en\/wp-json\/wp\/v2\/media?parent=7772"}],"wp:term":[{"taxonomy":"category","embeddable":true,"href":"https:\/\/forumjustica.com.br\/en\/wp-json\/wp\/v2\/categories?post=7772"},{"taxonomy":"post_tag","embeddable":true,"href":"https:\/\/forumjustica.com.br\/en\/wp-json\/wp\/v2\/tags?post=7772"},{"taxonomy":"anos","embeddable":true,"href":"https:\/\/forumjustica.com.br\/en\/wp-json\/wp\/v2\/anos?post=7772"},{"taxonomy":"projetos","embeddable":true,"href":"https:\/\/forumjustica.com.br\/en\/wp-json\/wp\/v2\/projetos?post=7772"},{"taxonomy":"autorias","embeddable":true,"href":"https:\/\/forumjustica.com.br\/en\/wp-json\/wp\/v2\/autorias?post=7772"},{"taxonomy":"eixos_tematicos","embeddable":true,"href":"https:\/\/forumjustica.com.br\/en\/wp-json\/wp\/v2\/eixos_tematicos?post=7772"},{"taxonomy":"locais","embeddable":true,"href":"https:\/\/forumjustica.com.br\/en\/wp-json\/wp\/v2\/locais?post=7772"},{"taxonomy":"pessoas","embeddable":true,"href":"https:\/\/forumjustica.com.br\/en\/wp-json\/wp\/v2\/pessoas?post=7772"},{"taxonomy":"estado","embeddable":true,"href":"https:\/\/forumjustica.com.br\/en\/wp-json\/wp\/v2\/estado?post=7772"},{"taxonomy":"academia","embeddable":true,"href":"https:\/\/forumjustica.com.br\/en\/wp-json\/wp\/v2\/academia?post=7772"},{"taxonomy":"sociedade_civil","embeddable":true,"href":"https:\/\/forumjustica.com.br\/en\/wp-json\/wp\/v2\/sociedade_civil?post=7772"}],"curies":[{"name":"wp","href":"https:\/\/api.w.org\/{rel}","templated":true}]}}