{"id":8050,"date":"2014-03-24T09:23:51","date_gmt":"2014-03-24T11:23:51","guid":{"rendered":"https:\/\/forumjustica.vlannetwork.com\/?p=8050"},"modified":"2022-09-04T21:15:50","modified_gmt":"2022-09-05T00:15:50","slug":"293-revista-intima-em-estabelecimentos-prisionais-sera-pauta-de-audiencia-publica-na-defensoria","status":"publish","type":"post","link":"https:\/\/forumjustica.com.br\/en\/293-revista-intima-em-estabelecimentos-prisionais-sera-pauta-de-audiencia-publica-na-defensoria\/","title":{"rendered":"29\/3: revista \u00edntima em estabelecimentos prisionais ser\u00e1 pauta de Audi\u00eancia P\u00fablica na Defensoria"},"content":{"rendered":"<p><\/p>\n<table border=\"0\" cellspacing=\"2\" cellpadding=\"2\" width=\"95%\">\n<tbody>\n<tr>\n<td width=\"*\" align=\"center\"><\/td>\n<td width=\"20\" height=\"20\"><\/td>\n<\/tr>\n<tr>\n<td width=\"20\" height=\"20\"><\/td>\n<td width=\"*\" align=\"right\">\n<table id=\"textoHtml\" cellspacing=\"2\" cellpadding=\"2\" width=\"100%\" align=\"right\">\n<tbody>\n<tr>\n<td>Ve\u00edculo:\u00a0Ouvidoria Geral DPESP<\/td>\n<\/tr>\n<tr>\n<td>Data:\u00a012\/3\/2014<\/td>\n<\/tr>\n<tr>\n<td>\n<table border=\"0\" cellspacing=\"2\" cellpadding=\"2\" width=\"95%\">\n<tbody>\n<tr>\n<td width=\"*\" align=\"right\">\n<table id=\"textoHtml\" cellspacing=\"2\" cellpadding=\"2\" width=\"100%\" align=\"right\">\n<tbody>\n<tr id=\"trCompartimentoHtml\" valign=\"top\">\n<td id=\"CompartimentoHtml\">\n<div><em>Ouvidoria-Geral e N\u00facleo Especializado de Situa\u00e7\u00e3o Carcer\u00e1ria promovem evento na manh\u00e3 de 29 de mar\u00e7o, s\u00e1bado, na sede da Defensoria<\/em><\/div>\n<div>A Ouvidoria-Geral da Defensoria e o N\u00facleo Especializado de Situa\u00e7\u00e3o Carcer\u00e1ria (NESC) promover\u00e3o uma\u00a0<strong>Audi\u00eancia P\u00fablica sobre a revista \u00edntima nos estabelecimentos prisionais, na manh\u00e3 do dia 29 de mar\u00e7o, s\u00e1bado, a partir das 10 horas<\/strong>, no audit\u00f3rio da Defensoria P\u00fablica, em S\u00e3o Paulo.<\/div>\n<div><\/div>\n<div>No Estado de S\u00e3o Paulo, mulheres, homens e crian\u00e7as que visitam familiares em priva\u00e7\u00e3o de liberdade recebem ordem de se despir e fazer agachamentos ao passar pelo procedimento de revista. O objetivo da audi\u00eancia p\u00fablica \u00e9\u00a0<strong>estimular que a sociedade civil possa se manifestar, denunciar e contribuir com sugest\u00f5es para eliminar essa pr\u00e1tica, bem como detalhar por que ela \u00e9 considerada vexat\u00f3ria e violadora do princ\u00edpio da dignidade humana e a intimidade das pessoas<\/strong>, tendo em vista, ainda, que essa situa\u00e7\u00e3o n\u00e3o \u00e9 prevista em lei e contraria dispositivos do Estatuto da Crian\u00e7a e do Adolescente (ECA), da Constitui\u00e7\u00e3o Federal, do Estatuto do Idoso e da Crian\u00e7a e da Conven\u00e7\u00e3o Americana para Punir a Viol\u00eancia contra a Mulher (Conven\u00e7\u00e3o de Bel\u00e9m do Par\u00e1).<\/div>\n<div><\/div>\n<div>A participa\u00e7\u00e3o na audi\u00eancia p\u00fablica \u00e9 livre, sem necessidade de inscri\u00e7\u00e3o pr\u00e9via.<\/div>\n<div>\n<p><strong> <\/strong><\/p>\n<p><strong> <\/strong><strong> <\/strong><strong> <\/strong><strong>Servi\u00e7o:<\/strong><\/p>\n<\/div>\n<div><strong>Audi\u00eancia P\u00fablica sobre revista \u00edntima em estabelecimentos prisionais<\/strong><\/div>\n<div><strong>Quando:<\/strong> 29\/03\/2014, s\u00e1bado<\/div>\n<div><strong>Hor\u00e1rio: <\/strong>10h<\/div>\n<div><strong>Local: <\/strong>Audit\u00f3rio da Defensoria P\u00fablica<\/div>\n<div><strong>Endere\u00e7o: <\/strong>Rua Boa Vista, n\u00ba 200, t\u00e9rreo, S\u00e3o Paulo<\/div>\n<div><strong><em>N\u00e3o h\u00e1 necessidade de inscri\u00e7\u00e3o pr\u00e9via<\/em><\/strong><\/div>\n<div><strong><em><br \/>\n<\/em><\/strong><\/div>\n<\/td>\n<\/tr>\n<\/tbody>\n<\/table>\n<\/td>\n<\/tr>\n<\/tbody>\n<\/table>\n<p>\u00a0<\/p>\n<p><a href=\"https:\/\/forumjustica.com.br\/wp-content\/uploads\/2014\/03\/2014_03_AudienciaPublica_RevistaIntima_bx.jpg\"><img loading=\"lazy\" decoding=\"async\" class=\"aligncenter size-full wp-image-8053\" title=\"2014_03_AudienciaPublica_RevistaIntima_bx\" src=\"https:\/\/forumjustica.com.br\/wp-content\/uploads\/2014\/03\/2014_03_AudienciaPublica_RevistaIntima_bx.jpg\" alt=\"\" width=\"450\" height=\"664\" \/><\/a><\/td>\n<\/tr>\n<tr id=\"trCompartimentoHtml\" valign=\"top\">\n<td id=\"CompartimentoHtml\">\n<div><strong><br \/>\n<\/strong><\/div>\n<div><em><br \/>\n<\/em><\/div>\n<\/td>\n<\/tr>\n<\/tbody>\n<\/table>\n<\/td>\n<\/tr>\n<\/tbody>\n<\/table>\n<p><\/p>","protected":false},"excerpt":{"rendered":"<p>Ve\u00edculo:\u00a0Ouvidoria Geral DPESP Data:\u00a012\/3\/2014 Ouvidoria-Geral e N\u00facleo Especializado de Situa\u00e7\u00e3o Carcer\u00e1ria promovem evento na manh\u00e3 de 29 de mar\u00e7o, s\u00e1bado, na sede da Defensoria A Ouvidoria-Geral da Defensoria e o N\u00facleo Especializado de Situa\u00e7\u00e3o Carcer\u00e1ria (NESC) promover\u00e3o uma\u00a0Audi\u00eancia P\u00fablica sobre a revista \u00edntima nos estabelecimentos prisionais, na manh\u00e3 do dia 29 de mar\u00e7o, s\u00e1bado, a [&hellip;]<\/p>\n","protected":false},"author":13,"featured_media":0,"comment_status":"open","ping_status":"closed","sticky":false,"template":"","format":"standard","meta":{"inline_featured_image":false,"footnotes":""},"categories":[1],"tags":[],"anos":[],"projetos":[],"autorias":[],"eixos_tematicos":[],"locais":[],"pessoas":[],"estado":[],"academia":[],"sociedade_civil":[],"class_list":["post-8050","post","type-post","status-publish","format-standard","hentry","category-noticias"],"_links":{"self":[{"href":"https:\/\/forumjustica.com.br\/en\/wp-json\/wp\/v2\/posts\/8050","targetHints":{"allow":["GET"]}}],"collection":[{"href":"https:\/\/forumjustica.com.br\/en\/wp-json\/wp\/v2\/posts"}],"about":[{"href":"https:\/\/forumjustica.com.br\/en\/wp-json\/wp\/v2\/types\/post"}],"author":[{"embeddable":true,"href":"https:\/\/forumjustica.com.br\/en\/wp-json\/wp\/v2\/users\/13"}],"replies":[{"embeddable":true,"href":"https:\/\/forumjustica.com.br\/en\/wp-json\/wp\/v2\/comments?post=8050"}],"version-history":[{"count":1,"href":"https:\/\/forumjustica.com.br\/en\/wp-json\/wp\/v2\/posts\/8050\/revisions"}],"predecessor-version":[{"id":17355,"href":"https:\/\/forumjustica.com.br\/en\/wp-json\/wp\/v2\/posts\/8050\/revisions\/17355"}],"wp:attachment":[{"href":"https:\/\/forumjustica.com.br\/en\/wp-json\/wp\/v2\/media?parent=8050"}],"wp:term":[{"taxonomy":"category","embeddable":true,"href":"https:\/\/forumjustica.com.br\/en\/wp-json\/wp\/v2\/categories?post=8050"},{"taxonomy":"post_tag","embeddable":true,"href":"https:\/\/forumjustica.com.br\/en\/wp-json\/wp\/v2\/tags?post=8050"},{"taxonomy":"anos","embeddable":true,"href":"https:\/\/forumjustica.com.br\/en\/wp-json\/wp\/v2\/anos?post=8050"},{"taxonomy":"projetos","embeddable":true,"href":"https:\/\/forumjustica.com.br\/en\/wp-json\/wp\/v2\/projetos?post=8050"},{"taxonomy":"autorias","embeddable":true,"href":"https:\/\/forumjustica.com.br\/en\/wp-json\/wp\/v2\/autorias?post=8050"},{"taxonomy":"eixos_tematicos","embeddable":true,"href":"https:\/\/forumjustica.com.br\/en\/wp-json\/wp\/v2\/eixos_tematicos?post=8050"},{"taxonomy":"locais","embeddable":true,"href":"https:\/\/forumjustica.com.br\/en\/wp-json\/wp\/v2\/locais?post=8050"},{"taxonomy":"pessoas","embeddable":true,"href":"https:\/\/forumjustica.com.br\/en\/wp-json\/wp\/v2\/pessoas?post=8050"},{"taxonomy":"estado","embeddable":true,"href":"https:\/\/forumjustica.com.br\/en\/wp-json\/wp\/v2\/estado?post=8050"},{"taxonomy":"academia","embeddable":true,"href":"https:\/\/forumjustica.com.br\/en\/wp-json\/wp\/v2\/academia?post=8050"},{"taxonomy":"sociedade_civil","embeddable":true,"href":"https:\/\/forumjustica.com.br\/en\/wp-json\/wp\/v2\/sociedade_civil?post=8050"}],"curies":[{"name":"wp","href":"https:\/\/api.w.org\/{rel}","templated":true}]}}