{"id":8056,"date":"2014-03-23T09:27:57","date_gmt":"2014-03-23T11:27:57","guid":{"rendered":"https:\/\/forumjustica.vlannetwork.com\/?p=8056"},"modified":"2022-09-04T21:15:50","modified_gmt":"2022-09-05T00:15:50","slug":"boletim-tematico-da-rede-justica-criminal-aborda-a-revista-intima-vexatoria-em-prisoes","status":"publish","type":"post","link":"https:\/\/forumjustica.com.br\/en\/boletim-tematico-da-rede-justica-criminal-aborda-a-revista-intima-vexatoria-em-prisoes\/","title":{"rendered":"Boletim tem\u00e1tico da Rede Justi\u00e7a Criminal aborda a revista \u00edntima vexat\u00f3ria em pris\u00f5es."},"content":{"rendered":"<p>Boletim tem\u00e1tico da Rede Justi\u00e7a Criminal aborda a revista \u00edntima vexat\u00f3ria em pris\u00f5es. O mapa indica os Estados que j\u00e1 pro\u00edbem a pr\u00e1tica: Esp\u00edrito Santo, Goi\u00e1s, Minas Gerais, Para\u00edba, Rio de Janeiro, Rio Grande do Sul e Santa Catarina.<\/p>\n<p><a href=\"http:\/\/redejusticacriminal.files.wordpress.com\/2013\/07\/rede-boletim-revista-vexatoria-marc3a7o-17-03-2014-web.pdf\">Clique aqui para ler o boletim!<\/a><\/p>\n<p><a href=\"https:\/\/forumjustica.com.br\/wp-content\/uploads\/2014\/03\/1896984_452677151529068_2084266542_n.jpg\"><img loading=\"lazy\" decoding=\"async\" class=\"aligncenter size-full wp-image-8059\" title=\"1896984_452677151529068_2084266542_n\" src=\"https:\/\/forumjustica.com.br\/wp-content\/uploads\/2014\/03\/1896984_452677151529068_2084266542_n.jpg\" alt=\"\" width=\"723\" height=\"731\" \/><\/a><\/p>","protected":false},"excerpt":{"rendered":"<p>Boletim tem\u00e1tico da Rede Justi\u00e7a Criminal aborda a revista \u00edntima vexat\u00f3ria em pris\u00f5es. O mapa indica os Estados que j\u00e1 pro\u00edbem a pr\u00e1tica: Esp\u00edrito Santo, Goi\u00e1s, Minas Gerais, Para\u00edba, Rio de Janeiro, Rio Grande do Sul e Santa Catarina. Clique aqui para ler o boletim!<\/p>\n","protected":false},"author":13,"featured_media":0,"comment_status":"open","ping_status":"closed","sticky":false,"template":"","format":"standard","meta":{"inline_featured_image":false,"footnotes":""},"categories":[1],"tags":[],"anos":[],"projetos":[],"autorias":[],"eixos_tematicos":[],"locais":[],"pessoas":[],"estado":[],"academia":[],"sociedade_civil":[],"class_list":["post-8056","post","type-post","status-publish","format-standard","hentry","category-noticias"],"_links":{"self":[{"href":"https:\/\/forumjustica.com.br\/en\/wp-json\/wp\/v2\/posts\/8056","targetHints":{"allow":["GET"]}}],"collection":[{"href":"https:\/\/forumjustica.com.br\/en\/wp-json\/wp\/v2\/posts"}],"about":[{"href":"https:\/\/forumjustica.com.br\/en\/wp-json\/wp\/v2\/types\/post"}],"author":[{"embeddable":true,"href":"https:\/\/forumjustica.com.br\/en\/wp-json\/wp\/v2\/users\/13"}],"replies":[{"embeddable":true,"href":"https:\/\/forumjustica.com.br\/en\/wp-json\/wp\/v2\/comments?post=8056"}],"version-history":[{"count":1,"href":"https:\/\/forumjustica.com.br\/en\/wp-json\/wp\/v2\/posts\/8056\/revisions"}],"predecessor-version":[{"id":17356,"href":"https:\/\/forumjustica.com.br\/en\/wp-json\/wp\/v2\/posts\/8056\/revisions\/17356"}],"wp:attachment":[{"href":"https:\/\/forumjustica.com.br\/en\/wp-json\/wp\/v2\/media?parent=8056"}],"wp:term":[{"taxonomy":"category","embeddable":true,"href":"https:\/\/forumjustica.com.br\/en\/wp-json\/wp\/v2\/categories?post=8056"},{"taxonomy":"post_tag","embeddable":true,"href":"https:\/\/forumjustica.com.br\/en\/wp-json\/wp\/v2\/tags?post=8056"},{"taxonomy":"anos","embeddable":true,"href":"https:\/\/forumjustica.com.br\/en\/wp-json\/wp\/v2\/anos?post=8056"},{"taxonomy":"projetos","embeddable":true,"href":"https:\/\/forumjustica.com.br\/en\/wp-json\/wp\/v2\/projetos?post=8056"},{"taxonomy":"autorias","embeddable":true,"href":"https:\/\/forumjustica.com.br\/en\/wp-json\/wp\/v2\/autorias?post=8056"},{"taxonomy":"eixos_tematicos","embeddable":true,"href":"https:\/\/forumjustica.com.br\/en\/wp-json\/wp\/v2\/eixos_tematicos?post=8056"},{"taxonomy":"locais","embeddable":true,"href":"https:\/\/forumjustica.com.br\/en\/wp-json\/wp\/v2\/locais?post=8056"},{"taxonomy":"pessoas","embeddable":true,"href":"https:\/\/forumjustica.com.br\/en\/wp-json\/wp\/v2\/pessoas?post=8056"},{"taxonomy":"estado","embeddable":true,"href":"https:\/\/forumjustica.com.br\/en\/wp-json\/wp\/v2\/estado?post=8056"},{"taxonomy":"academia","embeddable":true,"href":"https:\/\/forumjustica.com.br\/en\/wp-json\/wp\/v2\/academia?post=8056"},{"taxonomy":"sociedade_civil","embeddable":true,"href":"https:\/\/forumjustica.com.br\/en\/wp-json\/wp\/v2\/sociedade_civil?post=8056"}],"curies":[{"name":"wp","href":"https:\/\/api.w.org\/{rel}","templated":true}]}}