{"id":8073,"date":"2014-03-25T10:14:28","date_gmt":"2014-03-25T12:14:28","guid":{"rendered":"https:\/\/forumjustica.vlannetwork.com\/?p=8073"},"modified":"2022-09-04T21:15:50","modified_gmt":"2022-09-05T00:15:50","slug":"manifesto-queremos-ser-felizes-e-andar-tranquilamente-na-favela-em-que-nascemos","status":"publish","type":"post","link":"https:\/\/forumjustica.com.br\/en\/manifesto-queremos-ser-felizes-e-andar-tranquilamente-na-favela-em-que-nascemos\/","title":{"rendered":"MANIFESTO: &quot;QUEREMOS SER FELIZES E ANDAR TRANQUILAMENTE NA FAVELA EM QUE NASCEMOS&quot;"},"content":{"rendered":"<h1><\/h1>\n<div id=\"abstract\">\n<p>Organizadores: Ocupa Alem\u00e3o, Complexo Alem\u00e3o, Instituto Ra\u00edzes em Movimento, Educap &#8211; Espa\u00e7o Democr\u00e1tico De Uni\u00e3o, Conviv\u00eancia, Aprendizagem E Preven\u00e7\u00e3o, e parceiros, Voz das Comunidades e parceiro<\/p>\n<p>Durante d\u00e9cadas o Estado n\u00e3o reconheceu a favela como parte integrante da cidade, negando aos seus moradores direitos b\u00e1sicos. Hoje depois de 3 anos de ocupa\u00e7\u00e3o da seguran\u00e7a p\u00fablica no Complexo do Alem\u00e3o, percebemos que ainda temos um longo caminho a seguir na garantia de direitos, uma vez que, o bra\u00e7o do Estado que mais entra na favela \u00e9 o bra\u00e7o armado. Sem escola n\u00e3o h\u00e1 pacifica\u00e7\u00e3o, sem sa\u00fade n\u00e3o h\u00e1 pacifica\u00e7\u00e3o, sem saneamento b\u00e1sico n\u00e3o h\u00e1 pacifica\u00e7\u00e3o, sem lazer n\u00e3o h\u00e1 pacifica\u00e7\u00e3o. O s\u00edmbolo da paz no Rio de Janeiro n\u00e3o podem ser as armas, a pistola, o fuzil e os blindados.<\/p>\n<p>Nas ultimas semanas, as manchetes dos jornais foram tomadas por mat\u00e9rias sobre os conflitos que acontecem cotidianamente nas favelas com a ocupa\u00e7\u00e3o policial \u2013 as UPP\u00b4s, sobretudo no Complexo do Alem\u00e3o. Junto com as manchetes veio as declara\u00e7\u00f5es do secret\u00e1rio de seguran\u00e7a p\u00fablica do Rio de Janeiro, Jos\u00e9 Mariano Beltrame, que apresentou a op\u00e7\u00e3o de ampliar a militariza\u00e7\u00e3o como poss\u00edvel solu\u00e7\u00e3o para os problemas. Parece que ao seu ver, toda solu\u00e7\u00e3o de conflito passa pela amplia\u00e7\u00e3o da presen\u00e7a da pol\u00edcia e de outras for\u00e7as militares no territ\u00f3rio.<\/p>\n<\/div>\n<p>Entendemos que esta perspectiva precisa ser mudada, uma vez que, \u00e9 poss\u00edvel perceber que s\u00f3 a presen\u00e7a da pol\u00edcia nos territ\u00f3rios ocupados n\u00e3o tem trazido a paz. Existem v\u00e1rios casos, em favelas com UPP de abuso de poder, arbitrariedades e desaparecidos, como \u00e9 o caso do Amarildo , na Rocinha; Andr\u00e9 de Lima Cardoso, 19 anos, Pav\u00e3o-Pav\u00e3ozinho; Jos\u00e9 Carlos Lopes J\u00fanior,19 anos, morador de Sao Joao; Thales Pereira Ribeiro D\u2019Adrea, 15 anos, Morro do Fogueteiro; Jackson Lessa dos Santos, 20 anos, Morro do Fogueteiro; Mateus Oliveira Cas\u00e9, 16 anos, Manguinhos; Paulo Henrique dos Santos, 25 anos, Cidade de Deus; Ali\u00e9lson Nogueira, 21 anos, Jacarezinho; La\u00e9rcio Hil\u00e1rio da Luz Neto, 17 anos, Morro do Alem\u00e3o e Israel Meneses, 23 anos, Jacarezinho. Nesta pol\u00edtica n\u00e3o podemos deixar de citar os policiais mortos na a\u00e7\u00e3o suicida do Estado. N\u00e3o aceitamos essas mortes, nenhuma vida vale mais que a outra e \u00e9 preciso que o Estado se responsabilize. Afinal qual \u00e9 a paz que queremos promover? A paz b\u00e9lica ? A paz militarizada?<\/p>\n<p>Nesse domingo, 16, a capa do jornal extra anunciava que os moradores de favela tinham ido as ruas se manifestar a mando do tr\u00e1fico e estariam recebendo dinheiro para isso. Mais uma vez a grande imprensa tem sido uma ferramenta de criminaliza\u00e7\u00e3o dos movimentos populares e da favela. Repudiamos totalmente a forma com que os meios de comunica\u00e7\u00e3o tem feito a cobertura da a\u00e7\u00e3o da pol\u00edcia no Complexo do Alem\u00e3o e em outras favelas. Entendemos que o morador de favela n\u00e3o pode ser visto como um inimigo. O governo diz que as favelas est\u00e3o pacificadas, mas ent\u00e3o porque tanta arma ostentada pela pol\u00edcia? Queremos mais di\u00e1logo entre os moradores de favela e a seguran\u00e7a no territ\u00f3rio, queremos a liberdade de ir e vir, queremos mais escolas, saneamento b\u00e1sico para morador ao inv\u00e9s de telef\u00e9rico para turista, queremos a garantia do direito de express\u00e3o onde o baile funk se insere, n\u00e3o queremos a viola\u00e7\u00e3o do domic\u00edlio sem mandato. Entender as demandas do Complexo \u00e9 simples, entender as demandas da favela \u00e9 simples , porque o papo \u00e9 reto.<br \/>\nAs propostas de &#8220;PAZ&#8221; devem ser constru\u00eddas coletivamente com toda a favela. N\u00e3o se constr\u00f3i uma politica de paz, com o p\u00e9 na porta, agredindo gratuitamente seus moradores, n\u00e3o se constr\u00f3i paz com caveir\u00e3o. No atual modelo, &#8220;independente de quem manda&#8221;, os moradores continuam sem ter sua voz ouvida.Temos a consci\u00eancia que o pobre tem seu lugar.<\/p>\n<p>Assinam:<br \/>\nOcupa Alem\u00e3o<br \/>\nInstituto Ra\u00edzes em Movimento<br \/>\nAlem\u00e3o de Not\u00edcias<br \/>\nComplexo do Alem\u00e3o<br \/>\nEducap<br \/>\nJornal Voz das Comunidades<br \/>\nPr\u00e9 vestibular comunit\u00e1rio Nova Bras\u00edlia<br \/>\nMulheres de Atitude -AMA<br \/>\nVerdejar Socioambiental<br \/>\nFam\u00edlia de Jos\u00e9 Carlos Lopes J\u00fanior<br \/>\nAPAFUNK<br \/>\nPorque eu quis<br \/>\nFavela n\u00e3o se Cala<br \/>\nIDDH<br \/>\nRede Universidade N\u00f4made<br \/>\nO Cidad\u00e3o<br \/>\nF\u00f3rum Social de Manguinhos<br \/>\nF\u00f3rum Rede da Juventude<br \/>\nColetivo Mariachi<br \/>\nFavela em Foco<br \/>\nNorte Comum<br \/>\nObservat\u00f3rio de Conflitos Urbanos<br \/>\nAg\u00eancia de Redes para Juventude<br \/>\nIbase<br \/>\nFala Ro\u00e7a<br \/>\nMarcha Mundial das Mulheres -MMM<br \/>\nN\u00facleo MMM<br \/>\nColetivo Rosa dos Ventos<br \/>\nAdriana Facina<br \/>\nRede de Comunidades e Movimentos contra a Viol\u00eancia<br \/>\nBiblioteca Chico Mendes<br \/>\nColetivo V\u00f4 Pix\u00e1 Pelada<br \/>\nColetivo Vinhetando<br \/>\nRio Na Rua<br \/>\nTeatro da Laje<br \/>\nN\u00facleo de Estudos da Cidadania, Conflito e Viol\u00eancia Urbana da UFRJ<br \/>\nSurbanitas<br \/>\nColetivo Projeta\u00e7\u00e3o<br \/>\nRede Mapping the Commons<br \/>\nProjeto Green Go<br \/>\nJusti\u00e7a Global<\/p>\n<p><a href=\"http:\/\/www.redecontraviolencia.org\/Documentos\/933.html\">http:\/\/www.redecontraviolencia.org\/Documentos\/933.html<\/a><\/p>\n","protected":false},"excerpt":{"rendered":"<p>Organizadores: Ocupa Alem\u00e3o, Complexo Alem\u00e3o, Instituto Ra\u00edzes em Movimento, Educap &#8211; Espa\u00e7o Democr\u00e1tico De Uni\u00e3o, Conviv\u00eancia, Aprendizagem E Preven\u00e7\u00e3o, e parceiros, Voz das Comunidades e parceiro Durante d\u00e9cadas o Estado n\u00e3o reconheceu a favela como parte integrante da cidade, negando aos seus moradores direitos b\u00e1sicos. Hoje depois de 3 anos de ocupa\u00e7\u00e3o da seguran\u00e7a p\u00fablica [&hellip;]<\/p>\n","protected":false},"author":13,"featured_media":0,"comment_status":"open","ping_status":"closed","sticky":false,"template":"","format":"standard","meta":{"inline_featured_image":false,"footnotes":""},"categories":[1],"tags":[],"anos":[],"projetos":[],"autorias":[],"eixos_tematicos":[],"locais":[],"pessoas":[],"estado":[],"academia":[],"sociedade_civil":[],"class_list":["post-8073","post","type-post","status-publish","format-standard","hentry","category-noticias"],"_links":{"self":[{"href":"https:\/\/forumjustica.com.br\/en\/wp-json\/wp\/v2\/posts\/8073","targetHints":{"allow":["GET"]}}],"collection":[{"href":"https:\/\/forumjustica.com.br\/en\/wp-json\/wp\/v2\/posts"}],"about":[{"href":"https:\/\/forumjustica.com.br\/en\/wp-json\/wp\/v2\/types\/post"}],"author":[{"embeddable":true,"href":"https:\/\/forumjustica.com.br\/en\/wp-json\/wp\/v2\/users\/13"}],"replies":[{"embeddable":true,"href":"https:\/\/forumjustica.com.br\/en\/wp-json\/wp\/v2\/comments?post=8073"}],"version-history":[{"count":1,"href":"https:\/\/forumjustica.com.br\/en\/wp-json\/wp\/v2\/posts\/8073\/revisions"}],"predecessor-version":[{"id":17352,"href":"https:\/\/forumjustica.com.br\/en\/wp-json\/wp\/v2\/posts\/8073\/revisions\/17352"}],"wp:attachment":[{"href":"https:\/\/forumjustica.com.br\/en\/wp-json\/wp\/v2\/media?parent=8073"}],"wp:term":[{"taxonomy":"category","embeddable":true,"href":"https:\/\/forumjustica.com.br\/en\/wp-json\/wp\/v2\/categories?post=8073"},{"taxonomy":"post_tag","embeddable":true,"href":"https:\/\/forumjustica.com.br\/en\/wp-json\/wp\/v2\/tags?post=8073"},{"taxonomy":"anos","embeddable":true,"href":"https:\/\/forumjustica.com.br\/en\/wp-json\/wp\/v2\/anos?post=8073"},{"taxonomy":"projetos","embeddable":true,"href":"https:\/\/forumjustica.com.br\/en\/wp-json\/wp\/v2\/projetos?post=8073"},{"taxonomy":"autorias","embeddable":true,"href":"https:\/\/forumjustica.com.br\/en\/wp-json\/wp\/v2\/autorias?post=8073"},{"taxonomy":"eixos_tematicos","embeddable":true,"href":"https:\/\/forumjustica.com.br\/en\/wp-json\/wp\/v2\/eixos_tematicos?post=8073"},{"taxonomy":"locais","embeddable":true,"href":"https:\/\/forumjustica.com.br\/en\/wp-json\/wp\/v2\/locais?post=8073"},{"taxonomy":"pessoas","embeddable":true,"href":"https:\/\/forumjustica.com.br\/en\/wp-json\/wp\/v2\/pessoas?post=8073"},{"taxonomy":"estado","embeddable":true,"href":"https:\/\/forumjustica.com.br\/en\/wp-json\/wp\/v2\/estado?post=8073"},{"taxonomy":"academia","embeddable":true,"href":"https:\/\/forumjustica.com.br\/en\/wp-json\/wp\/v2\/academia?post=8073"},{"taxonomy":"sociedade_civil","embeddable":true,"href":"https:\/\/forumjustica.com.br\/en\/wp-json\/wp\/v2\/sociedade_civil?post=8073"}],"curies":[{"name":"wp","href":"https:\/\/api.w.org\/{rel}","templated":true}]}}