{"id":2724,"date":"2012-08-10T10:00:41","date_gmt":"2012-08-10T12:00:41","guid":{"rendered":"https:\/\/forumjustica.vlannetwork.com\/?p=2724"},"modified":"2022-09-04T21:16:55","modified_gmt":"2022-09-05T00:16:55","slug":"instituto-de-pesquisa-direitos-e-movimentos-sociais-ipdms-sp","status":"publish","type":"post","link":"https:\/\/forumjustica.com.br\/es\/instituto-de-pesquisa-direitos-e-movimentos-sociais-ipdms-sp\/","title":{"rendered":"Convite &#8211; Instituto de Pesquisa, Direitos e Movimentos Sociais (IPDMS)"},"content":{"rendered":"<p>O Instituto de Pesquisa, Direitos e Movimentos Sociais (IPDMS) tem o prazer de convid\u00e1-lo(a) para a primeira reuni\u00e3o de planejamento das suas atividades na cidade de S\u00e3o Paulo.<br \/>\nFundado em 2012 por professores e estudantes das principais universidades brasileiras, o IPDMS \u00e9 um espa\u00e7o dedicado ao debate, articula\u00e7\u00e3o e promo\u00e7\u00e3o de pesquisas sobre as rela\u00e7\u00f5es entre o direito e os movimentos sociais. Atualmente, integram o Instituto pesquisadores de 18 estados brasileiros, al\u00e9m de representantes de movimentos sociais do campo e da cidade, profissionais do direito e assessores jur\u00eddicos populares.<\/p>\n<p>Contamos com a sua presen\u00e7a para pensar e discutir a pesquisa sobre direito e movimentos sociais e dar in\u00edcio \u00e0s atividades do IPDMS em S\u00e3o Paulo.<\/p>\n<p>Quarta-feira, 15 de agosto, \u00e0s 19h, no Audit\u00f3rio da Escola da Defensoria P\u00fablica de S\u00e3o Paulo (Rua Boa Vista, 200, t\u00e9rreo &#8211; Centro &#8211; S\u00e3o Paulo &#8211; SP).<\/p>\n<p>PROGRAMA\u00c7\u00c3O:<\/p>\n<p>Apresenta\u00e7\u00e3o: por que e para que criar o IPDMS?<br \/>\nNey Strozake (Advogado Popular)<\/p>\n<p>Pesquisa em direito e movimentos sociais: o que j\u00e1 foi feito e o que ainda est\u00e1 por fazer?<br \/>\nCelso Campilongo (USP) e Fabiana Severi (USP \u2013 Ribeir\u00e3o Preto)<\/p>\n<p>Debate aberto: o que estamos pesquisando e como o IPDMS pode contribuir?<\/p>\n<p>Planejamento das atividades do IPDMS em S\u00e3o Paulo<\/p>\n<p>Informa\u00e7\u00f5es:<br \/>\nhttp:\/\/ipdms.blogspot.com.br\/ <http:\/\/ipdms.blogspot.com.br\/><br \/>\nipdmscorreio@gmail.com<\/p>\n<p>Secretaria Nacional do IPDMS:<br \/>\nDaniel Ara\u00fajo Valen\u00e7a (UFERSA\/RN)<br \/>\nDiana Melo Pereira (UnB)<br \/>\nFabiana Cristina Severi (USP\/Ribeir\u00e3o Preto)<br \/>\nJos\u00e9 do Carmo Alves Siqueira (UFG)<br \/>\nRicardo Prestes Pazello (UFPR)<\/p>\n","protected":false},"excerpt":{"rendered":"<p>O Instituto de Pesquisa, Direitos e Movimentos Sociais (IPDMS) tem o prazer de convid\u00e1-lo(a) para a primeira reuni\u00e3o de planejamento das suas atividades na cidade de S\u00e3o Paulo. Fundado em 2012 por professores e estudantes das principais universidades brasileiras, o IPDMS \u00e9 um espa\u00e7o dedicado ao debate, articula\u00e7\u00e3o e promo\u00e7\u00e3o de pesquisas sobre as rela\u00e7\u00f5es [&hellip;]<\/p>\n","protected":false},"author":13,"featured_media":0,"comment_status":"open","ping_status":"open","sticky":false,"template":"","format":"standard","meta":{"inline_featured_image":false,"footnotes":""},"categories":[1],"tags":[],"anos":[],"projetos":[],"autorias":[],"eixos_tematicos":[],"locais":[],"pessoas":[],"estado":[],"academia":[],"sociedade_civil":[],"class_list":["post-2724","post","type-post","status-publish","format-standard","hentry","category-noticias"],"_links":{"self":[{"href":"https:\/\/forumjustica.com.br\/es\/wp-json\/wp\/v2\/posts\/2724","targetHints":{"allow":["GET"]}}],"collection":[{"href":"https:\/\/forumjustica.com.br\/es\/wp-json\/wp\/v2\/posts"}],"about":[{"href":"https:\/\/forumjustica.com.br\/es\/wp-json\/wp\/v2\/types\/post"}],"author":[{"embeddable":true,"href":"https:\/\/forumjustica.com.br\/es\/wp-json\/wp\/v2\/users\/13"}],"replies":[{"embeddable":true,"href":"https:\/\/forumjustica.com.br\/es\/wp-json\/wp\/v2\/comments?post=2724"}],"version-history":[{"count":1,"href":"https:\/\/forumjustica.com.br\/es\/wp-json\/wp\/v2\/posts\/2724\/revisions"}],"predecessor-version":[{"id":18029,"href":"https:\/\/forumjustica.com.br\/es\/wp-json\/wp\/v2\/posts\/2724\/revisions\/18029"}],"wp:attachment":[{"href":"https:\/\/forumjustica.com.br\/es\/wp-json\/wp\/v2\/media?parent=2724"}],"wp:term":[{"taxonomy":"category","embeddable":true,"href":"https:\/\/forumjustica.com.br\/es\/wp-json\/wp\/v2\/categories?post=2724"},{"taxonomy":"post_tag","embeddable":true,"href":"https:\/\/forumjustica.com.br\/es\/wp-json\/wp\/v2\/tags?post=2724"},{"taxonomy":"anos","embeddable":true,"href":"https:\/\/forumjustica.com.br\/es\/wp-json\/wp\/v2\/anos?post=2724"},{"taxonomy":"projetos","embeddable":true,"href":"https:\/\/forumjustica.com.br\/es\/wp-json\/wp\/v2\/projetos?post=2724"},{"taxonomy":"autorias","embeddable":true,"href":"https:\/\/forumjustica.com.br\/es\/wp-json\/wp\/v2\/autorias?post=2724"},{"taxonomy":"eixos_tematicos","embeddable":true,"href":"https:\/\/forumjustica.com.br\/es\/wp-json\/wp\/v2\/eixos_tematicos?post=2724"},{"taxonomy":"locais","embeddable":true,"href":"https:\/\/forumjustica.com.br\/es\/wp-json\/wp\/v2\/locais?post=2724"},{"taxonomy":"pessoas","embeddable":true,"href":"https:\/\/forumjustica.com.br\/es\/wp-json\/wp\/v2\/pessoas?post=2724"},{"taxonomy":"estado","embeddable":true,"href":"https:\/\/forumjustica.com.br\/es\/wp-json\/wp\/v2\/estado?post=2724"},{"taxonomy":"academia","embeddable":true,"href":"https:\/\/forumjustica.com.br\/es\/wp-json\/wp\/v2\/academia?post=2724"},{"taxonomy":"sociedade_civil","embeddable":true,"href":"https:\/\/forumjustica.com.br\/es\/wp-json\/wp\/v2\/sociedade_civil?post=2724"}],"curies":[{"name":"wp","href":"https:\/\/api.w.org\/{rel}","templated":true}]}}