{"id":2797,"date":"2012-08-16T21:59:16","date_gmt":"2012-08-16T23:59:16","guid":{"rendered":"https:\/\/forumjustica.vlannetwork.com\/?p=2797"},"modified":"2022-09-04T21:16:54","modified_gmt":"2022-09-05T00:16:54","slug":"vila-autodromo-apresenta-projeto-inedito-de-urbanizacao-e-exige-permanencia-como-legado-olimpico-de-2016","status":"publish","type":"post","link":"https:\/\/forumjustica.com.br\/es\/vila-autodromo-apresenta-projeto-inedito-de-urbanizacao-e-exige-permanencia-como-legado-olimpico-de-2016\/","title":{"rendered":"Vila Aut\u00f3dromo apresenta projeto in\u00e9dito de urbaniza\u00e7\u00e3o e exige perman\u00eancia como legado Ol\u00edmpico de 2016"},"content":{"rendered":"<p><a href=\"http:\/\/\">http:\/\/comitepopulario.wordpress.com\/2012\/08\/16\/vila-autodromo-apresenta-projeto-inedito-de-urbanizacao-e-exige-permanencia-como-legado-olimpico-de-2016\/<\/a><\/p>\n<p>Feito com apoio de Centros de Pesquisa de Universidades Federais, \u2018Plano Popular\u2019 prova que urbaniza\u00e7\u00e3o custar\u00e1 apenas 35% do previsto com a remo\u00e7\u00e3o da comunidade; estudo ser\u00e1 entregue ao Prefeito do Rio de Janeiro, Eduardo Paes, nesta quinta-feira<br \/>\n<a href=\"https:\/\/forumjustica.com.br\/wp-content\/uploads\/2012\/08\/vivava2.jpg\"><img loading=\"lazy\" decoding=\"async\" src=\"https:\/\/forumjustica.com.br\/wp-content\/uploads\/2012\/08\/vivava2.jpg\" alt=\"\" title=\"vivava2\" width=\"746\" height=\"766\" class=\"aligncenter size-full wp-image-2798\" srcset=\"https:\/\/forumjustica.com.br\/wp-content\/uploads\/2012\/08\/vivava2.jpg 746w, https:\/\/forumjustica.com.br\/wp-content\/uploads\/2012\/08\/vivava2-292x300.jpg 292w\" sizes=\"auto, (max-width: 746px) 100vw, 746px\" \/><\/a><br \/>\nCom a chegada da bandeira Ol\u00edmpica ao Brasil e o debate sobre o real legado para a cidade do Rio de Janeiro ap\u00f3s as Olimp\u00edadas de 2016, uma comunidade sabe exatamente o que quer: a urbaniza\u00e7\u00e3o e a perman\u00eancia de seus moradores no lugar que est\u00e3o h\u00e1 d\u00e9cadas, preservando suas rela\u00e7\u00f5es e v\u00ednculos sociais. Por isso a Vila Aut\u00f3dromo lan\u00e7a nesta quinta-feira (16), em frente ao pr\u00e9dio da Prefeitura, na Cidade Nova (veja o servi\u00e7o abaixo), projeto que mostra que a op\u00e7\u00e3o pela perman\u00eancia \u00e9 t\u00e9cnica e socialmente vi\u00e1vel, inclusive mais vantajosa para os cofres p\u00fablicos. O Plano Popular da Vila Aut\u00f3dromo foi elaborado pela Associa\u00e7\u00e3o de Moradores do local com a assessoria t\u00e9cnica de especialistas da Universidade Federal do Rio de Janeiro (UFRJ) e da Universidade Federal Fluminense (UFF), que fazem parte do Comit\u00ea Popular da Copa e Olimp\u00edadas do Rio de Janeiro.<\/p>\n<p><a href=\"http:\/\/\">\u2013 Fa\u00e7a o download do Plano Popular da Vila Aut\u00f3dromo<br \/>\n<\/a><\/p>\n<p>A Vila Aut\u00f3dromo \u00e9 um dos grandes s\u00edmbolos de resist\u00eancia das comunidades do Rio de Janeiro pelo direito \u00e0 moradia e est\u00e1 localizada ao lado de onde ser\u00e1 o Parque Ol\u00edmpico, na Barra da Tijuca, bairro nobre da Zona Oeste da cidade. \u201cA gente est\u00e1 aqui h\u00e1 40 anos, a gente tem que ter direito \u00e0 cidade, a gente ajudou a construir essa cidade\u201d, disse Altair Guimar\u00e3es, presidente da Associa\u00e7\u00e3o de Moradores do local e que est\u00e1 sofrendo seu terceiro processo de remo\u00e7\u00e3o em quatro d\u00e9cadas. \u201cEsperamos que o Prefeito aceite fazer o que tem que ser feito na comunidade, que \u00e9 a urbaniza\u00e7\u00e3o, e n\u00e3o a remo\u00e7\u00e3o. Embora ele j\u00e1 tenha dito que quer nos remover, eu ainda espero que o projeto mude o pensamento do Prefeito\u201d, completou.<\/p>\n<p><strong>Plano in\u00e9dito<\/strong><\/p>\n<p>O estudo comprova que a urbaniza\u00e7\u00e3o \u00e9 op\u00e7\u00e3o mais vantajosa para os cofres p\u00fablicos que o despejo dos moradores. A implementa\u00e7\u00e3o do Plano est\u00e1 or\u00e7ada em R$ 13,5 milh\u00f5es, valor que corresponde a apenas 35% dos R$ 38 milh\u00f5es previstos pela Prefeitura para o reassentamento total da comunidade. O Plano Popular prev\u00ea, dentre outras coisas, o esgotamento sanit\u00e1rio de toda a comunidade, a dragagem do canal paralelo \u00e0 Avenida Abelardo Bueno, a recupera\u00e7\u00e3o da faixa marginal da Lagoa de Jacarepagu\u00e1, a cria\u00e7\u00e3o de novas \u00e1reas comunit\u00e1rias de esporte e lazer, a inclus\u00e3o da comunidade no programa Sa\u00fade da Fam\u00edlia, al\u00e9m da constru\u00e7\u00e3o uma creche e uma escola municipal.<\/p>\n<p><a href=\"http:\/\/\">\u2013 Fa\u00e7a o download do quadro comparativo entre as propostas do Plano Popular da Vila Aut\u00f3dromo e da Prefeitura do Rio<\/a><\/p>\n<p><a href=\"https:\/\/forumjustica.com.br\/wp-content\/uploads\/2012\/08\/vilaautodromo-a-habitacional-1.jpg\"><img loading=\"lazy\" decoding=\"async\" src=\"https:\/\/forumjustica.com.br\/wp-content\/uploads\/2012\/08\/vilaautodromo-a-habitacional-1.jpg\" alt=\"\" title=\"vilaautodromo-a-habitacional-1\" width=\"731\" height=\"459\" class=\"aligncenter size-full wp-image-2799\" srcset=\"https:\/\/forumjustica.com.br\/wp-content\/uploads\/2012\/08\/vilaautodromo-a-habitacional-1.jpg 731w, https:\/\/forumjustica.com.br\/wp-content\/uploads\/2012\/08\/vilaautodromo-a-habitacional-1-300x188.jpg 300w\" sizes=\"auto, (max-width: 731px) 100vw, 731px\" \/><\/a><\/p>\n<p>O Plano Popular tamb\u00e9m apresenta outras vantagens, como tamanho superior das novas unidades habitacionais com tipologias variadas, considerando as caracter\u00edsticas das fam\u00edlias. Al\u00e9m disso, as menores unidades, de 58m2, tem possibilidade de amplia\u00e7\u00e3o para at\u00e9 93m2, j\u00e1 considerando o poss\u00edvel crescimento familiar. O menor apartamento de 1 quarto, sem possibilidade de amplia\u00e7\u00e3o, tem \u00e1rea de 66m2, e o maior, de 3 quartos, 95m2. A \u00e1rea m\u00e9dia das unidades oferecidas pela Prefeitura \u00e9 de apenas 49m2.<\/p>\n<p>O projeto \u00e9 resultado da organiza\u00e7\u00e3o dos moradores com a assessoria t\u00e9cnica da Universidade, e para sua elabora\u00e7\u00e3o foram realizadas tr\u00eas oficinas de trabalho, seis assembleias, al\u00e9m de reuni\u00f5es com grupos de moradores e do Conselho Popular do Plano, instaurado em janeiro de 2012. O estudo prev\u00ea uma \u00e1rea de recupera\u00e7\u00e3o ambiental da Faixa Marginal da Lagoa e da Beira de C\u00f3rrego de 23 mil m\u00b2, atendendo \u00e0 Resolu\u00e7\u00e3o CONAMA n\u00ba. 369\/2006, que disp\u00f5e sobre a regulariza\u00e7\u00e3o fundi\u00e1ria sustent\u00e1vel em \u00e1rea urbana nos casos de interesse social, afastando qualquer tipo de argumento ambiental para a remo\u00e7\u00e3o da comunidade<\/p>\n<p><a href=\"https:\/\/forumjustica.com.br\/wp-content\/uploads\/2012\/08\/vilaautodromo-b-saneamento.jpg\"><img loading=\"lazy\" decoding=\"async\" src=\"https:\/\/forumjustica.com.br\/wp-content\/uploads\/2012\/08\/vilaautodromo-b-saneamento.jpg\" alt=\"\" title=\"vilaautodromo-b-saneamento\" width=\"941\" height=\"592\" class=\"aligncenter size-full wp-image-2800\" srcset=\"https:\/\/forumjustica.com.br\/wp-content\/uploads\/2012\/08\/vilaautodromo-b-saneamento.jpg 941w, https:\/\/forumjustica.com.br\/wp-content\/uploads\/2012\/08\/vilaautodromo-b-saneamento-300x189.jpg 300w, https:\/\/forumjustica.com.br\/wp-content\/uploads\/2012\/08\/vilaautodromo-b-saneamento-768x483.jpg 768w\" sizes=\"auto, (max-width: 941px) 100vw, 941px\" \/><\/a><\/p>\n<p>\u201cO Plano Popular da Vila Aut\u00f3dromo constitui um extraordin\u00e1rio exemplo de democracia, luta, resist\u00eancia e compet\u00eancias cidad\u00e3s. Cabe agora \u00e0 Prefeitura, Comit\u00ea Ol\u00edmpico Internacional e autoridades p\u00fablicas adotarem esse plano e abandonarem seus projetos de remo\u00e7\u00e3o e segrega\u00e7\u00e3o social\u201d, disse Carlos Vainer, professor titular do Instituto de Pesquisa e Planejamento Urbano e Regional da UFRJ, que junto com Regina Bienenstein, professora titular do Departamento de Arquitetura da Universidade Federal Fluminense, coordenou a equipe t\u00e9cnica que assessorou os moradores desde outubro do ano passado.<\/p>\n<p>\u201cO Plano Popular cont\u00e9m propostas constru\u00eddas pela comunidade, que comprovam ser poss\u00edvel manter a Vila Aut\u00f3dromo. Trata-se de uma alternativa muito mais econ\u00f4mica, que respeita a legisla\u00e7\u00e3o ambiental e os direitos humanos. A Prefeitura n\u00e3o tem argumento para adotar outro caminho\u201d, disse Regina. \u201cO Rio de Janeiro tem a oportunidade de mostrar ao mundo que \u00e9 poss\u00edvel sediar grandes eventos com justi\u00e7a social. Ser\u00e1 muito ruim para a imagem da cidade se o poder p\u00fablico manter a decis\u00e3o de remover Vila Aut\u00f3dromo, para benef\u00edcio da especula\u00e7\u00e3o imobili\u00e1ria e de outros interesses econ\u00f4micos poderosos\u201d, concluiu.<\/p>\n<p><a href=\"https:\/\/forumjustica.com.br\/wp-content\/uploads\/2012\/08\/vilaautodromo-planopopular2.jpg\"><img loading=\"lazy\" decoding=\"async\" src=\"https:\/\/forumjustica.com.br\/wp-content\/uploads\/2012\/08\/vilaautodromo-planopopular2.jpg\" alt=\"\" title=\"SONY DSC\" width=\"600\" height=\"400\" class=\"aligncenter size-full wp-image-2801\" srcset=\"https:\/\/forumjustica.com.br\/wp-content\/uploads\/2012\/08\/vilaautodromo-planopopular2.jpg 600w, https:\/\/forumjustica.com.br\/wp-content\/uploads\/2012\/08\/vilaautodromo-planopopular2-300x200.jpg 300w\" sizes=\"auto, (max-width: 600px) 100vw, 600px\" \/><\/a><\/p>\n<p><strong>Iniciativas de apoio<\/strong><\/p>\n<p>O Plano Popular da Vila Aut\u00f3dromo ser\u00e1 entregue com mais de duas mil e quinhentas assinaturas de apoiadores que foram coletadas desde julho atrav\u00e9s do endere\u00e7o eletr\u00f4nico <a href=\"http:\/\/\">http:\/\/www.portalpopulardacopa.org.br\/vivaavila<\/a> e presencialmente em atos e reuni\u00f5es do projeto. Al\u00e9m disso, internautas est\u00e3o convocando um twita\u00e7o contra as remo\u00e7\u00f5es com as hashtags #remo\u00e7\u00e3on\u00e3o e #Rio2016 para que elas entrem nos trend topics do Twitter, a partir das 15h. Sugest\u00f5es de mensagens contra as remo\u00e7\u00f5es est\u00e3o dispon\u00edveis em <a href=\"http:\/\/\">http:\/\/piratepad.net\/nO7MW8xrCA<\/a>.<\/p>\n<p><strong>Outras comunidades est\u00e3o amea\u00e7adas de remo\u00e7\u00e3o<\/strong><\/p>\n<p>No Rio de Janeiro, cerca de 22 mil pessoas est\u00e3o amea\u00e7adas de remo\u00e7\u00e3o, sendo que 8 mil j\u00e1 foram removidas, afetando diretamente 24 comunidades. Os dados s\u00e3o do dossi\u00ea Megaeventos e Viola\u00e7\u00e3o de Direitos Humanos do Comit\u00ea Popular da Copa e Olimp\u00edadas do Rio de Janeiro, lan\u00e7ado em abril. As remo\u00e7\u00f5es no Rio de Janeiro representam um flagrante desrespeito \u00e0 legisla\u00e7\u00e3o brasileira e aos compromissos internacionais assumidos pelo pa\u00eds para a defesa dos direitos humanos, e n\u00e3o s\u00e3o casos isolados.<\/p>\n<p><a href=\"http:\/\/\">\u2013 Veja o quadro de comunidades amea\u00e7adas ou j\u00e1 removidas no Rio de Janeiro<\/a><br \/>\n<a href=\"http:\/\/\">\u2013 Fa\u00e7a o download do dossi\u00ea Megaeventos e Viola\u00e7\u00e3o de Direitos Humanos no Rio de Janeiro<\/a><\/p>\n<p>Elas acontecem quase sempre em \u00e1reas de interesse do mercado imobili\u00e1rio, o que demonstra que se trata de uma pol\u00edtica de reorganiza\u00e7\u00e3o da popula\u00e7\u00e3o de baixa renda na cidade com fins especulativos e comerciais, que pouco tem a ver com os grandes eventos esportivos, usados como argumento. Vila Recreio 2, Favela do Samb\u00f3dromo, Vila das Torres, Largo do Campinho e Restinga s\u00e3o comunidades que j\u00e1 foram totalmente removidas, e muitas outras est\u00e3o sob risco de remo\u00e7\u00e3o no Rio de Janeiro e em diversas capitais do Brasil.<\/p>\n<p><strong>Os Comit\u00eas Populares da Copa<\/strong><\/p>\n<p>O Comit\u00ea Popular da Copa e das Olimp\u00edadas do Rio de Janeiro re\u00fane movimentos sociais, organiza\u00e7\u00f5es, representantes de comunidades, pesquisadores e outras entidades e pessoas cr\u00edticas \u00e0 forma como est\u00e3o sendo geridos os recursos e como est\u00e3o sendo feitas as transforma\u00e7\u00f5es urbanas para a Copa e as Olimp\u00edadas na cidade. O Comit\u00ea Popular Rio faz parte da Articula\u00e7\u00e3o Nacional dos Comit\u00eas Populares da Copa (ANCOP), que \u00e9 formada pelos Comit\u00eas Populares nas 12 cidades-sede da Copa: Belo Horizonte, Bras\u00edlia, Cuiab\u00e1, Curitiba, Fortaleza, Manaus, Natal, Porto Alegre, Recife, Rio de Janeiro, Salvador e S\u00e3o Paulo.<\/p>\n<p><strong>MAIS INFORMA\u00c7\u00d5ES<\/strong><\/p>\n<p><a href=\"http:\/\/\">Site do Plano Popular de Urbaniza\u00e7\u00e3o da Vila Aut\u00f3dromo<\/a><br \/>\n<a href=\"http:\/\/\">Articula\u00e7\u00e3o Nacional dos Comit\u00eas Populares da Copa<\/a><br \/>\n<a href=\"http:\/\/\">Dossi\u00ea Megaeventos e Viola\u00e7\u00f5es de Direitos Humanos no Brasil (PDF)<\/a><\/p>\n<p><strong>SERVI\u00c7O<\/strong><\/p>\n<p>Local: em frente ao Pr\u00e9dio da Prefeitura (Centro Administrativo S\u00e3o Sebasti\u00e3o), na Cidade Nova (esta\u00e7\u00e3o Cidade Nova do Metr\u00f4)<br \/>\nEndere\u00e7o: Rua Afonso Cavalc\u00e2nti, 455 \u2013 Cidade Nova Rio de Janeiro<\/p>\n","protected":false},"excerpt":{"rendered":"<p>http:\/\/comitepopulario.wordpress.com\/2012\/08\/16\/vila-autodromo-apresenta-projeto-inedito-de-urbanizacao-e-exige-permanencia-como-legado-olimpico-de-2016\/ Feito com apoio de Centros de Pesquisa de Universidades Federais, \u2018Plano Popular\u2019 prova que urbaniza\u00e7\u00e3o custar\u00e1 apenas 35% do previsto com a remo\u00e7\u00e3o da comunidade; estudo ser\u00e1 entregue ao Prefeito do Rio de Janeiro, Eduardo Paes, nesta quinta-feira Com a chegada da bandeira Ol\u00edmpica ao Brasil e o debate sobre o real legado para [&hellip;]<\/p>\n","protected":false},"author":13,"featured_media":0,"comment_status":"open","ping_status":"open","sticky":false,"template":"","format":"standard","meta":{"inline_featured_image":false,"footnotes":""},"categories":[1],"tags":[],"anos":[],"projetos":[],"autorias":[],"eixos_tematicos":[],"locais":[],"pessoas":[],"estado":[],"academia":[],"sociedade_civil":[],"class_list":["post-2797","post","type-post","status-publish","format-standard","hentry","category-noticias"],"_links":{"self":[{"href":"https:\/\/forumjustica.com.br\/es\/wp-json\/wp\/v2\/posts\/2797","targetHints":{"allow":["GET"]}}],"collection":[{"href":"https:\/\/forumjustica.com.br\/es\/wp-json\/wp\/v2\/posts"}],"about":[{"href":"https:\/\/forumjustica.com.br\/es\/wp-json\/wp\/v2\/types\/post"}],"author":[{"embeddable":true,"href":"https:\/\/forumjustica.com.br\/es\/wp-json\/wp\/v2\/users\/13"}],"replies":[{"embeddable":true,"href":"https:\/\/forumjustica.com.br\/es\/wp-json\/wp\/v2\/comments?post=2797"}],"version-history":[{"count":1,"href":"https:\/\/forumjustica.com.br\/es\/wp-json\/wp\/v2\/posts\/2797\/revisions"}],"predecessor-version":[{"id":18022,"href":"https:\/\/forumjustica.com.br\/es\/wp-json\/wp\/v2\/posts\/2797\/revisions\/18022"}],"wp:attachment":[{"href":"https:\/\/forumjustica.com.br\/es\/wp-json\/wp\/v2\/media?parent=2797"}],"wp:term":[{"taxonomy":"category","embeddable":true,"href":"https:\/\/forumjustica.com.br\/es\/wp-json\/wp\/v2\/categories?post=2797"},{"taxonomy":"post_tag","embeddable":true,"href":"https:\/\/forumjustica.com.br\/es\/wp-json\/wp\/v2\/tags?post=2797"},{"taxonomy":"anos","embeddable":true,"href":"https:\/\/forumjustica.com.br\/es\/wp-json\/wp\/v2\/anos?post=2797"},{"taxonomy":"projetos","embeddable":true,"href":"https:\/\/forumjustica.com.br\/es\/wp-json\/wp\/v2\/projetos?post=2797"},{"taxonomy":"autorias","embeddable":true,"href":"https:\/\/forumjustica.com.br\/es\/wp-json\/wp\/v2\/autorias?post=2797"},{"taxonomy":"eixos_tematicos","embeddable":true,"href":"https:\/\/forumjustica.com.br\/es\/wp-json\/wp\/v2\/eixos_tematicos?post=2797"},{"taxonomy":"locais","embeddable":true,"href":"https:\/\/forumjustica.com.br\/es\/wp-json\/wp\/v2\/locais?post=2797"},{"taxonomy":"pessoas","embeddable":true,"href":"https:\/\/forumjustica.com.br\/es\/wp-json\/wp\/v2\/pessoas?post=2797"},{"taxonomy":"estado","embeddable":true,"href":"https:\/\/forumjustica.com.br\/es\/wp-json\/wp\/v2\/estado?post=2797"},{"taxonomy":"academia","embeddable":true,"href":"https:\/\/forumjustica.com.br\/es\/wp-json\/wp\/v2\/academia?post=2797"},{"taxonomy":"sociedade_civil","embeddable":true,"href":"https:\/\/forumjustica.com.br\/es\/wp-json\/wp\/v2\/sociedade_civil?post=2797"}],"curies":[{"name":"wp","href":"https:\/\/api.w.org\/{rel}","templated":true}]}}