{"id":2900,"date":"2012-08-20T09:37:34","date_gmt":"2012-08-20T11:37:34","guid":{"rendered":"https:\/\/forumjustica.vlannetwork.com\/?p=2900"},"modified":"2022-09-04T21:16:54","modified_gmt":"2022-09-05T00:16:54","slug":"gt-genero-reuniao-dia-2108","status":"publish","type":"post","link":"https:\/\/forumjustica.com.br\/es\/gt-genero-reuniao-dia-2108\/","title":{"rendered":"GT G\u00eanero &#8211; Reuni\u00e3o dia 21\/08"},"content":{"rendered":"<p>O Gt G\u00eanero, ap\u00f3s um intervalo , volta a se reunir: Dia 21\/8, ter\u00e7a feira, \u00e0s 18h, no audit\u00f3rio do ISER, na rua do Russel n\u00ba 76 &#8211; 2\u00ba and, no sal\u00e3o Pablo e Ana (Viva Rio), na Gl\u00f3ria, em frente \u00e0 esta\u00e7\u00e3o do metr\u00f4.<\/p>\n<p>Nesse tempo, recebemos den\u00fancias, informa\u00e7\u00f5es que queremos compartilhar e discutir. Ainda em pauta a nossa agenda estrat\u00e9gica. Como atendermos \u00e0s necessidades de interven\u00e7\u00e3o e participa\u00e7\u00e3o imediata, sem deixar de construir um caminho com metas definidas?<\/p>\n<p>Teremos a participa\u00e7\u00e3o de uma convidada especial , &#8211; Sara Gorsdorf, participante da equipe da Organiza\u00e7\u00e3o de Direitos Humanos &#8211; TERRA DE DIREITOS , com quem poderemos ter um bom debate e troca de experi\u00eancias.<\/p>\n<p>Assim, esperamos que possam estar presentes, trazendo novas e novos colegas.<\/p>\n<p>Arlanza Rebello<br \/>\nFacilitadora do GT G\u00eanero<\/p>\n","protected":false},"excerpt":{"rendered":"<p>O Gt G\u00eanero, ap\u00f3s um intervalo , volta a se reunir: Dia 21\/8, ter\u00e7a feira, \u00e0s 18h, no audit\u00f3rio do ISER, na rua do Russel n\u00ba 76 &#8211; 2\u00ba and, no sal\u00e3o Pablo e Ana (Viva Rio), na Gl\u00f3ria, em frente \u00e0 esta\u00e7\u00e3o do metr\u00f4. Nesse tempo, recebemos den\u00fancias, informa\u00e7\u00f5es que queremos compartilhar e discutir. [&hellip;]<\/p>\n","protected":false},"author":13,"featured_media":0,"comment_status":"open","ping_status":"open","sticky":false,"template":"","format":"standard","meta":{"inline_featured_image":false,"footnotes":""},"categories":[1],"tags":[],"anos":[],"projetos":[],"autorias":[],"eixos_tematicos":[],"locais":[],"pessoas":[],"estado":[],"academia":[],"sociedade_civil":[],"class_list":["post-2900","post","type-post","status-publish","format-standard","hentry","category-noticias"],"_links":{"self":[{"href":"https:\/\/forumjustica.com.br\/es\/wp-json\/wp\/v2\/posts\/2900","targetHints":{"allow":["GET"]}}],"collection":[{"href":"https:\/\/forumjustica.com.br\/es\/wp-json\/wp\/v2\/posts"}],"about":[{"href":"https:\/\/forumjustica.com.br\/es\/wp-json\/wp\/v2\/types\/post"}],"author":[{"embeddable":true,"href":"https:\/\/forumjustica.com.br\/es\/wp-json\/wp\/v2\/users\/13"}],"replies":[{"embeddable":true,"href":"https:\/\/forumjustica.com.br\/es\/wp-json\/wp\/v2\/comments?post=2900"}],"version-history":[{"count":1,"href":"https:\/\/forumjustica.com.br\/es\/wp-json\/wp\/v2\/posts\/2900\/revisions"}],"predecessor-version":[{"id":18018,"href":"https:\/\/forumjustica.com.br\/es\/wp-json\/wp\/v2\/posts\/2900\/revisions\/18018"}],"wp:attachment":[{"href":"https:\/\/forumjustica.com.br\/es\/wp-json\/wp\/v2\/media?parent=2900"}],"wp:term":[{"taxonomy":"category","embeddable":true,"href":"https:\/\/forumjustica.com.br\/es\/wp-json\/wp\/v2\/categories?post=2900"},{"taxonomy":"post_tag","embeddable":true,"href":"https:\/\/forumjustica.com.br\/es\/wp-json\/wp\/v2\/tags?post=2900"},{"taxonomy":"anos","embeddable":true,"href":"https:\/\/forumjustica.com.br\/es\/wp-json\/wp\/v2\/anos?post=2900"},{"taxonomy":"projetos","embeddable":true,"href":"https:\/\/forumjustica.com.br\/es\/wp-json\/wp\/v2\/projetos?post=2900"},{"taxonomy":"autorias","embeddable":true,"href":"https:\/\/forumjustica.com.br\/es\/wp-json\/wp\/v2\/autorias?post=2900"},{"taxonomy":"eixos_tematicos","embeddable":true,"href":"https:\/\/forumjustica.com.br\/es\/wp-json\/wp\/v2\/eixos_tematicos?post=2900"},{"taxonomy":"locais","embeddable":true,"href":"https:\/\/forumjustica.com.br\/es\/wp-json\/wp\/v2\/locais?post=2900"},{"taxonomy":"pessoas","embeddable":true,"href":"https:\/\/forumjustica.com.br\/es\/wp-json\/wp\/v2\/pessoas?post=2900"},{"taxonomy":"estado","embeddable":true,"href":"https:\/\/forumjustica.com.br\/es\/wp-json\/wp\/v2\/estado?post=2900"},{"taxonomy":"academia","embeddable":true,"href":"https:\/\/forumjustica.com.br\/es\/wp-json\/wp\/v2\/academia?post=2900"},{"taxonomy":"sociedade_civil","embeddable":true,"href":"https:\/\/forumjustica.com.br\/es\/wp-json\/wp\/v2\/sociedade_civil?post=2900"}],"curies":[{"name":"wp","href":"https:\/\/api.w.org\/{rel}","templated":true}]}}