{"id":3333,"date":"2012-09-20T17:58:06","date_gmt":"2012-09-20T19:58:06","guid":{"rendered":"https:\/\/forumjustica.vlannetwork.com\/?p=3333"},"modified":"2022-09-04T21:16:53","modified_gmt":"2022-09-05T00:16:53","slug":"anadep-e-aidef-subscrevem-carta-em-defesa-do-fortalecimento-do-sidh","status":"publish","type":"post","link":"https:\/\/forumjustica.com.br\/es\/anadep-e-aidef-subscrevem-carta-em-defesa-do-fortalecimento-do-sidh\/","title":{"rendered":"ANADEP e AIDEF subscrevem carta em defesa do fortalecimento do SIDH"},"content":{"rendered":"<p>17\/09\/2012 &#8211; 10:47<br \/>\nVe\u00edculo: Ascom\/ANADEP<\/p>\n<p>Na \u00faltima ter\u00e7a-feira (11\/9), foi lan\u00e7ada a Declara\u00e7\u00e3o de Bogot\u00e1 em prol do fortalecimento do Sistema Interamericano de Direitos Humanos. Articulada pelo Centro de Justi\u00e7a e Direito Internacional (CEJIL), o manifesto j\u00e1 foi subscrito por diversas entidades e personalidades da \u00e1rea dos direitos humanos e tamb\u00e9m pela AIDEF e pela ANADEP.<\/p>\n<p>O documento reconhece que \u00e9 necess\u00e1rio refor\u00e7ar a efic\u00e1cia e a abrang\u00eancia do Sistema, por meio de um debate permanente, transparente, democr\u00e1tico e participativo, e alerta sobre a inten\u00e7\u00e3o de alguns governos de limitar a capacidade  e reduzir os poderes da Comiss\u00e3o Interamericana de Direitos Humanos, questionando a compet\u00eancia, os poderes, os procedimentos, as pr\u00e1ticas e as decis\u00f5es da Comiss\u00e3o e da pr\u00f3pria Corte Interamericana de Direitos Humanos.<\/p>\n<p>O manifesto tamb\u00e9m resgata as in\u00fameras conquistas e a import\u00e2ncia do SIDH para o fortalecimento da democracia e do Estado de direito. \u201cNessa \u00e1rea, conta com uma a\u00e7\u00e3o destacada em apontar as defici\u00eancias na administra\u00e7\u00e3o da justi\u00e7a, fornecer orienta\u00e7\u00f5es para as pol\u00edticas p\u00fablicas de preven\u00e7\u00e3o e prote\u00e7\u00e3o dos direitos fundamentais e para a defesa da liberdade de express\u00e3o.\u201d<\/p>\n<p>Por fim, diante das in\u00fameras desigualdades ainda existentes no Continente, conclama os cidad\u00e3os americanos a lutarem pelo fortalecimento da Comiss\u00e3o e da Corte IDH. \u201cA partir da diversidade e da diferen\u00e7a, lan\u00e7amos esta iniciativa cidad\u00e3 continental em 11 de setembro de 2012, na cidade de Bogot\u00e1,  para reafirmar que o SIDH est\u00e1  plenamente em vigor no continente e deve continuar a contribuir para dar respostas eficazes a supostas viola\u00e7\u00f5es de direitos humanos e qualquer tentativa de transgredir a democracia. Este \u00e9 um desafio que tomamos pensando sobre as gera\u00e7\u00f5es futuras\u201d.<\/p>\n<p>Leia <a href='https:\/\/forumjustica.com.br\/wp-content\/uploads\/2012\/09\/DECLARACI_N_DE_BOGOTA.pdf'>aqui<\/a> o manifesto na \u00edntegra.<\/p>\n<p>http:\/\/www.anadep.org.br\/wtk\/pagina\/materia?id=15239<\/p>\n","protected":false},"excerpt":{"rendered":"<p>17\/09\/2012 &#8211; 10:47 Ve\u00edculo: Ascom\/ANADEP Na \u00faltima ter\u00e7a-feira (11\/9), foi lan\u00e7ada a Declara\u00e7\u00e3o de Bogot\u00e1 em prol do fortalecimento do Sistema Interamericano de Direitos Humanos. Articulada pelo Centro de Justi\u00e7a e Direito Internacional (CEJIL), o manifesto j\u00e1 foi subscrito por diversas entidades e personalidades da \u00e1rea dos direitos humanos e tamb\u00e9m pela AIDEF e pela [&hellip;]<\/p>\n","protected":false},"author":13,"featured_media":0,"comment_status":"open","ping_status":"open","sticky":false,"template":"","format":"standard","meta":{"inline_featured_image":false,"footnotes":""},"categories":[1],"tags":[],"anos":[],"projetos":[],"autorias":[],"eixos_tematicos":[],"locais":[],"pessoas":[],"estado":[],"academia":[],"sociedade_civil":[],"class_list":["post-3333","post","type-post","status-publish","format-standard","hentry","category-noticias"],"_links":{"self":[{"href":"https:\/\/forumjustica.com.br\/es\/wp-json\/wp\/v2\/posts\/3333","targetHints":{"allow":["GET"]}}],"collection":[{"href":"https:\/\/forumjustica.com.br\/es\/wp-json\/wp\/v2\/posts"}],"about":[{"href":"https:\/\/forumjustica.com.br\/es\/wp-json\/wp\/v2\/types\/post"}],"author":[{"embeddable":true,"href":"https:\/\/forumjustica.com.br\/es\/wp-json\/wp\/v2\/users\/13"}],"replies":[{"embeddable":true,"href":"https:\/\/forumjustica.com.br\/es\/wp-json\/wp\/v2\/comments?post=3333"}],"version-history":[{"count":1,"href":"https:\/\/forumjustica.com.br\/es\/wp-json\/wp\/v2\/posts\/3333\/revisions"}],"predecessor-version":[{"id":17977,"href":"https:\/\/forumjustica.com.br\/es\/wp-json\/wp\/v2\/posts\/3333\/revisions\/17977"}],"wp:attachment":[{"href":"https:\/\/forumjustica.com.br\/es\/wp-json\/wp\/v2\/media?parent=3333"}],"wp:term":[{"taxonomy":"category","embeddable":true,"href":"https:\/\/forumjustica.com.br\/es\/wp-json\/wp\/v2\/categories?post=3333"},{"taxonomy":"post_tag","embeddable":true,"href":"https:\/\/forumjustica.com.br\/es\/wp-json\/wp\/v2\/tags?post=3333"},{"taxonomy":"anos","embeddable":true,"href":"https:\/\/forumjustica.com.br\/es\/wp-json\/wp\/v2\/anos?post=3333"},{"taxonomy":"projetos","embeddable":true,"href":"https:\/\/forumjustica.com.br\/es\/wp-json\/wp\/v2\/projetos?post=3333"},{"taxonomy":"autorias","embeddable":true,"href":"https:\/\/forumjustica.com.br\/es\/wp-json\/wp\/v2\/autorias?post=3333"},{"taxonomy":"eixos_tematicos","embeddable":true,"href":"https:\/\/forumjustica.com.br\/es\/wp-json\/wp\/v2\/eixos_tematicos?post=3333"},{"taxonomy":"locais","embeddable":true,"href":"https:\/\/forumjustica.com.br\/es\/wp-json\/wp\/v2\/locais?post=3333"},{"taxonomy":"pessoas","embeddable":true,"href":"https:\/\/forumjustica.com.br\/es\/wp-json\/wp\/v2\/pessoas?post=3333"},{"taxonomy":"estado","embeddable":true,"href":"https:\/\/forumjustica.com.br\/es\/wp-json\/wp\/v2\/estado?post=3333"},{"taxonomy":"academia","embeddable":true,"href":"https:\/\/forumjustica.com.br\/es\/wp-json\/wp\/v2\/academia?post=3333"},{"taxonomy":"sociedade_civil","embeddable":true,"href":"https:\/\/forumjustica.com.br\/es\/wp-json\/wp\/v2\/sociedade_civil?post=3333"}],"curies":[{"name":"wp","href":"https:\/\/api.w.org\/{rel}","templated":true}]}}