{"id":5405,"date":"2013-03-13T09:00:45","date_gmt":"2013-03-13T11:00:45","guid":{"rendered":"https:\/\/forumjustica.vlannetwork.com\/?p=5405"},"modified":"2022-09-04T21:16:21","modified_gmt":"2022-09-05T00:16:21","slug":"bolivia-cria-lei-para-frear-feminicidio-e-violencia-contra-mulheres","status":"publish","type":"post","link":"https:\/\/forumjustica.com.br\/es\/bolivia-cria-lei-para-frear-feminicidio-e-violencia-contra-mulheres\/","title":{"rendered":"Bol\u00edvia cria lei para frear feminic\u00eddio e viol\u00eancia contra mulheres"},"content":{"rendered":"<p>La Paz, 9 mar (EFE).<\/p>\n<p>O presidente da Bol\u00edvia, Evo Morales, promulgou neste s\u00e1bado (09\/03) uma lei para castigar o feminic\u00eddio com 30 anos de pris\u00e3o, com o prop\u00f3sito de frear este tipo de crime que, desde 2009, j\u00e1 tirou a vida de 403 bolivianas, 21 somente em 2013.<\/p>\n<p>Morales assinou a \u00abLei Integral para Garantir \u00e0s Mulheres uma vida livre de viol\u00eancia\u00bb no Pal\u00e1cio do Governo de La Paz, em um ato ao qual assistiram organiza\u00e7\u00f5es de mulheres ind\u00edgenas, de feministas e de defesa dos direitos humanos.<\/p>\n<p>O presidente boliviano disse que a lei tem que ser uma contribui\u00e7\u00e3o efetiva para frear agress\u00f5es contra a mulher e garantiu os fundos necess\u00e1rios para a aplica\u00e7\u00e3o da norma, ao mesmo tempo em que pediu ao Parlamento e a seus ministros os regulamentos respectivos para que a lei ingresse plenamente em vigor em um ou dois meses.<\/p>\n<p>A lei de 100 artigos incorpora no C\u00f3digo Penal o delito do feminic\u00eddio, definido como o assassinato de uma mulher por sua condi\u00e7\u00e3o de mulher, com uma pena de 30 anos sem direito a indulto, a san\u00e7\u00e3o mais alta da legisla\u00e7\u00e3o boliviana.<\/p>\n<p>A viol\u00eancia contra as mulheres \u00e9 \u00abuma a\u00e7\u00e3o de extrema\u00bb agress\u00e3o que \u00abviola o direito fundamental \u00e0 vida e causa a morte da mulher pelo simples fato de ser\u00bb, diz a norma promulgada.<\/p>\n<p>Segundo o Cidem (Centro de Informa\u00e7\u00e3o e Desenvolvimento da Mulher), desde 2009 foram registrados na Bol\u00edvia 403 casos de feminic\u00eddios e 218 assassinatos de mulheres por inseguran\u00e7a cidad\u00e3 e outras causas.<\/p>\n<p>Organiza\u00e7\u00f5es sociais discutiam os artigos da norma h\u00e1 tr\u00eas anos, mas sua aprova\u00e7\u00e3o foi acelerada no Parlamento depois que, no dia 12 de fevereiro, a jornalista Hanal\u00ed Huaycho foi assassinada a punhaladas na presen\u00e7a de seu filho de cinco anos. O autor do crime era seu marido, o tenente de pol\u00edcia Jorge Clavijo.<\/p>\n<p>O caso comoveu o pa\u00eds, onde sete de cada dez mulheres sofrem algum tipo de viol\u00eancia, segundo o Cidem.<\/p>\n<p>Atualmente, investiga-se por meio de an\u00e1lises gen\u00e9ticas se um cad\u00e1ver encontrado na \u00faltima segunda-feira (04\/03) por camponeses de Asunta, ao nordeste de La Paz, corresponde ao de Clavijo.<\/p>\n<p>A nova lei identifica v\u00e1rios tipos de viol\u00eancia contra a mulher, entre eles a f\u00edsica, psicol\u00f3gica, simb\u00f3lica, sexual, nos direitos reprodutivos, a patrimonial, econ\u00f4mica e a midi\u00e1tica (com estere\u00f3tipos nos meios de comunica\u00e7\u00e3o).<\/p>\n<p>Al\u00e9m disso, cria tribunais e procuradorias especiais em mat\u00e9ria de viol\u00eancia contra as mulheres e implementa a \u00abFor\u00e7a Especial de Luta Contra a Viol\u00eancia\u00bb dependente da pol\u00edcia, que averiguar\u00e1 com monop\u00f3lio e deter\u00e1 os autores das agress\u00f5es.<\/p>\n<p>A legisla\u00e7\u00e3o instrui a instala\u00e7\u00e3o das \u00abcasas de amparo\u00bb nas cidades e no campo para proteger as mulheres em uma separa\u00e7\u00e3o tempor\u00e1ria dos c\u00f4njuges acusados de viol\u00eancia machista.<\/p>\n<p>Tamb\u00e9m estabelece a obriga\u00e7\u00e3o de aplicar pol\u00edticas preventivas e de forma\u00e7\u00e3o nas escolas e declarar alertas de at\u00e9 um ano em munic\u00edpios, distritos ou bairros com altos \u00edndices de viol\u00eancia, o que permitir\u00e1 ao Estado a\u00e7\u00f5es intensivas para fre\u00e1-la.<\/p>\n<p>Entre 2007 e 2011, foram apresentadas na Bol\u00edvia 247.369 den\u00fancias por viol\u00eancia machista, das quais apenas 51 casos foram conclu\u00eddos com uma senten\u00e7a, segundo as estat\u00edsticas do Cidem.<\/p>\n<p>Morales expressou que a causa da viol\u00eancia contra a mulher est\u00e1 na desigualdade e na domina\u00e7\u00e3o que o g\u00eanero sofre, comentando que h\u00e1 diversas formas de agress\u00e3o e que nenhum homem se salva da culpa.<\/p>\n<p>O l\u00edder tamb\u00e9m pediu \u00e0s organiza\u00e7\u00f5es ind\u00edgenas e feministas que expliquem \u00e0s mulheres que seus parceiros n\u00e3o t\u00eam direito de agredi-las e que n\u00e3o ocultem den\u00fancias de viol\u00eancia.<\/p>\n<p>Morales fez o pedido ap\u00f3s relatar uma lembran\u00e7a de sua juventude de quando tentou, sem sucesso, frear um homem que batia em sua esposa ind\u00edgena na rua, uma cena comum em algumas zonas bolivianas.<\/p>\n<p>Perante sua surpresa, segundo disse, foi a mulher quem reagiu para rejeitar sua media\u00e7\u00e3o, justificou a surra que sofria por parte do marido e depois ambos agrediram Morales por se meter na confus\u00e3o.<\/p>\n<p>\u00abTive que escapar\u00bb, lembrou, ao insistir que as mulheres devem entender que seus maridos n\u00e3o t\u00eam direito de agredi-las.<\/p>\n","protected":false},"excerpt":{"rendered":"<p>La Paz, 9 mar (EFE). O presidente da Bol\u00edvia, Evo Morales, promulgou neste s\u00e1bado (09\/03) uma lei para castigar o feminic\u00eddio com 30 anos de pris\u00e3o, com o prop\u00f3sito de frear este tipo de crime que, desde 2009, j\u00e1 tirou a vida de 403 bolivianas, 21 somente em 2013. Morales assinou a \u00abLei Integral para [&hellip;]<\/p>\n","protected":false},"author":13,"featured_media":0,"comment_status":"open","ping_status":"closed","sticky":false,"template":"","format":"standard","meta":{"inline_featured_image":false,"footnotes":""},"categories":[1],"tags":[],"anos":[],"projetos":[],"autorias":[],"eixos_tematicos":[],"locais":[],"pessoas":[],"estado":[],"academia":[],"sociedade_civil":[],"class_list":["post-5405","post","type-post","status-publish","format-standard","hentry","category-noticias"],"_links":{"self":[{"href":"https:\/\/forumjustica.com.br\/es\/wp-json\/wp\/v2\/posts\/5405","targetHints":{"allow":["GET"]}}],"collection":[{"href":"https:\/\/forumjustica.com.br\/es\/wp-json\/wp\/v2\/posts"}],"about":[{"href":"https:\/\/forumjustica.com.br\/es\/wp-json\/wp\/v2\/types\/post"}],"author":[{"embeddable":true,"href":"https:\/\/forumjustica.com.br\/es\/wp-json\/wp\/v2\/users\/13"}],"replies":[{"embeddable":true,"href":"https:\/\/forumjustica.com.br\/es\/wp-json\/wp\/v2\/comments?post=5405"}],"version-history":[{"count":1,"href":"https:\/\/forumjustica.com.br\/es\/wp-json\/wp\/v2\/posts\/5405\/revisions"}],"predecessor-version":[{"id":17751,"href":"https:\/\/forumjustica.com.br\/es\/wp-json\/wp\/v2\/posts\/5405\/revisions\/17751"}],"wp:attachment":[{"href":"https:\/\/forumjustica.com.br\/es\/wp-json\/wp\/v2\/media?parent=5405"}],"wp:term":[{"taxonomy":"category","embeddable":true,"href":"https:\/\/forumjustica.com.br\/es\/wp-json\/wp\/v2\/categories?post=5405"},{"taxonomy":"post_tag","embeddable":true,"href":"https:\/\/forumjustica.com.br\/es\/wp-json\/wp\/v2\/tags?post=5405"},{"taxonomy":"anos","embeddable":true,"href":"https:\/\/forumjustica.com.br\/es\/wp-json\/wp\/v2\/anos?post=5405"},{"taxonomy":"projetos","embeddable":true,"href":"https:\/\/forumjustica.com.br\/es\/wp-json\/wp\/v2\/projetos?post=5405"},{"taxonomy":"autorias","embeddable":true,"href":"https:\/\/forumjustica.com.br\/es\/wp-json\/wp\/v2\/autorias?post=5405"},{"taxonomy":"eixos_tematicos","embeddable":true,"href":"https:\/\/forumjustica.com.br\/es\/wp-json\/wp\/v2\/eixos_tematicos?post=5405"},{"taxonomy":"locais","embeddable":true,"href":"https:\/\/forumjustica.com.br\/es\/wp-json\/wp\/v2\/locais?post=5405"},{"taxonomy":"pessoas","embeddable":true,"href":"https:\/\/forumjustica.com.br\/es\/wp-json\/wp\/v2\/pessoas?post=5405"},{"taxonomy":"estado","embeddable":true,"href":"https:\/\/forumjustica.com.br\/es\/wp-json\/wp\/v2\/estado?post=5405"},{"taxonomy":"academia","embeddable":true,"href":"https:\/\/forumjustica.com.br\/es\/wp-json\/wp\/v2\/academia?post=5405"},{"taxonomy":"sociedade_civil","embeddable":true,"href":"https:\/\/forumjustica.com.br\/es\/wp-json\/wp\/v2\/sociedade_civil?post=5405"}],"curies":[{"name":"wp","href":"https:\/\/api.w.org\/{rel}","templated":true}]}}