{"id":5409,"date":"2013-03-13T11:00:45","date_gmt":"2013-03-13T13:00:45","guid":{"rendered":"https:\/\/forumjustica.vlannetwork.com\/?p=5409"},"modified":"2022-09-04T21:16:20","modified_gmt":"2022-09-05T00:16:20","slug":"comissao-interamericana-de-direitos-humanos-e-aidef-celebram-convenio","status":"publish","type":"post","link":"https:\/\/forumjustica.com.br\/es\/comissao-interamericana-de-direitos-humanos-e-aidef-celebram-convenio\/","title":{"rendered":"Comiss\u00e3o Interamericana de Direitos Humanos e AIDEF celebram conv\u00eanio"},"content":{"rendered":"<p>11\/03\/2013 &#8211; 15:30 &#8211;  Ve\u00edculo: Ascom ANADEP &#8211; Estado: DF<\/p>\n<p><a href=\"https:\/\/forumjustica.com.br\/wp-content\/uploads\/2013\/03\/ANADEP.jpg\"><img loading=\"lazy\" decoding=\"async\" src=\"https:\/\/forumjustica.com.br\/wp-content\/uploads\/2013\/03\/ANADEP.jpg\" alt=\"\" title=\"ANADEP\" width=\"350\" height=\"205\" class=\"aligncenter size-full wp-image-5410\" srcset=\"https:\/\/forumjustica.com.br\/wp-content\/uploads\/2013\/03\/ANADEP.jpg 350w, https:\/\/forumjustica.com.br\/wp-content\/uploads\/2013\/03\/ANADEP-300x176.jpg 300w\" sizes=\"auto, (max-width: 350px) 100vw, 350px\" \/><\/a><\/p>\n<p>A Associa\u00e7\u00e3o Interamericana de Defensorias P\u00fablicas (AIDEF) e a Comiss\u00e3o Interamericana de Direitos Humanos (CIDH) celebraram hoje o conv\u00eanio para atua\u00e7\u00e3o dos Defensores P\u00fablicos Interamericanos em determinadas causas em tramita\u00e7\u00e3o na CIDH, cujas supostas v\u00edtimas n\u00e3o possuam patroc\u00ednio de advogado.<\/p>\n<p>Desde 2009, a AIDEF mant\u00e9m semelhante conv\u00eanio com a Corte Interamericana de Direitos Humanos e, a partir de agora, os Defensores P\u00fablicos Interamericanos &#8211; um grupo de 20 defensores de todo o continente, previamente selecionados e capacitados &#8211; tamb\u00e9m passar\u00e3o a atuar na CIDH.<\/p>\n<p>Para o presidente da ANADEP e ex-coordenador geral da AIDEF, Andr\u00e9 Castro &#8211; que esteve em Washington acompanhando as tratativas para a assinatura do conv\u00eanio &#8211; \u00abtrata-se de uma dia hist\u00f3rico para a Defensoria P\u00fablica, pois agora os dois \u00f3rg\u00e3os que integram o Sistema Interamericano de Direitos Humanos reconhecem a import\u00e2ncia e a qualidade da atua\u00e7\u00e3o dos Defensores P\u00fablicos, agentes imprescind\u00edveis para a rede de defesa e prote\u00e7\u00e3o dos direitos humanos no continente.\u00bb<\/p>\n<p>Conselho Permanente da OEA se re\u00fane para debater autonomia e independ\u00eancia da Defensoria P\u00fablica<\/p>\n<p>Cumprindo determina\u00e7\u00e3o da Resolu\u00e7\u00e3o n. 2714\/2012, da Assembleia Geral da OEA, o Conselho Permanente da OEA realizou, no dia 07\/03, sess\u00e3o especial para avaliar o estado de implementa\u00e7\u00e3o da Defensoria P\u00fablica no continente, bem como seus graus de autonomia e independ\u00eancia. O secret\u00e1rio de rela\u00e7\u00f5es internacionais da OEA, Dante Negro, apresentou um resumo dos informes dos Estados, que em breve ser\u00e1 publicado.<\/p>\n<p>A coordenadora-geral da AIDEF, Laura Hernandez (Rep. Dominicana), exp\u00f4s um panorama da Defensoria P\u00fablica na Am\u00e9rica e solicitou apoio da OEA para assegurar a efetividade do modelo p\u00fablico de assist\u00eancia jur\u00eddica, com plena autonomia.<\/p>\n<p>AIDEF participa de sess\u00e3o especial do Conselho Permanente da OEA para debater o SIDH<\/p>\n<p>Na tarde do dia 7\/03, o vice-presidente da ANADEP, Antonio Maffezoli, representou a AIDEF na sess\u00e3o extraordin\u00e1ria do Conselho Permanente da OEA com a sociedade civil para sobre o processo de fortalecimento do Sistema Interamericano de Direitos Humanos.<\/p>\n<p>Maffezoli cumprimentou o Conselho Permanente pela sess\u00e3o especial com a sociedade civil  e destacou as boas propostas de aumento da transpar\u00eancia, demonstrando tamb\u00e9m a preocupa\u00e7\u00e3o da AIDEF com algumas propostas sobre medidas cautelares, que podem dificult\u00e1-las demasiadamente, como a necessidade de consentimento pr\u00e9vio dos poss\u00edveis benefici\u00e1rios das medidas.<\/p>\n<p>AIDEF se re\u00fane na sede da OEA<\/p>\n<p>Nos dias 5 e 6 de mar\u00e7o, a AIDEF realizou, na sede da OEA em Washington, as reuni\u00f5es de seus conselhos executivo e diretor, contanto com a presen\u00e7a de 15 pa\u00edses. Os assuntos mais importantes foram a execu\u00e7\u00e3o do conv\u00eanio com a Corte IDH, a discuss\u00e3o sobre a minuta do conv\u00eanio com a CIDH e a proposta da AIDEF para uma nova resolu\u00e7\u00e3o a ser apresentada \u00e0 Assembleia Geral da OEA.<\/p>\n<p><a href=\"http:\/\/www.flickr.com\/photos\/oasoea\/8538371570\/in\/photostream\/\">Veja as fotos do evento.<\/p>\n","protected":false},"excerpt":{"rendered":"<p>11\/03\/2013 &#8211; 15:30 &#8211; Ve\u00edculo: Ascom ANADEP &#8211; Estado: DF A Associa\u00e7\u00e3o Interamericana de Defensorias P\u00fablicas (AIDEF) e a Comiss\u00e3o Interamericana de Direitos Humanos (CIDH) celebraram hoje o conv\u00eanio para atua\u00e7\u00e3o dos Defensores P\u00fablicos Interamericanos em determinadas causas em tramita\u00e7\u00e3o na CIDH, cujas supostas v\u00edtimas n\u00e3o possuam patroc\u00ednio de advogado. Desde 2009, a AIDEF mant\u00e9m [&hellip;]<\/p>\n","protected":false},"author":13,"featured_media":0,"comment_status":"open","ping_status":"closed","sticky":false,"template":"","format":"standard","meta":{"inline_featured_image":false,"footnotes":""},"categories":[1],"tags":[],"anos":[],"projetos":[],"autorias":[],"eixos_tematicos":[],"locais":[],"pessoas":[],"estado":[],"academia":[],"sociedade_civil":[],"class_list":["post-5409","post","type-post","status-publish","format-standard","hentry","category-noticias"],"_links":{"self":[{"href":"https:\/\/forumjustica.com.br\/es\/wp-json\/wp\/v2\/posts\/5409","targetHints":{"allow":["GET"]}}],"collection":[{"href":"https:\/\/forumjustica.com.br\/es\/wp-json\/wp\/v2\/posts"}],"about":[{"href":"https:\/\/forumjustica.com.br\/es\/wp-json\/wp\/v2\/types\/post"}],"author":[{"embeddable":true,"href":"https:\/\/forumjustica.com.br\/es\/wp-json\/wp\/v2\/users\/13"}],"replies":[{"embeddable":true,"href":"https:\/\/forumjustica.com.br\/es\/wp-json\/wp\/v2\/comments?post=5409"}],"version-history":[{"count":1,"href":"https:\/\/forumjustica.com.br\/es\/wp-json\/wp\/v2\/posts\/5409\/revisions"}],"predecessor-version":[{"id":17750,"href":"https:\/\/forumjustica.com.br\/es\/wp-json\/wp\/v2\/posts\/5409\/revisions\/17750"}],"wp:attachment":[{"href":"https:\/\/forumjustica.com.br\/es\/wp-json\/wp\/v2\/media?parent=5409"}],"wp:term":[{"taxonomy":"category","embeddable":true,"href":"https:\/\/forumjustica.com.br\/es\/wp-json\/wp\/v2\/categories?post=5409"},{"taxonomy":"post_tag","embeddable":true,"href":"https:\/\/forumjustica.com.br\/es\/wp-json\/wp\/v2\/tags?post=5409"},{"taxonomy":"anos","embeddable":true,"href":"https:\/\/forumjustica.com.br\/es\/wp-json\/wp\/v2\/anos?post=5409"},{"taxonomy":"projetos","embeddable":true,"href":"https:\/\/forumjustica.com.br\/es\/wp-json\/wp\/v2\/projetos?post=5409"},{"taxonomy":"autorias","embeddable":true,"href":"https:\/\/forumjustica.com.br\/es\/wp-json\/wp\/v2\/autorias?post=5409"},{"taxonomy":"eixos_tematicos","embeddable":true,"href":"https:\/\/forumjustica.com.br\/es\/wp-json\/wp\/v2\/eixos_tematicos?post=5409"},{"taxonomy":"locais","embeddable":true,"href":"https:\/\/forumjustica.com.br\/es\/wp-json\/wp\/v2\/locais?post=5409"},{"taxonomy":"pessoas","embeddable":true,"href":"https:\/\/forumjustica.com.br\/es\/wp-json\/wp\/v2\/pessoas?post=5409"},{"taxonomy":"estado","embeddable":true,"href":"https:\/\/forumjustica.com.br\/es\/wp-json\/wp\/v2\/estado?post=5409"},{"taxonomy":"academia","embeddable":true,"href":"https:\/\/forumjustica.com.br\/es\/wp-json\/wp\/v2\/academia?post=5409"},{"taxonomy":"sociedade_civil","embeddable":true,"href":"https:\/\/forumjustica.com.br\/es\/wp-json\/wp\/v2\/sociedade_civil?post=5409"}],"curies":[{"name":"wp","href":"https:\/\/api.w.org\/{rel}","templated":true}]}}