{"id":5444,"date":"2013-03-19T09:00:44","date_gmt":"2013-03-19T11:00:44","guid":{"rendered":"https:\/\/forumjustica.vlannetwork.com\/?p=5444"},"modified":"2022-09-04T21:16:20","modified_gmt":"2022-09-05T00:16:20","slug":"mesa-redonda-com-lancamento-do-livro-religiao-e-politica","status":"publish","type":"post","link":"https:\/\/forumjustica.com.br\/es\/mesa-redonda-com-lancamento-do-livro-religiao-e-politica\/","title":{"rendered":"Mesa Redonda com lan\u00e7amento do livro &quot;Religi\u00e3o e Pol\u00edtica&quot;"},"content":{"rendered":"<p><a href=\"https:\/\/forumjustica.com.br\/wp-content\/uploads\/2013\/03\/Convite_RELIGIAOEPOL-TICA2-1.png\"><img loading=\"lazy\" decoding=\"async\" class=\"aligncenter size-full wp-image-5445\" title=\"Convite_RELIGIAOEPOL\u00cdTICA2 (1)\" src=\"https:\/\/forumjustica.com.br\/wp-content\/uploads\/2013\/03\/Convite_RELIGIAOEPOL-TICA2-1.png\" alt=\"\" width=\"480\" height=\"572\" srcset=\"https:\/\/forumjustica.com.br\/wp-content\/uploads\/2013\/03\/Convite_RELIGIAOEPOL-TICA2-1.png 480w, https:\/\/forumjustica.com.br\/wp-content\/uploads\/2013\/03\/Convite_RELIGIAOEPOL-TICA2-1-252x300.png 252w\" sizes=\"auto, (max-width: 480px) 100vw, 480px\" \/><\/a><\/p>\n<p>Mesa Redonda e lan\u00e7amento de livro sobre Religi\u00e3o e Pol\u00edtica no Brasil<\/p>\n<p>O Iser e a Funda\u00e7\u00e3o Heinrich B\u00f6ll Brasil convidam para mesa redonda e lan\u00e7amento do livro \u201cReligi\u00e3o e Pol\u00edtica: uma an\u00e1lise da atua\u00e7\u00e3o de parlamentares evang\u00e9licos sobre direitos das mulheres e de LGBTs no Brasil\u201d, que ser\u00e1 realizada no dia 21 de mar\u00e7o, \u00e0s 18h30.<\/p>\n<p>Escrito por Christina Vital e Paulo Victor Leite Lopes, o livro faz uma an\u00e1lise e reflex\u00e3o sobre os atores religiosos evang\u00e9licos no cen\u00e1rio pol\u00edtico nacional, suas estrat\u00e9gias e tamb\u00e9m seus posicionamentos em rela\u00e7\u00e3o aos direitos das mulheres e da popula\u00e7\u00e3o LGBT.<\/p>\n<p>Al\u00e9m dos pr\u00f3prios autores do livro, participar\u00e3o do debate Cl\u00e1udio Nascimento, superintendente de direitos individuais, coletivos e difusos da Secretaria Estadual de Assist\u00eancia Social e Direitos Humanos do Rio de Janeiro (SEASDH); Regina Novaes, professora da Universidade Federal do Rio de Janeiro e especialista no tema; e Beatriz Galli, integrante da Comiss\u00e3o de Bio\u00e9tica e Biodireito da Ordem dos Advogados do Brasil, se\u00e7\u00e3o Rio Janeiro (OAB-RJ), e colaboradora da Ipas Am\u00e9rica Latina.<\/p>\n<p>A abertura do evento estar\u00e1 a cargo de Marilene de Paula, coordenadora de direitos humanos da Funda\u00e7\u00e3o Heinrich B\u00f6ll no Brasil.<\/p>\n<p>A entrada \u00e9 franca.<\/p>\n<p>Endere\u00e7o: Sal\u00e3o Paulo e Ana, Rua do Russel, 76, 2\u00ba andar, Gloria.<\/p>\n","protected":false},"excerpt":{"rendered":"<p>Mesa Redonda e lan\u00e7amento de livro sobre Religi\u00e3o e Pol\u00edtica no Brasil O Iser e a Funda\u00e7\u00e3o Heinrich B\u00f6ll Brasil convidam para mesa redonda e lan\u00e7amento do livro \u201cReligi\u00e3o e Pol\u00edtica: uma an\u00e1lise da atua\u00e7\u00e3o de parlamentares evang\u00e9licos sobre direitos das mulheres e de LGBTs no Brasil\u201d, que ser\u00e1 realizada no dia 21 de mar\u00e7o, [&hellip;]<\/p>\n","protected":false},"author":13,"featured_media":0,"comment_status":"open","ping_status":"closed","sticky":false,"template":"","format":"standard","meta":{"inline_featured_image":false,"footnotes":""},"categories":[1],"tags":[],"anos":[],"projetos":[],"autorias":[],"eixos_tematicos":[],"locais":[],"pessoas":[],"estado":[],"academia":[],"sociedade_civil":[],"class_list":["post-5444","post","type-post","status-publish","format-standard","hentry","category-noticias"],"_links":{"self":[{"href":"https:\/\/forumjustica.com.br\/es\/wp-json\/wp\/v2\/posts\/5444","targetHints":{"allow":["GET"]}}],"collection":[{"href":"https:\/\/forumjustica.com.br\/es\/wp-json\/wp\/v2\/posts"}],"about":[{"href":"https:\/\/forumjustica.com.br\/es\/wp-json\/wp\/v2\/types\/post"}],"author":[{"embeddable":true,"href":"https:\/\/forumjustica.com.br\/es\/wp-json\/wp\/v2\/users\/13"}],"replies":[{"embeddable":true,"href":"https:\/\/forumjustica.com.br\/es\/wp-json\/wp\/v2\/comments?post=5444"}],"version-history":[{"count":1,"href":"https:\/\/forumjustica.com.br\/es\/wp-json\/wp\/v2\/posts\/5444\/revisions"}],"predecessor-version":[{"id":17747,"href":"https:\/\/forumjustica.com.br\/es\/wp-json\/wp\/v2\/posts\/5444\/revisions\/17747"}],"wp:attachment":[{"href":"https:\/\/forumjustica.com.br\/es\/wp-json\/wp\/v2\/media?parent=5444"}],"wp:term":[{"taxonomy":"category","embeddable":true,"href":"https:\/\/forumjustica.com.br\/es\/wp-json\/wp\/v2\/categories?post=5444"},{"taxonomy":"post_tag","embeddable":true,"href":"https:\/\/forumjustica.com.br\/es\/wp-json\/wp\/v2\/tags?post=5444"},{"taxonomy":"anos","embeddable":true,"href":"https:\/\/forumjustica.com.br\/es\/wp-json\/wp\/v2\/anos?post=5444"},{"taxonomy":"projetos","embeddable":true,"href":"https:\/\/forumjustica.com.br\/es\/wp-json\/wp\/v2\/projetos?post=5444"},{"taxonomy":"autorias","embeddable":true,"href":"https:\/\/forumjustica.com.br\/es\/wp-json\/wp\/v2\/autorias?post=5444"},{"taxonomy":"eixos_tematicos","embeddable":true,"href":"https:\/\/forumjustica.com.br\/es\/wp-json\/wp\/v2\/eixos_tematicos?post=5444"},{"taxonomy":"locais","embeddable":true,"href":"https:\/\/forumjustica.com.br\/es\/wp-json\/wp\/v2\/locais?post=5444"},{"taxonomy":"pessoas","embeddable":true,"href":"https:\/\/forumjustica.com.br\/es\/wp-json\/wp\/v2\/pessoas?post=5444"},{"taxonomy":"estado","embeddable":true,"href":"https:\/\/forumjustica.com.br\/es\/wp-json\/wp\/v2\/estado?post=5444"},{"taxonomy":"academia","embeddable":true,"href":"https:\/\/forumjustica.com.br\/es\/wp-json\/wp\/v2\/academia?post=5444"},{"taxonomy":"sociedade_civil","embeddable":true,"href":"https:\/\/forumjustica.com.br\/es\/wp-json\/wp\/v2\/sociedade_civil?post=5444"}],"curies":[{"name":"wp","href":"https:\/\/api.w.org\/{rel}","templated":true}]}}