{"id":5531,"date":"2013-03-28T09:00:31","date_gmt":"2013-03-28T11:00:31","guid":{"rendered":"https:\/\/forumjustica.vlannetwork.com\/?p=5531"},"modified":"2022-09-04T21:16:20","modified_gmt":"2022-09-05T00:16:20","slug":"vi-congresso-brasileiro-de-ciencias-sociais-e-humanas-em-saude","status":"publish","type":"post","link":"https:\/\/forumjustica.com.br\/es\/vi-congresso-brasileiro-de-ciencias-sociais-e-humanas-em-saude\/","title":{"rendered":"VI Congresso Brasileiro de Ci\u00eancias Sociais e Humanas em Sa\u00fade"},"content":{"rendered":"<p>Rio de Janeiro, 18 de mar\u00e7o de 2013.<\/p>\n<p>Prezados\/as pesquisadoras\/es,<\/p>\n<p>Acontecer\u00e1 entre 13 e 17 de novembro de 2013 o Congresso da ABRASCO de Ci\u00eancias Sociais e Sa\u00fade, no Rio de Janeiro, na Universidade do Estado do Rio de Janeiro.  O prazo de envio de resumos \u00e9 at\u00e9 o dia 16\/04\/2013.<\/p>\n<p>O GT Direitos Humanos e Sa\u00fade P\u00fablica identificou a contribui\u00e7\u00e3o deste grupo como muito relevante para a discuss\u00e3o proposta. Nesse sentido, a(o) convidamos a enviar e colaborar conosco estimulando seus alunos e colegas a apresentarem trabalhos sobre este tema.<\/p>\n<p>Entrem no site para conhecer a proposta do Congresso e enviarem seus trabalhos: <a href=\"http:\/\/www.cienciassociaisesaude2013.com.br\">http:\/\/www.cienciassociaisesaude2013.com.br<\/a><\/p>\n<p>As informa\u00e7\u00f5es sobre nosso GT seguem abaixo. Acreditamos que ser\u00e1 um momento muito oportuno para trocarmos informa\u00e7\u00f5es e articularmos parcerias para o desenvolvimento dos estudos sobre o tema.<\/p>\n<p>Contamos com sua participa\u00e7\u00e3o e nos colocamos \u00e0 disposi\u00e7\u00e3o.<\/p>\n<p>Atenciosamente,<\/p>\n<p>Comiss\u00e3o Organizadora do GT Direitos Humanos e Sa\u00fade P\u00fablica<\/p>\n<p>Coordenadores:<br \/>\nMiriam Ventura (IESC\/UFRJ) e Ivan Fran\u00e7a Jr (FSP\/USP)<br \/>\nmiriam.ventura@iesc.ufrj.br<\/p>\n<p>Membros do GT:<br \/>\nCristiane Gon\u00e7alves, SP\/UNIFESP Baixada Santista<br \/>\nDulce Ferraz, DF\/FIOCRUZ<br \/>\nFernanda Bitencourt Ribeiro, RS,           PUC\/RS<br \/>\nIsabel Maria Sampaio Oliveira Lima, BA, UCSAL,<br \/>\nJeane Felix, DF, UnB<br \/>\nRenata Bellenzani,, MS, UFMS\/CPAR<br \/>\nSandra Valongueiro Alves, PE,UFPE<br \/>\nWagner dos Santos Figueiredo, SP,UFSCar<br \/>\nGabriela Calazans, SP,FCMSCSP<br \/>\nMaria Am\u00e9lia Veras, SP, FCMSCSP<br \/>\nAlexandre Grangeiro, SP, FM\/USP<br \/>\nJos\u00e9 Ricardo de Carvalho Mesquita Ayres, SP, FM\/USP<br \/>\nBruna Robba Lara, SP, FSP\/USP<br \/>\nThiago Marques Le\u00e3o, SP, FSP\/USP<br \/>\nGrazielle Tagliamento, SP, IP\/USP<br \/>\nVera Paiva, SP, IP\/USP<br \/>\nJaqueline Ferreira, RJ, IESC\/UFRJ<br \/>\nNeide Emy Kurokawa e Silva, RJ, IESC\/UFRJ<br \/>\nRegina Ferro do Lago, RJ,            ENSP\/FIOCRUZ<br \/>\nGT Direitos Humanos e Sa\u00fade P\u00fablica.<\/p>\n<p><strong>Ementa:<\/strong><\/p>\n<p>As evid\u00eancias documentadas nos diversos estudos sobre as rela\u00e7\u00f5es entre condi\u00e7\u00f5es de sa\u00fade e a garantia de direitos humanos t\u00eam trazido implica\u00e7\u00f5es pol\u00edticas, sociais e jur\u00eddicas relevantes na abordagem do direito \u00e0 sa\u00fade e na formula\u00e7\u00e3o das pol\u00edticas e desenvolvimento de pesquisas, no \u00e2mbito nacional e internacional. Entre as implica\u00e7\u00f5es, destaca-se o conjunto de recomenda\u00e7\u00f5es e esfor\u00e7os internacionais que enfatiza o potencial da abordagem dos direitos humanos para enfrentar desafios locais e globais de sa\u00fade p\u00fablica. Aponta, ainda, o fortalecimento dos sistemas de sa\u00fade e a amplia\u00e7\u00e3o do acesso, e a reformula\u00e7\u00e3o de pr\u00e1ticas de sa\u00fade. A constru\u00e7\u00e3o do campo da Sa\u00fade Coletiva no Brasil igualmente expressa historicamente essas rela\u00e7\u00f5es. Considerando este ac\u00famulo sobre o tema, a import\u00e2ncia e os desafios \u00e9ticos, te\u00f3ricos e metodol\u00f3gicos das pesquisas neste \u00e2mbito, o objetivo do GT \u00e9 aprofundar a reflex\u00e3o cr\u00edtica sobre os diferentes usos dos aportes dos direitos humanos para compreender e direcionar quest\u00f5es de sa\u00fade, reunindo trabalhos que expressem as diferentes preocupa\u00e7\u00f5es e aplica\u00e7\u00f5es, a partir de dois eixos: 1. An\u00e1lises conceituais e metodol\u00f3gicas das intera\u00e7\u00f5es entre sa\u00fade e direitos humanos nas pol\u00edticas, representa\u00e7\u00f5es e pr\u00e1ticas de sa\u00fade. 2. Pesquisas emp\u00edricas sobre percep\u00e7\u00f5es, representa\u00e7\u00f5es e abordagens dos direitos humanos na sa\u00fade, suas implica\u00e7\u00f5es para a cidadania e melhoria das condi\u00e7\u00f5es de sa\u00fade, e os espa\u00e7os de mobiliza\u00e7\u00e3o social e institucional em que este referencial vem sendo utilizado, em especial, na aten\u00e7\u00e3o a diferentes popula\u00e7\u00f5es em situa\u00e7\u00f5es de vulnerabilidade.<\/p>\n<p>Os temas presentes no debate dos Direitos Humanos recorrentes s\u00e3o:<br \/>\n&#8211; Sexualidade. Direitos sexuais na perspectiva dos direitos humanos. Educa\u00e7\u00e3o para a sexualidade. Diversidade sexual e pol\u00edticas p\u00fablicas com base nos Direitos Humanos. Viola\u00e7\u00f5es de Direitos Humanos, orienta\u00e7\u00e3o sexual e\/ou identidade de g\u00eanero. Tr\u00e1fico de pessoas e explora\u00e7\u00e3o sexual.<\/p>\n<p>&#8211; Reprodu\u00e7\u00e3o. Direitos reprodutivos na perspectiva dos direitos humanos. Aborto. Aten\u00e7\u00e3o ao parto e nascimento. Contracep\u00e7\u00e3o. Direitos reprodutivos e masculinidade.<\/p>\n<p>&#8211;  Sa\u00fade Mental. Uso de drogas e pol\u00edticas p\u00fablicas. Reforma psiqui\u00e1trica.<\/p>\n<p>&#8211;  Vulnerabilidade e Sa\u00fade das Popula\u00e7\u00f5es. Sa\u00fade das Pessoas com Defici\u00eancias. Sa\u00fade da Crian\u00e7a. Sa\u00fade do Adolescente e do Jovem. Sa\u00fade da Popula\u00e7\u00e3o LGBTT. Sa\u00fade dos Homens. Sa\u00fade da Mulher. Sa\u00fade da Popula\u00e7\u00e3o Negra.<\/p>\n<p>&#8211;  Pesquisas em sa\u00fade.<\/p>\n<p>&#8211;  Leis e Pol\u00edticas de Sa\u00fade. Aten\u00e7\u00e3o \u00e0 sa\u00fade. Acesso \u00e0s tecnologias em sa\u00fade. Medicamentos.<\/p>\n<p>&#8211;  Sa\u00fade Global, Sa\u00fade Internacional, Diplomacia em Sa\u00fade. Sistema internacional de direitos humanos e a sa\u00fade.<\/p>\n<p>&#8211;  Ajuda Humanit\u00e1ria em sa\u00fade.<\/p>\n<p>&#8211;  Quest\u00f5es emergentes em sa\u00fade.<\/p>\n","protected":false},"excerpt":{"rendered":"<p>Rio de Janeiro, 18 de mar\u00e7o de 2013. Prezados\/as pesquisadoras\/es, Acontecer\u00e1 entre 13 e 17 de novembro de 2013 o Congresso da ABRASCO de Ci\u00eancias Sociais e Sa\u00fade, no Rio de Janeiro, na Universidade do Estado do Rio de Janeiro. O prazo de envio de resumos \u00e9 at\u00e9 o dia 16\/04\/2013. O GT Direitos Humanos [&hellip;]<\/p>\n","protected":false},"author":13,"featured_media":0,"comment_status":"open","ping_status":"closed","sticky":false,"template":"","format":"standard","meta":{"inline_featured_image":false,"footnotes":""},"categories":[1],"tags":[],"anos":[],"projetos":[],"autorias":[],"eixos_tematicos":[],"locais":[],"pessoas":[],"estado":[],"academia":[],"sociedade_civil":[],"class_list":["post-5531","post","type-post","status-publish","format-standard","hentry","category-noticias"],"_links":{"self":[{"href":"https:\/\/forumjustica.com.br\/es\/wp-json\/wp\/v2\/posts\/5531","targetHints":{"allow":["GET"]}}],"collection":[{"href":"https:\/\/forumjustica.com.br\/es\/wp-json\/wp\/v2\/posts"}],"about":[{"href":"https:\/\/forumjustica.com.br\/es\/wp-json\/wp\/v2\/types\/post"}],"author":[{"embeddable":true,"href":"https:\/\/forumjustica.com.br\/es\/wp-json\/wp\/v2\/users\/13"}],"replies":[{"embeddable":true,"href":"https:\/\/forumjustica.com.br\/es\/wp-json\/wp\/v2\/comments?post=5531"}],"version-history":[{"count":1,"href":"https:\/\/forumjustica.com.br\/es\/wp-json\/wp\/v2\/posts\/5531\/revisions"}],"predecessor-version":[{"id":17733,"href":"https:\/\/forumjustica.com.br\/es\/wp-json\/wp\/v2\/posts\/5531\/revisions\/17733"}],"wp:attachment":[{"href":"https:\/\/forumjustica.com.br\/es\/wp-json\/wp\/v2\/media?parent=5531"}],"wp:term":[{"taxonomy":"category","embeddable":true,"href":"https:\/\/forumjustica.com.br\/es\/wp-json\/wp\/v2\/categories?post=5531"},{"taxonomy":"post_tag","embeddable":true,"href":"https:\/\/forumjustica.com.br\/es\/wp-json\/wp\/v2\/tags?post=5531"},{"taxonomy":"anos","embeddable":true,"href":"https:\/\/forumjustica.com.br\/es\/wp-json\/wp\/v2\/anos?post=5531"},{"taxonomy":"projetos","embeddable":true,"href":"https:\/\/forumjustica.com.br\/es\/wp-json\/wp\/v2\/projetos?post=5531"},{"taxonomy":"autorias","embeddable":true,"href":"https:\/\/forumjustica.com.br\/es\/wp-json\/wp\/v2\/autorias?post=5531"},{"taxonomy":"eixos_tematicos","embeddable":true,"href":"https:\/\/forumjustica.com.br\/es\/wp-json\/wp\/v2\/eixos_tematicos?post=5531"},{"taxonomy":"locais","embeddable":true,"href":"https:\/\/forumjustica.com.br\/es\/wp-json\/wp\/v2\/locais?post=5531"},{"taxonomy":"pessoas","embeddable":true,"href":"https:\/\/forumjustica.com.br\/es\/wp-json\/wp\/v2\/pessoas?post=5531"},{"taxonomy":"estado","embeddable":true,"href":"https:\/\/forumjustica.com.br\/es\/wp-json\/wp\/v2\/estado?post=5531"},{"taxonomy":"academia","embeddable":true,"href":"https:\/\/forumjustica.com.br\/es\/wp-json\/wp\/v2\/academia?post=5531"},{"taxonomy":"sociedade_civil","embeddable":true,"href":"https:\/\/forumjustica.com.br\/es\/wp-json\/wp\/v2\/sociedade_civil?post=5531"}],"curies":[{"name":"wp","href":"https:\/\/api.w.org\/{rel}","templated":true}]}}