{"id":5592,"date":"2013-04-04T10:00:40","date_gmt":"2013-04-04T12:00:40","guid":{"rendered":"https:\/\/forumjustica.vlannetwork.com\/?p=5592"},"modified":"2022-09-04T21:16:20","modified_gmt":"2022-09-05T00:16:20","slug":"miguel-baldez-apresenta-o-iecd-instituto-de-estudos-criticos-do-direito","status":"publish","type":"post","link":"https:\/\/forumjustica.com.br\/es\/miguel-baldez-apresenta-o-iecd-instituto-de-estudos-criticos-do-direito\/","title":{"rendered":"Miguel Baldez apresenta o IECD &#8211; Instituto de Estudos Cr\u00edticos do Direito"},"content":{"rendered":"<p><a href=\"https:\/\/forumjustica.com.br\/wp-content\/uploads\/2013\/04\/IECD_marca_peq.jpg\"><img loading=\"lazy\" decoding=\"async\" src=\"https:\/\/forumjustica.com.br\/wp-content\/uploads\/2013\/04\/IECD_marca_peq.jpg\" alt=\"\" title=\"IECD_marca_peq\" width=\"315\" height=\"315\" class=\"aligncenter size-full wp-image-5594\" \/><\/a><\/p>\n<p><strong>Miguel Baldez apresenta o IECD<\/strong><\/p>\n<p>Enfim est\u00e1 criado o Instituto de Estudos Cr\u00edticos do Direito, um sonho de alguns professores universit\u00e1rios que traz consigo o prop\u00f3sito de pensar e repensar a realidade socioecon\u00f4mica criticamente sob o enfoque, \u00e0 luz do campo jur\u00eddico, da normatividade jur\u00eddica.<\/p>\n<p>Que \u00e9 o direito? De onde vem e como surgiu e ganhou forma e proje\u00e7\u00e3o universal no passar do s\u00e9culo XIX, principalmente na afirma\u00e7\u00e3o da revolu\u00e7\u00e3o francesa? Que homem \u00e9 este etnocentrado ente que na verdade vai servir de fundamento e raz\u00e3o de ser da constru\u00e7\u00e3o do direito? Certamente n\u00e3o \u00e9 o homem abstrato da renascen\u00e7a mas, como diz com propriedade Orlando de Carvalho, o homem de perfil burgu\u00eas (Orlando de Carvalho, Teoria Geral da Rela\u00e7\u00e3o Jur\u00eddica \u2013 seu sentido e limites).<\/p>\n<p>\u00c9, pois, o direito constru\u00eddo pela burguesia, consolidado durante o s\u00e9culo XIX, o direito que se vai estender para al\u00e9m da Europa e influir nos pa\u00edses formados no fluxo das grandes conquistas europeias, entre as quais este nosso Brasil. Um direito de classe intu\u00eddo e apreendido no C\u00f3digo de Napole\u00e3o, um direito de classe que, sem qualquer cerim\u00f4nia, exclui a classe trabalhadora. Eram teoricamente dois os homens constru\u00eddos com a vit\u00f3ria pol\u00edtica e jur\u00eddica da burguesia: o homem de perfil burgu\u00eas, cujos direitos vinham previstos e descritos nos c\u00f3digos burgueses, e o trabalhador que, na f\u00e1brica, organizava-se e lutava para sobreviver (Marx, O Capital, A Jornada de Trabalho, Livro 1, vol. 1).<\/p>\n<p>O IECD Instituto de Estudos Cr\u00edticos do Direito quer reencontrar o homem, mas o homem na vida, banhado pela sociedade e pela sociologia do povo, inspirado em muitas leituras libert\u00e1rias, um direito sem dogmas, como quer Roberto Lyra Filho, e, por isso, sem preconceitos, que seja efetivamente universal, capaz de pensar e incluir em seu campo de juridicidade, al\u00e9m do trabalhador, outros marginalizados, o negro e o \u00edndio.<\/p>\n<p>Repor o direito atrav\u00e9s dos par\u00e2metros conceituais dos direitos humanos, n\u00e3o apenas na leitura restrita da dogmatizada Declara\u00e7\u00e3o Universal dos Direitos Humanos que consagrem o homem e a mulher nas rec\u00edprocas rela\u00e7\u00f5es de sua conviv\u00eancia social, numa iguala\u00e7\u00e3o pol\u00edtica e jur\u00eddica que lhes garanta, de fato, com fundamento na solidariedade, plena e absoluta igualdade.<\/p>\n<p>Esta a raz\u00e3o de ser do IECD, este o compromisso que vai passar por todas as suas atividades, seus debates culturais, suas sess\u00f5es de estudos, suas confer\u00eancias. Enfim, nasce agora este Instituto, assinando neste ato de funda\u00e7\u00e3o seu compromisso com a democracia e a consequente democratiza\u00e7\u00e3o pol\u00edtica do direito.<\/p>\n<p><strong>IECD &#8211; Finalidades do Instituto<\/strong><\/p>\n<p>S\u00e3o finalidades do Instituto:<\/p>\n<p>I \u2013 defender os princ\u00edpios constitucionais;<br \/>\nII \u2013 afirmar os princ\u00edpios democr\u00e1ticos e a sua efetiva concretiza\u00e7\u00e3o;<br \/>\nIII \u2013 valorizar a cidadania e o efetivo acesso de todos igualmente ao exerc\u00edcio dos pr\u00f3prios direitos;<br \/>\nIV \u2013 promover o debate cient\u00edfico e\/ou cultural a pesquisa jur\u00eddica por meio de cursos de aperfei\u00e7oamento, extens\u00e3o e p\u00f3s-gradua\u00e7\u00e3o, lato e stricto sensu, projetos de investiga\u00e7\u00e3o cient\u00edfica, debates, publica\u00e7\u00e3o de material impresso e on-line sobre temas diversos do direito;<br \/>\nV \u2013 desenvolver uma perspectiva interdisciplinar e cr\u00edtica e todas as suas atividades.<\/p>\n<p><a href=\"http:\/\/iecdireito.blogspot.com.br\/2013_03_01_archive.html\">http:\/\/iecdireito.blogspot.com.br\/2013_03_01_archive.html<\/a><\/p>","protected":false},"excerpt":{"rendered":"<p>Miguel Baldez apresenta o IECD Enfim est\u00e1 criado o Instituto de Estudos Cr\u00edticos do Direito, um sonho de alguns professores universit\u00e1rios que traz consigo o prop\u00f3sito de pensar e repensar a realidade socioecon\u00f4mica criticamente sob o enfoque, \u00e0 luz do campo jur\u00eddico, da normatividade jur\u00eddica. Que \u00e9 o direito? De onde vem e como surgiu [&hellip;]<\/p>\n","protected":false},"author":13,"featured_media":0,"comment_status":"open","ping_status":"closed","sticky":false,"template":"","format":"standard","meta":{"inline_featured_image":false,"footnotes":""},"categories":[1],"tags":[],"anos":[],"projetos":[],"autorias":[],"eixos_tematicos":[],"locais":[],"pessoas":[],"estado":[],"academia":[],"sociedade_civil":[],"class_list":["post-5592","post","type-post","status-publish","format-standard","hentry","category-noticias"],"_links":{"self":[{"href":"https:\/\/forumjustica.com.br\/es\/wp-json\/wp\/v2\/posts\/5592","targetHints":{"allow":["GET"]}}],"collection":[{"href":"https:\/\/forumjustica.com.br\/es\/wp-json\/wp\/v2\/posts"}],"about":[{"href":"https:\/\/forumjustica.com.br\/es\/wp-json\/wp\/v2\/types\/post"}],"author":[{"embeddable":true,"href":"https:\/\/forumjustica.com.br\/es\/wp-json\/wp\/v2\/users\/13"}],"replies":[{"embeddable":true,"href":"https:\/\/forumjustica.com.br\/es\/wp-json\/wp\/v2\/comments?post=5592"}],"version-history":[{"count":1,"href":"https:\/\/forumjustica.com.br\/es\/wp-json\/wp\/v2\/posts\/5592\/revisions"}],"predecessor-version":[{"id":17723,"href":"https:\/\/forumjustica.com.br\/es\/wp-json\/wp\/v2\/posts\/5592\/revisions\/17723"}],"wp:attachment":[{"href":"https:\/\/forumjustica.com.br\/es\/wp-json\/wp\/v2\/media?parent=5592"}],"wp:term":[{"taxonomy":"category","embeddable":true,"href":"https:\/\/forumjustica.com.br\/es\/wp-json\/wp\/v2\/categories?post=5592"},{"taxonomy":"post_tag","embeddable":true,"href":"https:\/\/forumjustica.com.br\/es\/wp-json\/wp\/v2\/tags?post=5592"},{"taxonomy":"anos","embeddable":true,"href":"https:\/\/forumjustica.com.br\/es\/wp-json\/wp\/v2\/anos?post=5592"},{"taxonomy":"projetos","embeddable":true,"href":"https:\/\/forumjustica.com.br\/es\/wp-json\/wp\/v2\/projetos?post=5592"},{"taxonomy":"autorias","embeddable":true,"href":"https:\/\/forumjustica.com.br\/es\/wp-json\/wp\/v2\/autorias?post=5592"},{"taxonomy":"eixos_tematicos","embeddable":true,"href":"https:\/\/forumjustica.com.br\/es\/wp-json\/wp\/v2\/eixos_tematicos?post=5592"},{"taxonomy":"locais","embeddable":true,"href":"https:\/\/forumjustica.com.br\/es\/wp-json\/wp\/v2\/locais?post=5592"},{"taxonomy":"pessoas","embeddable":true,"href":"https:\/\/forumjustica.com.br\/es\/wp-json\/wp\/v2\/pessoas?post=5592"},{"taxonomy":"estado","embeddable":true,"href":"https:\/\/forumjustica.com.br\/es\/wp-json\/wp\/v2\/estado?post=5592"},{"taxonomy":"academia","embeddable":true,"href":"https:\/\/forumjustica.com.br\/es\/wp-json\/wp\/v2\/academia?post=5592"},{"taxonomy":"sociedade_civil","embeddable":true,"href":"https:\/\/forumjustica.com.br\/es\/wp-json\/wp\/v2\/sociedade_civil?post=5592"}],"curies":[{"name":"wp","href":"https:\/\/api.w.org\/{rel}","templated":true}]}}