{"id":5641,"date":"2013-04-09T18:15:31","date_gmt":"2013-04-09T20:15:31","guid":{"rendered":"https:\/\/forumjustica.vlannetwork.com\/?p=5641"},"modified":"2022-09-04T21:16:19","modified_gmt":"2022-09-05T00:16:19","slug":"defensoria-publica-por-meio-do-nucleo-de-direitos-humanos-realiza-audiencia-publica-sobre-populacao-em-situacao-de-rua","status":"publish","type":"post","link":"https:\/\/forumjustica.com.br\/es\/defensoria-publica-por-meio-do-nucleo-de-direitos-humanos-realiza-audiencia-publica-sobre-populacao-em-situacao-de-rua\/","title":{"rendered":"Defensoria Publica, por meio do N\u00facleo de Direitos Humanos, realiza Audi\u00eancia P\u00fablica sobre popula\u00e7\u00e3o em situa\u00e7\u00e3o de rua"},"content":{"rendered":"<p><a href=\"https:\/\/forumjustica.com.br\/wp-content\/uploads\/2013\/04\/1rua.jpg\"><img loading=\"lazy\" decoding=\"async\" src=\"https:\/\/forumjustica.com.br\/wp-content\/uploads\/2013\/04\/1rua.jpg\" alt=\"\" title=\"1rua\" width=\"400\" height=\"300\" class=\"aligncenter size-full wp-image-5642\" \/><\/a><br \/>\nSeg, 08 de Abril de 2013 09:23<\/p>\n<p>Na pr\u00f3xima quinta-feira, 11 de abril, a Defensoria P\u00fablica Geral do Estado, por meio do N\u00facleo de Direitos Humanos e A\u00e7\u00f5es Coletivas, NDHAC, realiza Audi\u00eancia P\u00fablica para tratar da problem\u00e1tica da viol\u00eancia que a popula\u00e7\u00e3o em situa\u00e7\u00e3o de rua vem enfrentando. Ser\u00e1 \u00e0s 09:00h no Audit\u00f3rio Jesus Xavier de Brito, sede da DPGE, que fica na av. Pinto Bandeira, 1111, Luciano Cavalcante.<\/p>\n<p>Segundo levantamento realizado no ano passado pelo Movimento Nacional da Popula\u00e7\u00e3o em Situa\u00e7\u00e3o de Rua, existem em Fortaleza cerca de 5 mil pessoas em situa\u00e7\u00e3o de rua, numa realidade complexa e multidimensional. S\u00e3o adultos, crian\u00e7as, idosos, pessoas com defici\u00eancia, que sequer est\u00e3o presentes no censo do IBGE, que utiliza o domicilio como crit\u00e9rio, e vivem em uma situa\u00e7\u00e3o de extrema vulnerabilidade.<\/p>\n<p>A partir de den\u00fancias de viol\u00eancia a pessoas em situa\u00e7\u00e3o de rua formuladas pelo Centro Nacional de Defesa dos Direitos Humanos a Pessoas em Situa\u00e7\u00e3o de Rua e Catadores de Material Recicl\u00e1vel, o NDHAC formulou o projeto de enfrentamento a viol\u00eancia a pessoa em situa\u00e7\u00e3o de rua. A primeira etapa \u00e9 fazer um diagn\u00f3stico pr\u00e9vio da realidade concreta que se agrava a cada dia. Somente no m\u00eas de mar\u00e7o h\u00e1 not\u00edcias de 3 assassinatos de pessoas em situa\u00e7\u00e3o de rua, entre elas de uma m\u00e3e, morta enquanto amamentava seu filho.<\/p>\n<p>A Audi\u00eancia P\u00fablica ser\u00e1 o in\u00edcio da segunda etapa do projeto, que visa a formula\u00e7\u00e3o de redes concretas para a visibilidade qualificada desta cruel realidade. Foram convidados representantes dos Governos Municipal e Estadual, das institui\u00e7\u00f5es p\u00fablicas e privadas com atividade no tema, bem como representantes dos Cursos de Direito a fim de estimular o estudo acad\u00eamico do tema.<\/p>\n<p>Servi\u00e7o:<\/p>\n<p>Audi\u00eancia P\u00fablica \u00abEnfrentamento da viol\u00eancia a pessoa em situa\u00e7\u00e3o de rua\u00bb.<br \/>\nData: 11 de abril de 2013<br \/>\nHor\u00e1rio: 09:00h<br \/>\nLocal: Audit\u00f3rio da Defensoria P\u00fablica Jesus Xavier de Brito ? Av. Pinto Bandeira,<br \/>\n1111, Luciano Cavalcante.<\/p>\n<p><a href=\"http:\/\/www.defensoria.ce.gov.br\/index.php?option=com_content&#038;view=article&#038;id=45627&#038;catid=3&#038;Itemid=183\">http:\/\/www.defensoria.ce.gov.br\/index.php?option=com_content&#038;view=article&#038;id=45627&#038;catid=3&#038;Itemid=183<\/a><\/p>","protected":false},"excerpt":{"rendered":"<p>Seg, 08 de Abril de 2013 09:23 Na pr\u00f3xima quinta-feira, 11 de abril, a Defensoria P\u00fablica Geral do Estado, por meio do N\u00facleo de Direitos Humanos e A\u00e7\u00f5es Coletivas, NDHAC, realiza Audi\u00eancia P\u00fablica para tratar da problem\u00e1tica da viol\u00eancia que a popula\u00e7\u00e3o em situa\u00e7\u00e3o de rua vem enfrentando. Ser\u00e1 \u00e0s 09:00h no Audit\u00f3rio Jesus Xavier [&hellip;]<\/p>\n","protected":false},"author":13,"featured_media":0,"comment_status":"open","ping_status":"closed","sticky":false,"template":"","format":"standard","meta":{"inline_featured_image":false,"footnotes":""},"categories":[1],"tags":[],"anos":[],"projetos":[],"autorias":[],"eixos_tematicos":[],"locais":[],"pessoas":[],"estado":[],"academia":[],"sociedade_civil":[],"class_list":["post-5641","post","type-post","status-publish","format-standard","hentry","category-noticias"],"_links":{"self":[{"href":"https:\/\/forumjustica.com.br\/es\/wp-json\/wp\/v2\/posts\/5641","targetHints":{"allow":["GET"]}}],"collection":[{"href":"https:\/\/forumjustica.com.br\/es\/wp-json\/wp\/v2\/posts"}],"about":[{"href":"https:\/\/forumjustica.com.br\/es\/wp-json\/wp\/v2\/types\/post"}],"author":[{"embeddable":true,"href":"https:\/\/forumjustica.com.br\/es\/wp-json\/wp\/v2\/users\/13"}],"replies":[{"embeddable":true,"href":"https:\/\/forumjustica.com.br\/es\/wp-json\/wp\/v2\/comments?post=5641"}],"version-history":[{"count":1,"href":"https:\/\/forumjustica.com.br\/es\/wp-json\/wp\/v2\/posts\/5641\/revisions"}],"predecessor-version":[{"id":17715,"href":"https:\/\/forumjustica.com.br\/es\/wp-json\/wp\/v2\/posts\/5641\/revisions\/17715"}],"wp:attachment":[{"href":"https:\/\/forumjustica.com.br\/es\/wp-json\/wp\/v2\/media?parent=5641"}],"wp:term":[{"taxonomy":"category","embeddable":true,"href":"https:\/\/forumjustica.com.br\/es\/wp-json\/wp\/v2\/categories?post=5641"},{"taxonomy":"post_tag","embeddable":true,"href":"https:\/\/forumjustica.com.br\/es\/wp-json\/wp\/v2\/tags?post=5641"},{"taxonomy":"anos","embeddable":true,"href":"https:\/\/forumjustica.com.br\/es\/wp-json\/wp\/v2\/anos?post=5641"},{"taxonomy":"projetos","embeddable":true,"href":"https:\/\/forumjustica.com.br\/es\/wp-json\/wp\/v2\/projetos?post=5641"},{"taxonomy":"autorias","embeddable":true,"href":"https:\/\/forumjustica.com.br\/es\/wp-json\/wp\/v2\/autorias?post=5641"},{"taxonomy":"eixos_tematicos","embeddable":true,"href":"https:\/\/forumjustica.com.br\/es\/wp-json\/wp\/v2\/eixos_tematicos?post=5641"},{"taxonomy":"locais","embeddable":true,"href":"https:\/\/forumjustica.com.br\/es\/wp-json\/wp\/v2\/locais?post=5641"},{"taxonomy":"pessoas","embeddable":true,"href":"https:\/\/forumjustica.com.br\/es\/wp-json\/wp\/v2\/pessoas?post=5641"},{"taxonomy":"estado","embeddable":true,"href":"https:\/\/forumjustica.com.br\/es\/wp-json\/wp\/v2\/estado?post=5641"},{"taxonomy":"academia","embeddable":true,"href":"https:\/\/forumjustica.com.br\/es\/wp-json\/wp\/v2\/academia?post=5641"},{"taxonomy":"sociedade_civil","embeddable":true,"href":"https:\/\/forumjustica.com.br\/es\/wp-json\/wp\/v2\/sociedade_civil?post=5641"}],"curies":[{"name":"wp","href":"https:\/\/api.w.org\/{rel}","templated":true}]}}