{"id":5661,"date":"2013-04-12T10:17:12","date_gmt":"2013-04-12T12:17:12","guid":{"rendered":"https:\/\/forumjustica.vlannetwork.com\/?p=5661"},"modified":"2022-09-04T21:16:19","modified_gmt":"2022-09-05T00:16:19","slug":"planejamento-do-forum-justica-no-ceara","status":"publish","type":"post","link":"https:\/\/forumjustica.com.br\/es\/planejamento-do-forum-justica-no-ceara\/","title":{"rendered":"PLANEJAMENTO DO F\u00d3RUM JUSTI\u00c7A NO CEAR\u00c1"},"content":{"rendered":"<p>No \u00faltimo s\u00e1bado, dia 06 de abril,  trinta pessoas, representantes de diversos espa\u00e7os, reuniram-se para realizar o Planejamento do F\u00f3rum Justi\u00e7a no Cear\u00e1 . O encontro aconteceu no Centro de Forma\u00e7\u00e3o Frei Humberto, em Fortaleza-CE. O planejamento deu-se em torno de 4 eixos:<\/p>\n<p>&#8211; Controle Social e Democr\u00e1tico sobre o governo do Sistema de Justi\u00e7a<br \/>\n&#8211; Recrutamento e composi\u00e7\u00e3o das carreiras do Sistema de Justi\u00e7a<br \/>\n&#8211; Incid\u00eancia na cultura jur\u00eddica dominante<br \/>\n&#8211; Acesso \u00e0 justi\u00e7a- estrat\u00e9gias coletivas<\/p>\n<p>Dentre os encaminhamentos ficou deliberado que o F\u00f3rum Justi\u00e7a:<\/p>\n<p>1. Participar\u00e1 da constru\u00e7\u00e3o do Tribunal Popular que se realizar\u00e1 em nosso Estado;<br \/>\n2. Acompanhar\u00e1 casos como da tentativa de homic\u00eddios, contra pescadores, em Curral Velho, Acara\u00fa-CE; e o processo que julga o assassinato do l\u00edder comunit\u00e1rio Z\u00e9 Maria do Tom\u00e9, em Limoeiro do Norte-CE;<br \/>\n3. Dialogando com os demais atores, que est\u00e3o se organizando em rela\u00e7\u00e3o a quest\u00e3o, realizar\u00e1 Semin\u00e1rio sobre os Impactos da Copa;<br \/>\n4. Confeccionar\u00e1 cartilha para facilitar a compreens\u00e3o sobre o Sistema de Justi\u00e7a e os controles existentes;<br \/>\n5. E propugnar\u00e1 por espa\u00e7o interinstitucional que previna as remo\u00e7\u00f5es for\u00e7adas<\/p>\n<p>O F\u00f3rum Justi\u00e7a ter\u00e1 reuni\u00f5es bimestrais, e seu pr\u00f3ximo encontro ser\u00e1 dia 15 de junho.<\/p>\n<p>O F\u00f3rum Justi\u00e7a \u00e9 um espa\u00e7o aberto a movimentos sociais, organiza\u00e7\u00f5es da sociedade civil, setores acad\u00eamicos, estudantes, agentes estatais e todas e todos interessados em discutir a justi\u00e7a como servi\u00e7o p\u00fablico e, nesse sentido, a import\u00e2ncia de se construir uma pol\u00edtica judicial integradora para o sistema de justi\u00e7a, que  compreenda a\u00e7\u00f5es voltadas para o reconhecimento de identidades e a redistribui\u00e7\u00e3o de riquezas, com participa\u00e7\u00e3o popular. (https:\/\/forumjustica.com.br\/)<\/p>\n<p>Estiveram presentes as seguintes organiza\u00e7\u00f5es:<\/p>\n<p>Associa\u00e7\u00e3o Alternativa Terrazul, Associa\u00e7\u00e3o Cearense dos Magistrados, Associa\u00e7\u00e3o dos Defensores P\u00fablicos do Estado do Cear\u00e1, Associa\u00e7\u00e3o dos Ju\u00edzes pela Democracia,  Central de Movimentos Populares, Comunidades Eclesiais de Base, Coordena\u00e7\u00e3o Estadual das Pastorais Sociais, Escrit\u00f3rio de Direitos Humanos e Assessoria Jur\u00eddica Popular Frei Tito de Alencar, F\u00f3rum Cearense de Mulheres, F\u00f3rum em Defesa da Zona Costeira do Cear\u00e1, Instituto Direitos e Movimentos Sociais Se\u00e7\u00e3o Cear\u00e1, Grupo Alergias e Intoler\u00e2ncias Alimentares,  Instituto Terramar, Justi\u00e7a Federal, Levante Popular da Juventude, Movimentos dos Conselhos Populares, Movimento de Luta nos Bairros, Vilas e Favelas, Movimento dos Trabalhadores Rurais Sem Terra, Movimento Sindical, Ouvidoria Geral  da Defensoria P\u00fablica do Estado do Cear\u00e1, Rede Nacional de Advogados e Advogadas Populares, Servi\u00e7o de Assessoria Jur\u00eddica Universit\u00e1ria Popular<\/p>\n","protected":false},"excerpt":{"rendered":"<p>No \u00faltimo s\u00e1bado, dia 06 de abril, trinta pessoas, representantes de diversos espa\u00e7os, reuniram-se para realizar o Planejamento do F\u00f3rum Justi\u00e7a no Cear\u00e1 . O encontro aconteceu no Centro de Forma\u00e7\u00e3o Frei Humberto, em Fortaleza-CE. O planejamento deu-se em torno de 4 eixos: &#8211; Controle Social e Democr\u00e1tico sobre o governo do Sistema de Justi\u00e7a [&hellip;]<\/p>\n","protected":false},"author":13,"featured_media":0,"comment_status":"open","ping_status":"closed","sticky":false,"template":"","format":"standard","meta":{"inline_featured_image":false,"footnotes":""},"categories":[1],"tags":[],"anos":[],"projetos":[],"autorias":[],"eixos_tematicos":[],"locais":[],"pessoas":[],"estado":[],"academia":[],"sociedade_civil":[],"class_list":["post-5661","post","type-post","status-publish","format-standard","hentry","category-noticias"],"_links":{"self":[{"href":"https:\/\/forumjustica.com.br\/es\/wp-json\/wp\/v2\/posts\/5661","targetHints":{"allow":["GET"]}}],"collection":[{"href":"https:\/\/forumjustica.com.br\/es\/wp-json\/wp\/v2\/posts"}],"about":[{"href":"https:\/\/forumjustica.com.br\/es\/wp-json\/wp\/v2\/types\/post"}],"author":[{"embeddable":true,"href":"https:\/\/forumjustica.com.br\/es\/wp-json\/wp\/v2\/users\/13"}],"replies":[{"embeddable":true,"href":"https:\/\/forumjustica.com.br\/es\/wp-json\/wp\/v2\/comments?post=5661"}],"version-history":[{"count":1,"href":"https:\/\/forumjustica.com.br\/es\/wp-json\/wp\/v2\/posts\/5661\/revisions"}],"predecessor-version":[{"id":17710,"href":"https:\/\/forumjustica.com.br\/es\/wp-json\/wp\/v2\/posts\/5661\/revisions\/17710"}],"wp:attachment":[{"href":"https:\/\/forumjustica.com.br\/es\/wp-json\/wp\/v2\/media?parent=5661"}],"wp:term":[{"taxonomy":"category","embeddable":true,"href":"https:\/\/forumjustica.com.br\/es\/wp-json\/wp\/v2\/categories?post=5661"},{"taxonomy":"post_tag","embeddable":true,"href":"https:\/\/forumjustica.com.br\/es\/wp-json\/wp\/v2\/tags?post=5661"},{"taxonomy":"anos","embeddable":true,"href":"https:\/\/forumjustica.com.br\/es\/wp-json\/wp\/v2\/anos?post=5661"},{"taxonomy":"projetos","embeddable":true,"href":"https:\/\/forumjustica.com.br\/es\/wp-json\/wp\/v2\/projetos?post=5661"},{"taxonomy":"autorias","embeddable":true,"href":"https:\/\/forumjustica.com.br\/es\/wp-json\/wp\/v2\/autorias?post=5661"},{"taxonomy":"eixos_tematicos","embeddable":true,"href":"https:\/\/forumjustica.com.br\/es\/wp-json\/wp\/v2\/eixos_tematicos?post=5661"},{"taxonomy":"locais","embeddable":true,"href":"https:\/\/forumjustica.com.br\/es\/wp-json\/wp\/v2\/locais?post=5661"},{"taxonomy":"pessoas","embeddable":true,"href":"https:\/\/forumjustica.com.br\/es\/wp-json\/wp\/v2\/pessoas?post=5661"},{"taxonomy":"estado","embeddable":true,"href":"https:\/\/forumjustica.com.br\/es\/wp-json\/wp\/v2\/estado?post=5661"},{"taxonomy":"academia","embeddable":true,"href":"https:\/\/forumjustica.com.br\/es\/wp-json\/wp\/v2\/academia?post=5661"},{"taxonomy":"sociedade_civil","embeddable":true,"href":"https:\/\/forumjustica.com.br\/es\/wp-json\/wp\/v2\/sociedade_civil?post=5661"}],"curies":[{"name":"wp","href":"https:\/\/api.w.org\/{rel}","templated":true}]}}