{"id":5692,"date":"2013-04-17T11:00:31","date_gmt":"2013-04-17T13:00:31","guid":{"rendered":"https:\/\/forumjustica.vlannetwork.com\/?p=5692"},"modified":"2022-09-04T21:16:19","modified_gmt":"2022-09-05T00:16:19","slug":"governo-federal-e-governo-do-rio-realizarao-audiencia-publica-sobre-o-sistema-nacional-lgbt","status":"publish","type":"post","link":"https:\/\/forumjustica.com.br\/es\/governo-federal-e-governo-do-rio-realizarao-audiencia-publica-sobre-o-sistema-nacional-lgbt\/","title":{"rendered":"Governo Federal e Governo do Rio realizar\u00e3o Audi\u00eancia P\u00fablica sobre o Sistema Nacional LGBT."},"content":{"rendered":"<p><a href=\"https:\/\/forumjustica.com.br\/wp-content\/uploads\/2013\/04\/CONVITE-LGBT.jpg\"><img loading=\"lazy\" decoding=\"async\" src=\"https:\/\/forumjustica.com.br\/wp-content\/uploads\/2013\/04\/CONVITE-LGBT.jpg\" alt=\"\" title=\"CONVITE LGBT\" width=\"319\" height=\"400\" class=\"aligncenter size-full wp-image-5693\" \/><\/a><br \/>\nCONVITE<\/p>\n<p>A Secretaria de Direitos Humanos da Presid\u00eancia da Rep\u00fablica, atrav\u00e9s da Coordena\u00e7\u00e3o Geral de Promo\u00e7\u00e3o dos Direitos de LGBT, e a Secretaria de Estado de Assist\u00eancia Social e Direitos Humanos, atrav\u00e9s da Superintend\u00eancia de Direitos Individuais, Coletivos e Difusos e do Programa Rio Sem Homofobia, convidam para a Audi\u00eancia P\u00fablica sobre o Sistema Nacional de Enfrentamento \u00e0 Viol\u00eancia contra L\u00e9sbicas, Gays, Bissexuais, Travestis e Transexuais e Promo\u00e7\u00e3o dos Direitos \u2013 Sistema Nacional LGBT, que ser\u00e1 realizada no dia 25\/04, \u00e0s 14h30, no Audit\u00f3rio Adauto Belarmino, no Pr\u00e9dio da Central do Brasil.<\/p>\n<p>O objetivo dessa audi\u00eancia \u00e9 discutir e apresentar as propostas ao Governo Federal, para melhor auxiliar no processo de constru\u00e7\u00e3o do sistema, tendo como pauta:<\/p>\n<p>1) Apresenta\u00e7\u00e3o e discuss\u00e3o da proposta de cria\u00e7\u00e3o do sistema;<br \/>\n2) Recep\u00e7\u00e3o de sugest\u00f5es do Estado do Rio para esse projeto nacional.<\/p>\n<p>A proposta do Sistema Nacional LGBT est\u00e1 em consulta p\u00fablica at\u00e9 o dia 29 abril de 2013, em diversos estados. Entre os principais objetivos desse projeto est\u00e3o:<\/p>\n<p>1) Integrar as a\u00e7\u00f5es dos governos federal, estadual e municipal de enfrentamento da homofobia no Pa\u00eds, nos estados e munic\u00edpios;<br \/>\n2) Qualificar, ampliar e potencializar o atendimento da popula\u00e7\u00e3o LGBT, familiares e amigos, v\u00edtimas da discrimina\u00e7\u00e3o e em busca de direitos;<br \/>\n3) Identificar e potencializar as a\u00e7\u00f5es para LGBTs nas \u00e1reas de direitos humanos, assist\u00eancia social, seguran\u00e7a p\u00fablica e defesa de direitos;<br \/>\n4) Apoiar a\u00e7\u00f5es que visem a constru\u00e7\u00e3o do trip\u00e9 da cidadania LGBT nos estados e mun\u00edcipios, (Conselhos, Coordenadorias e Planos Estaduais e Municipais LGBT).<\/p>\n<p>Contamos com a participa\u00e7\u00e3o de todas as pessoas, movimentos sociais, gestores e gestoras p\u00fablicas, parlamentares e demais interessados na agenda em prol da constru\u00e7\u00e3o de uma pol\u00edtica de cidadania e garantia de direitos da popula\u00e7\u00e3o LGBT.<\/p>\n<p>Venha participar! Sua opini\u00e3o \u00e9 importante!<\/p>\n<p>Servi\u00e7o:<br \/>\nDia 25 de abril de 2013 (quinta-feira), \u00e0s 14h30min.<br \/>\nLocal: Audit\u00f3rio Adauto Belarmino, Pr\u00e9dio da Central do Brasil, 7\u00b0 andar &#8211; Centro.<br \/>\nMais informa\u00e7\u00f5es: 21-233-9561 ou 2334-9562<\/p>\n<p>Informa\u00e7\u00f5es para imprensa<br \/>\nM\u00e1rcia Vilella | Felipe Martins | Nat\u00e1lia Vit\u00f3ria<br \/>\nASCOM SuperDir | SEASDH<br \/>\n(21) 2284-2475 | 8158-9692 | 7965-4313<br \/>\n<\/p>","protected":false},"excerpt":{"rendered":"<p>CONVITE A Secretaria de Direitos Humanos da Presid\u00eancia da Rep\u00fablica, atrav\u00e9s da Coordena\u00e7\u00e3o Geral de Promo\u00e7\u00e3o dos Direitos de LGBT, e a Secretaria de Estado de Assist\u00eancia Social e Direitos Humanos, atrav\u00e9s da Superintend\u00eancia de Direitos Individuais, Coletivos e Difusos e do Programa Rio Sem Homofobia, convidam para a Audi\u00eancia P\u00fablica sobre o Sistema Nacional [&hellip;]<\/p>\n","protected":false},"author":13,"featured_media":0,"comment_status":"open","ping_status":"closed","sticky":false,"template":"","format":"standard","meta":{"inline_featured_image":false,"footnotes":""},"categories":[1],"tags":[],"anos":[],"projetos":[],"autorias":[],"eixos_tematicos":[],"locais":[],"pessoas":[],"estado":[],"academia":[],"sociedade_civil":[],"class_list":["post-5692","post","type-post","status-publish","format-standard","hentry","category-noticias"],"_links":{"self":[{"href":"https:\/\/forumjustica.com.br\/es\/wp-json\/wp\/v2\/posts\/5692","targetHints":{"allow":["GET"]}}],"collection":[{"href":"https:\/\/forumjustica.com.br\/es\/wp-json\/wp\/v2\/posts"}],"about":[{"href":"https:\/\/forumjustica.com.br\/es\/wp-json\/wp\/v2\/types\/post"}],"author":[{"embeddable":true,"href":"https:\/\/forumjustica.com.br\/es\/wp-json\/wp\/v2\/users\/13"}],"replies":[{"embeddable":true,"href":"https:\/\/forumjustica.com.br\/es\/wp-json\/wp\/v2\/comments?post=5692"}],"version-history":[{"count":1,"href":"https:\/\/forumjustica.com.br\/es\/wp-json\/wp\/v2\/posts\/5692\/revisions"}],"predecessor-version":[{"id":17701,"href":"https:\/\/forumjustica.com.br\/es\/wp-json\/wp\/v2\/posts\/5692\/revisions\/17701"}],"wp:attachment":[{"href":"https:\/\/forumjustica.com.br\/es\/wp-json\/wp\/v2\/media?parent=5692"}],"wp:term":[{"taxonomy":"category","embeddable":true,"href":"https:\/\/forumjustica.com.br\/es\/wp-json\/wp\/v2\/categories?post=5692"},{"taxonomy":"post_tag","embeddable":true,"href":"https:\/\/forumjustica.com.br\/es\/wp-json\/wp\/v2\/tags?post=5692"},{"taxonomy":"anos","embeddable":true,"href":"https:\/\/forumjustica.com.br\/es\/wp-json\/wp\/v2\/anos?post=5692"},{"taxonomy":"projetos","embeddable":true,"href":"https:\/\/forumjustica.com.br\/es\/wp-json\/wp\/v2\/projetos?post=5692"},{"taxonomy":"autorias","embeddable":true,"href":"https:\/\/forumjustica.com.br\/es\/wp-json\/wp\/v2\/autorias?post=5692"},{"taxonomy":"eixos_tematicos","embeddable":true,"href":"https:\/\/forumjustica.com.br\/es\/wp-json\/wp\/v2\/eixos_tematicos?post=5692"},{"taxonomy":"locais","embeddable":true,"href":"https:\/\/forumjustica.com.br\/es\/wp-json\/wp\/v2\/locais?post=5692"},{"taxonomy":"pessoas","embeddable":true,"href":"https:\/\/forumjustica.com.br\/es\/wp-json\/wp\/v2\/pessoas?post=5692"},{"taxonomy":"estado","embeddable":true,"href":"https:\/\/forumjustica.com.br\/es\/wp-json\/wp\/v2\/estado?post=5692"},{"taxonomy":"academia","embeddable":true,"href":"https:\/\/forumjustica.com.br\/es\/wp-json\/wp\/v2\/academia?post=5692"},{"taxonomy":"sociedade_civil","embeddable":true,"href":"https:\/\/forumjustica.com.br\/es\/wp-json\/wp\/v2\/sociedade_civil?post=5692"}],"curies":[{"name":"wp","href":"https:\/\/api.w.org\/{rel}","templated":true}]}}