{"id":5696,"date":"2013-04-16T11:30:53","date_gmt":"2013-04-16T13:30:53","guid":{"rendered":"https:\/\/forumjustica.vlannetwork.com\/?p=5696"},"modified":"2022-09-04T21:16:19","modified_gmt":"2022-09-05T00:16:19","slug":"resumos-aprovados-para-o-iii-seminario-ipdms","status":"publish","type":"post","link":"https:\/\/forumjustica.com.br\/es\/resumos-aprovados-para-o-iii-seminario-ipdms\/","title":{"rendered":"Resumos aprovados para o III Semin\u00e1rio IPDMS"},"content":{"rendered":"<p>III SEMIN\u00c1RIO<br \/>\nDIREITOS, PESQUISA E MOVIMENTOS SOCIAIS<br \/>\nRESUMOS APROVADOS PARA OS ESPA\u00c7OS DE DISCUSS\u00c3O (EDs)<\/p>\n<p>A Comiss\u00e3o Pol\u00edtico-Pedag\u00f3gica do III Semin\u00e1rio Direito, Pesquisa e Movimentos Sociais divulga a sele\u00e7\u00e3o de resumos expandidos de trabalhos para os Espa\u00e7os de Discuss\u00e3o do evento.<\/p>\n<p>O cronograma, agora, fica assim:<\/p>\n<p>08 de maio de 2013 \u2013 prazo final para envio da vers\u00e3o completa dos artigos;<br \/>\n28 de maio a 1\u00ba de junho de 2013 \u2013 III Semin\u00e1rio Direito, Pesquisa e Movimentos Sociais.<\/p>\n<p>ED 1. A DISCUSS\u00c3O DE G\u00caNERO E O DIREITO<\/p>\n<p>1. MOVIMENTOS SOCIAIS NO PIAU\u00cd: UMA EXPRESS\u00c3O DO MOVIMENTO LGBT EM TERESINA-PIAU\u00cd<br \/>\nAna Ara\u00fajo de Souza<br \/>\nFrancyely dos Santos Moura<br \/>\nKarine Cabral de Sousa<br \/>\nLeianny Danielly da Silva Reis<br \/>\nLuciana Resplandes da Silva<\/p>\n<p>2. MULHERES E O SISTEMA PRISIONAL: DESIGUALDADES DE G\u00caNERO QUE ULTRAPASSAM OS MUROS DA PRIS\u00c3O<br \/>\nLissa Chrisnara Silva do Nascimento<\/p>\n<p>3. G\u00caNERO E DIREITO NO CENTRO S\u00d3CIO-EDUCATIVO FEMININO NO ESTADO DO PAR\u00c1<\/p>\n<p>4. LUTAS (RE)VELADAS: O FEMINISMO PRESENTE NO COTIDIANO DE MULHERES NEGRAS NO MUNIC\u00cdPIO DE BODOC\u00d3-PE<br \/>\nAlexsandra Fl\u00e1via Bezerra de Oliveira (UFC).<br \/>\nReginaldo Ferreira Domingos (UFC\/URCA).<br \/>\nHenrique Cunha J\u00fanior<\/p>\n<p>5. EMPODERANDO MULHERES: CAPACITA\u00c7\u00c3O DE MULHERES EM ESTADO DE VULNERABILIDADE<br \/>\nElisa Girotti Celmer<br \/>\nCarolina Duarte Flores<br \/>\nNicolas Nunes<br \/>\nDiogo Sousa Magalh\u00e3es<br \/>\nSchaiene Martinez Brandolt<br \/>\nPatr\u00edcia Moraes Bicca<br \/>\nC\u00edntia Serpa<\/p>\n<p>6. SOBRE REGALOS DA NATUREZA: PAIX\u00c3O LUZ, AS \u201cUNI\u00d5ES HOMOAFETIVAS\u201d E A SEXUALIZA\u00c7\u00c3O DA PROPRIEDADE<br \/>\nRoberto Efrem Filho<\/p>\n<p>7. A VIOL\u00caNCIA DO PRESENTE: O ESTUPRO COLETIVO E A PROPRIETARIZA\u00c7\u00c3O DA SEXUALIDADE<br \/>\nAna Karenina Ribeiro De Almeida<br \/>\nAriana B\u00e1rbara Queiroz Cavalcante<br \/>\nClaudiana Dion\u00edsio da Silva<br \/>\n\u00c9ssica de Almeida Lima<br \/>\nEloisa Slongo<br \/>\nIara \u00c1gata Avelino de Paiva<br \/>\nVanina Castro D\u00f3ria de Almeida<\/p>\n<p>8. DIREITO COMO TECNOLOGIA DE G\u00caNERO<br \/>\nLuisa Paiva<\/p>\n<p>9. AS MANIFESTA\u00c7\u00d5ES DAS VIOL\u00caNCIAS CONTRA E ENTRE MULHERES L\u00c9SBICAS NA CIDADE DE FORTALEZA<br \/>\nLuanna Marley de Oliveira e Silva<br \/>\nRosinere Marques de Moura<\/p>\n<p>10. MOBILIZA\u00c7\u00c3O LEGAL E MOVIMENTO LGBT: UMA APROXIMA\u00c7\u00c3O ENTRE DIREITO, PODER JUDICI\u00c1RIO E POL\u00cdTICA<br \/>\nFabiola Fanti<\/p>\n<p>11. A VIOL\u00caNCIA E A DISCRIMINA\u00c7\u00c3O CONTRA A MULHER E SUAS REPERCUSS\u00d5ES NO SISTEMA CARCER\u00c1RIO BRASILEIRO: UMA AN\u00c1LISE DA REALIDADE MOSSOROENSE<br \/>\nJaqueline de Almeida Dantas<\/p>\n<p>***<\/p>\n<p>ED 2. ASSESSORIA JUR\u00cdDICA POPULAR, EDUCA\u00c7\u00c3O POPULAR E EDUCA\u00c7\u00c3O JUR\u00cdDICA<\/p>\n<p>1.      AS IMPLICA\u00c7\u00d5ES DA EXTENS\u00c3O POPULAR NO CONJUNTO LENINGRADO NA FORMA\u00c7\u00c3O DOS MEMBROS DO PROGRAMA MOTYRUM DE EDUCA\u00c7\u00c3O POPULAR EM DIREITOS HUMANOS.<br \/>\nDenis Fernandes Monte Torres<br \/>\nLorena Cordeiro de Oliveira<\/p>\n<p>2.      CONCEITOS JUR\u00cdDICOS EM CONFLITO: UMA AN\u00c1LISE CR\u00cdTICA DA DOGM\u00c1TICA JUR\u00cdDICA A PARTIR DA PR\u00c1XIS DA ASSESSORIA JUR\u00cdDICA UNIVERSIT\u00c1RIA POPULAR JUNTO \u00c0 OCUPA\u00c7\u00c3O URBANA CASAR\u00c3O DA JAQUEIRA<br \/>\nElisa Maria Lucena Albuquerque<\/p>\n<p>3.      A ASSESSORIA JUR\u00cdDICA POPULAR E IDEOLOGIA: O FIM DAS LACUNAS NO DISCURSO JUR\u00cdDICO &#8211; A EXPERI\u00caNCIA DE POLITIZA\u00c7\u00c3O DO PROGRAMA MOTYRUM DE EDUCA\u00c7\u00c3O POPULAR EM DIREITOS HUMANOS<br \/>\nMagnus Henry da Silva Marques<\/p>\n<p>4.      A IDEOLOGIA NA EDUCA\u00c7\u00c3O JUR\u00cdDICA E OS GRUPOS DE ASSESSORIA JUR\u00cdDICA POPULAR UNIVERSIT\u00c1RIA<br \/>\nAna Lia Almeida<\/p>\n<p>5.      CRITICIDADE DIAL\u00d3GICA NO ITINER\u00c1RIO POL\u00cdTICO-TE\u00d3RICO DE KARL MARX: UM RESGATE URGENTE COMO MARCO TE\u00d3RICO DA ASSESSORIA JUR\u00cdDICA UNIVERSIT\u00c1RIA POPULAR<br \/>\nPedro Pompeo Pistelli Ferreira<\/p>\n<p>6.      TRABALHADORES DA DEL MONTE EM GREVE: EXPERI\u00caNCIAS DE LUTA E ASSESSORIA JUR\u00cdDICA POPULAR NO CONTEXTO DE AGRONEG\u00d3CIO NA CHAPADA DO APODI<br \/>\nRonaldo Moreira Maia J\u00fanior<br \/>\nDanielle de Freitas Lima<br \/>\nMaria do Socorro Di\u00f3genes Pinto<\/p>\n<p>7.      \u201cMENINAS DA JUSTI\u00c7A\u201d: DISCUTINDO A MEDIDA DE SEGURAN\u00c7A NA PARA\u00cdBA A PARTIR DA EDUCA\u00c7\u00c3O JUR\u00cdDICA POPULAR<br \/>\nLudmila Cerqueira Correia<br \/>\nMurilo Gomes Franco<br \/>\nOl\u00edvia Maria de Almeida<br \/>\nRa\u00edssa Vieira Alves<\/p>\n<p>8.      LIBERTAR A FORMA\u00c7\u00c3O EM DIREITO E CONSTRUIR A UNIVERSIDADE POPULAR: A EXPERI\u00caNCIA DA FORMULA\u00c7\u00c3O COLETIVA DO PROJETO POL\u00cdTICO-PEDAG\u00d3GICO DO CURSO DE DIREITO NA UNIVERSIDADE FEDERAL DE GOI\u00c1S<br \/>\nBrena Aquino Rodrigues de Oliveira<br \/>\nGeraldo Miranda Pinto Neto<br \/>\nJos\u00e9 Humberto de G\u00f3es Junior<\/p>\n<p>9.      MOVIMENTOS SOCIAIS E ACESSO \u00c0 JUSTI\u00c7A: ALGUNS PONTOS PARA UMA COMPARA\u00c7\u00c3O ENTRE A ASSESSORIA JUR\u00cdDICA POPULAR E DEFENSORIA P\u00daBLICA<br \/>\nCaio Santiago Fernandes Santos<\/p>\n<p>10.  A PR\u00c1TICA DA AJUP A PARTIR DOS E DAS EXTENSIONISTAS DO NAJUP \u2013 DIREITO NAS RUAS\/MOVIMENTOS SOCIAIS. DIFICULDADES, MUDAN\u00c7AS E PERSPECTIVAS<br \/>\nFernanda Lima Silva<br \/>\nAlana Barros da Silva<br \/>\nCamila Vieira de Carvalho<br \/>\nElisa Maria Lucena Albuquerque<\/p>\n<p>***<\/p>\n<p>ED 3. CIDADE<\/p>\n<p>1. OS EFEITOS DO VILA VIVA SERRA NA CONDI\u00c7\u00c3O SOCIOECON\u00d4MICA DOS MORADORES AFETADOS<br \/>\nAmanda Couto de Medeiros e outros<\/p>\n<p>2. CONSTRU\u00c7\u00c3O DA MOBILIDADE E A GRATUIDADE PARA ESTUDANTES NO TRANSPORTE COLETIVO NO RIO DE JANEIRO<br \/>\nElis de Aquino<\/p>\n<p>3. MOVIMENTOS SOCIAIS, ACESSIBILIDADE E QUEST\u00d5ES URBANAS: A CIDADE \u00c9 PARA TODOS?<br \/>\nFrancine de Souza Dias<\/p>\n<p>4. DA CIDADE AO DIREITO \u00c0 CIDADE<br \/>\nGeysa Vict\u00f3ria Costa Silva<\/p>\n<p>5. CONTRIBUI\u00c7\u00d5ES DO CENTRO DE REFER\u00caNCIA EM DIREITOS HUMANOS PARA O FORTALECIMENTO DA ORGANIZA\u00c7\u00c3O POL\u00cdTICA DAS PESSOAS VIVENDO EM SITUA\u00c7\u00c3O DE RUA EM NATAL\/RN<br \/>\nHellen Tattyanne de Almeida; Fernanda Cavalcanti de Madeiros; Jos\u00e9 Vanilson Torres da Silva<\/p>\n<p>6. A MOBILIDADE SOCIAL NAS GRANDES CIDADES: O TRANSPORTE MUNICIPAL E O SUBS\u00cdDIO CRUZADO COMO PRINCIPAL POL\u00cdTICA P\u00daBLICA<br \/>\nJos\u00e9 Carlos Oliveira; T\u00f4nia de Oliveira Barouche; Priscila Silva Montes<\/p>\n<p>7. OS PROBLEMAS E OS LIMITES DO ATUAL MODELO DE LICENCIAMENTO AMBIENTAL A PARTIR DO ESTUDO DO CASO DO VLT<br \/>\nLia Bezerra Ara\u00fajo Souza<\/p>\n<p>8. A NEGA\u00c7\u00c3O DO DIREITO \u00c0 MORADIA E O DISCURSO DE PROTE\u00c7\u00c3O AO MEIO AMBIENTE NAS CIDADES<br \/>\nMaria Vit\u00f3ria Costaldello Ferreira<\/p>\n<p>9. AS OCUPA\u00c7\u00d5ES URBANAS EM BELO HORIZONTE E A CONCRETIZA\u00c7\u00c3O DO DIREITO \u00c0 CIDADE SOB LEFEBVRE, HARVEY E DOUTRINA JUR\u00cdDICO-URBANA BRASILEIRA<br \/>\nMarianna Vieira Rodrigues Maciel<\/p>\n<p>10. ESTADO CAPITALISTA E LUTA DE CLASSES NO DISCURSO DE DESORDEM URBANA E AMBIENTAL          Rafaela<br \/>\nSilveira de Aguiar; Liana Brito de Castro Ara\u00fajo<\/p>\n<p>11. INJUSTI\u00c7A AMBIENTAL E(M) REMO\u00c7\u00d5ES FOR\u00c7ADAS: AN\u00c1LISE DO CASO VILA CAZUMBA, FORTALEZA, CE.<br \/>\nTalita de F\u00e1tima Pereira Furtado Montezuma<\/p>\n<p>***<\/p>\n<p>ED 4. DIREITO E MARXISMO<\/p>\n<p>1. A TORTO E \u00c0 DIREITA: A IDEOLOGIA NOS MANUAIS DE INTRODU\u00c7\u00c3O AO ESTUDO DO DIREITO<br \/>\nClaudiana Dion\u00edsio<br \/>\nIara \u00c1gata Avelino Paiva<br \/>\nLiziane Pinto Correia<br \/>\nAna Lia de Almeida<\/p>\n<p>2. O DIREITO DE SER DONO DO(NO) DIREITO: REFLEX\u00d5ES SOBRE A MATRIZ PROPRIET\u00c1RIA DO CAMPO JUR\u00cdDICO<br \/>\nHugo Belarmino de Morais<\/p>\n<p>3. A IDEIA DE JUSTI\u00c7A EM MARX: CENTRALIDADE DO TRABALHO E UM NOVO FUNDAMENTO DO DIREITO<br \/>\nMurilo Leite Pereira Neto<br \/>\nNewton de Menezes Albuquerque<\/p>\n<p>4. A DIAL\u00c9TICA SOCIAL DO DIREITO \u2013 INVESTIGA\u00c7\u00d5ES INICIAIS<br \/>\nPedro Rezende Santos Feitoza<\/p>\n<p>5. OS COMUNISTAS NA ASSEMBL\u00c9IA CONSTITUINTE DE 1946: UMA AN\u00c1LISE ILUSTRADA PELO DEPUTADO CARLOS MARIGHELLA<br \/>\nRafael Cataneo Becker<\/p>\n<p>6. EMANCIPA\u00c7\u00c3O POL\u00cdTICA E EMANCIPA\u00c7\u00c3O HUMANA EM SOBRE A QUEST\u00c3O JUDAICA: O DEBATE DOS DIREITOS HUMANOS<br \/>\nGuilherme Milkevicz<br \/>\nRenata Volpato<\/p>\n<p>7. A COME\u00c7AR POR KELSEN<br \/>\nDavid Gomes<\/p>\n<p>8. A AN\u00c1LISE ONTOL\u00d3GICA DO DIREITO \u2013 OBSERVA\u00c7\u00d5ES A PARTIR DA OBRA DE LUK\u00c1CS<br \/>\nBreno Lima<\/p>\n<p>9. O \u00daLTIMO POULANTZAS E O MARXISMO<br \/>\nPedro Eduardo Zini Davoglio<br \/>\nVictor Barau<\/p>\n<p>10. DIREITOS HUMANOS EM TEMPO DE BARB\u00c1RIE: UMA AN\u00c1LISE HIST\u00d3RICA E CR\u00cdTICA EM TORNO DA POL\u00cdTICA NACIONAL DE DIREITOS HUMANOS<br \/>\nAna Paula Ferreira da Silva<\/p>\n<p>***<\/p>\n<p>ED 5. FORMAS E PR\u00c1TICAS DE PRODU\u00c7\u00c3O DE CONHECIMENTOS NA AM\u00c9RICA LATINA<\/p>\n<p>1. FONTES DO PENSAMENTO DESCOLONIAL E A TEORIA CR\u00cdTICA DOS DIREITOS HUMANOS<br \/>\nNatalia Martinuzzi Castilho<br \/>\nKarina Macedo Fernandes<\/p>\n<p>2. A FOR\u00c7A EPIST\u00caMICA DA DESCOLONIALIDADE PARA O CONSTITUCIONALISMO LATINO-AMERICANO<br \/>\nLet\u00edcia Garcia Ribeiro Dyniewicz<br \/>\nJos\u00e9 Ribas Vieira<\/p>\n<p>3. POR UMA TEORIA LATINO-AMERICANA DE DIREITOS HUMANOS: APONTAMENTOS A PARTIR DA OBRA DE PAULO FREIRE<br \/>\nJos\u00e9 Humberto de G\u00f3es Junior<\/p>\n<p>4. NA LUTA PELA ECOLOGIA DE SABERES: OS LIMITES E POSSIBILIDADES \u00c0S EPISTEMOLOGIAS PLURAIS FRENTE AOS DESAFIOS POL\u00cdTICOS NOS CAMPOS CIENT\u00cdFICO E JUR\u00cdDICO<br \/>\nGabriela de Freitas Figueiredo Rocha<\/p>\n<p>5. TRILHAS DO PLURALISMO JUR\u00cdDICO NA ABYA YALA<br \/>\nE. Emiliano Maldonado<\/p>\n<p>6. A PRODU\u00c7\u00c3O DOS DIREITOS HUMANOS PARA AL\u00c9M DOS TRATADOS: UMA AN\u00c1LISE DA ATUA\u00c7\u00c3O DOS \u201cMOVIMIENTOS SOCIALES HACIA EL ALBA\u201d<br \/>\nDiego Augusto Diehl<\/p>\n<p>7. CENTRO DE REFER\u00caNCIA EM DIREITOS HUMANOS DA UNIVERSIDADE FEDERAL DO RIO GRANDE: POL\u00cdTICAS P\u00daBLICAS PARA A PROMO\u00c7\u00c3O DO EMPODERAMENTO DOS CIDAD\u00c3OS<br \/>\nCarolina Duarte Flores<br \/>\nElisa Girotti Celmer<br \/>\nAndrei Valler\u00e3o<br \/>\nEduarda Reckziegel<br \/>\nAndr\u00e9 Graziottin<br \/>\nAdriana Carvalho de Carvalho<br \/>\nRodrigo Paix\u00e3o<br \/>\nSheila Stolz<\/p>\n<p>***<\/p>\n<p>ED 6. INF\u00c2NCIA E ADOLESC\u00caNCIA<\/p>\n<p>1. A\u00c7\u00d5ES DE EDUCA\u00c7\u00c3O EM SA\u00daDE: UM RELATO DE EXPERI\u00caNCIA2<br \/>\nAna Carolina Galv\u00e3o<br \/>\nVanessa Souza<\/p>\n<p>2. CAMPO, LUGAR E PRODU\u00c7\u00c3O DA ANORMALIDADE, UMA PESQUISA ETNOGR\u00c1FICA SOBRE AS PR\u00c1TICAS E REPRESENTA\u00c7\u00d5ES DE UM CENTRO DE ATEN\u00c7\u00c3O PSICOSSOCIAL \u00c1LCOOL E DROGAS (CAPSAD)<br \/>\nT\u00falio Maia Franco<\/p>\n<p>3. A CONSOLIDA\u00c7\u00c3O DO PROGRAMA SOS CRIAN\u00c7A NO RIO GRANDE DO NORTE NOS ANOS 1992 E 1993<br \/>\nHerculano R. Campos<br \/>\nV\u00e2nia Aparecida Calado<br \/>\nBruna Larissa do N. Barbosa<br \/>\nHellen Kadja M. de Oliveira<br \/>\nThamara Pinto Soares<\/p>\n<p>4. O DIREITO \u00c0 EDUCA\u00c7\u00c3O EM TEMPOS DE PRESSUPOSTOS P\u00d3S-MODERNOS E DE APRENDER A APRENDER: UMA PROPOSTA DE INCIVILIDADE NO INTERIOR DA ESCOLA P\u00daBLICA<br \/>\nMaria Nilvane Zanella<\/p>\n<p>5. PROTAGONISMO DE MOVIMENTOS SOCIAIS DIANTE DA PUBLICIDADE ABUSIVA \u00c0 HIPOSSUFICI\u00caNCIA DA CRIAN\u00c7A E ADOLESCENTE<br \/>\nNat\u00e1lia Guimar\u00e3es de Carvalho Assun\u00e7\u00e3o<\/p>\n<p>6. CRIAN\u00c7A E ADOLESCENTE, DIREITOS HUMANOS  E AS POL\u00cdTICAS P\u00daBLICAS DE ERRADICA\u00c7\u00c3O DO TRABALHO INFANTIL NO CAMPESNATO<br \/>\nThais Barbosa Reis<\/p>\n<p>7. INCID\u00caNCIA DE VIOL\u00caNCIA LETAL CONTRA JOVENS EM NATAL<br \/>\nCandida de Souza<br \/>\n\u00c9rika Lula de Medeiros<br \/>\nAndr\u00e9 Feliphe Jales Coutinho<\/p>\n<p>8. A VIG\u00caNCIA DO SINASE E O SISTEMA SOCIOEDUCATIVO DO RIO GRANDE DO NORTE: REFLEX\u00d5ES ACERCA DA SITUA\u00c7\u00c3O DOS ADOLESCENTES E SEUS FAMILIARES<br \/>\nFernanda Cavalcanti de Medeiros<br \/>\nIlana Lemos de Paiva<br \/>\nLuana Isabelle Cabral dos Santos<br \/>\nDaniel Ara\u00fajo Valen\u00e7a<br \/>\nDaniela Rodrigues Bezerra<br \/>\nHellen Tattyanne de Almeida<\/p>\n<p>9. ADOLESCENTES VITIMIZADOS: REFLEX\u00d5ES ENTRE A REPERCUSS\u00c3O EM UMA TRAJET\u00d3RIA DE CONFLITO COM A LEI E AS POSSIBILIDADES DE ALTERA\u00c7\u00d5ES EM SUAS HIST\u00d3RIAS DE VIDA CONFLITUOSAS<br \/>\nGiovanna Marielly da Silva Santos<\/p>\n<p>10. ENTRE O IDEAL E O CAOS: AN\u00c1LISE DA REALIDADE DO SISTEMA SOCIOEDUCATIVO NORTERIOGRANDENSE<br \/>\nLorena Celly Soares Oleg\u00e1rio<br \/>\nLuciana Ramos da Silva<\/p>\n<p>11. ACOLHIMENTO INSTITUCIONAL: DISCUTINDO A REALIDADE E CONSTRUINDO CAMINHOS<br \/>\nTabita Aja Silva Moreira<br \/>\nThamires Pinto Soares<\/p>\n<p>***<\/p>\n<p>ED 7. MUNDO DO TRABALHO, MOVIMENTO SINDICAL E DIREITO<\/p>\n<p>1.    EM DEFESA DO DIREITO AO TRABALHO: SOBRE A LEGALIDADE DAS OCUPA\u00c7\u00d5ES DE F\u00c1BRICAS NO BRASIL<br \/>\nLuana Duarte Raposo e Alexandre Tortorella Mandl<\/p>\n<p>2.    A ORGANIZA\u00c7\u00c3O DOS CATADORES DE MATERIAL RECICL\u00c1VEL CONTRA A PRECARIEDADE DO TRABALHO<br \/>\nElo\u00edsa Dias Gon\u00e7alves<\/p>\n<p> 3.    A JUDICIALIZA\u00c7\u00c3O DOS CONFLITOS COLETIVOS DE TRABALHO NOS ANOS 2000<br \/>\nAlexandre Tortorella Mandl<\/p>\n<p>4.    CRIMINALIZA\u00c7\u00c3O DO DIREITO DE GREVE E LIBERDADE SINDICAL: APONTAMENTOS SOBRE O CASO DA GREVE DOS SERVIDORES P\u00daBLICOS FEDERAIS EM 2012<br \/>\nAndr\u00e9 Luiz Barreto Azevedo<\/p>\n<p>5.    CR\u00cdTICA \u00c0 RAZ\u00c3O EMPREENDEDORA: SOBRE A FUN\u00c7\u00c3O IDEOL\u00d3GICA DO EMPREENDEDORISMO NO CAPITALISMO CONTEMPOR\u00c2NEO<br \/>\nCarla Appollinario de Castro e Tiago de Garcia Nunes<\/p>\n<p>6.    OS PREC\u00c1RIOS FRUTOS DA MODERNIZA\u00c7\u00c3O: RELA\u00c7\u00d5ES DE ASSALARIAMENTO NA FRUTICULTURA IRRIGADA DO SUBM\u00c9DIO S\u00c3O FRANCISCO.<br \/>\nFelipe Santos Estrela de Carvalho<\/p>\n<p>***<\/p>\n<p>ED 8. OBSERVAT\u00d3RIO M\u00cdDIA, DIREITOS E POL\u00cdTICAS DE COMUNICA\u00c7\u00c3O<\/p>\n<p>1. A REPRESENTA\u00c7\u00c3O MIDI\u00c1TICA DA VIOL\u00caNCIA E AS IMPLICA\u00c7\u00d5ES NA PRODU\u00c7\u00c3O DE SENTIDO E NAS PR\u00c1TICAS SOCIAIS \u2013 APONTAMENTOS DE PESQUISA<br \/>\nFrancisco Augusto Cruz de Ara\u00fajo<\/p>\n<p>2. A DEMOCRATIZA\u00c7\u00c3O DO DIREITO \u00c0 COMUNICA\u00c7\u00c3O NO EQUADOR<br \/>\nHanna Rafaelli de Brito Lima<\/p>\n<p>3. O ESPA\u00c7O DOS MOVIMENTOS SOCIAIS NA IMPRENSA DO TOCANTINS: UM OLHAR SOBRE A II MARCHA DAS VADIAS DE PALMAS<br \/>\nFl\u00e1via Val\u00e9ria Pereira Quirino<br \/>\nRose Dayanne Santana Nogueira<\/p>\n<p>4. A M\u00cdDIA QUE SILENCIA: A ABORDAGEM DO MOVIMENTO #FORAMICARLA NO PROGRAMA TELEVISIVO POLICIAL PATRULHA NA CIDADE<br \/>\n\u00c1dria Costa Siqueira<br \/>\nElmano Ricarte de Azevedo Souza<br \/>\nItamar de Morais Nobre<\/p>\n<p>5. OBSERVAT\u00d3RIO M\u00cdDIA, DIREITOS E POL\u00cdTICAS DE COMUNICA\u00c7\u00c3O<br \/>\nAna Cec\u00edlia de Barros Gomes<\/p>\n<p>6. ECOMUSEU DE MANGUINHOS \u2013 A PERSPECTIVA CR\u00cdTICO-EMANCIPAT\u00d3RIA NA FAVELA ATRAV\u00c9S DA COMUNICA\u00c7\u00c3O<br \/>\nFelipe Eug\u00eanio dos Santos Silva e Renata da Silva Melo<\/p>\n<p>7. DIREITOS \u00c0 COMUNICA\u00c7\u00c3O, CONTROLE SOCIAL E A LEI DE ACESSO A INFORMA\u00c7\u00d5ES: POSSIBILIDADES E DESAFIOS DA TRANSPAR\u00caNCIA NO ESPA\u00c7O P\u00daBLICO<br \/>\nHenrique Wendhausen<\/p>\n<p>***<\/p>\n<p>ED 9. OBSERVAT\u00d3RIO DO SISTEMA DE JUSTI\u00c7A, DE POL\u00cdTICAS P\u00daBLICAS E DO LEGISLATIVO<\/p>\n<p>1. JURISDI\u00c7\u00c3O CONSTITUCIONAL ATIVISTA, TEORIAS DIAL\u00d3GICAS E DI\u00c1LOGO CONSTITUCIONAL: UMA AN\u00c1LISE DA PR\u00c1TICA DIAL\u00d3GICO-DELIBERATIVA A PARTIR DO RECONHECIMENTO DA UNI\u00c3O HOMOAFETIVA PELO STF<br \/>\nRafael Bezerra de Souza<\/p>\n<p>2.  SOBRE OS LEGITIMADOS PARA A PROPOSI\u00c7\u00c3O DE INCIDENTE DE DESLOCAMENTO DE COMPET\u00caNCIA (IDC):   PROPOSTA PARA UMA AMPLIA\u00c7\u00c3O ABERTA E INCLUSIVA<br \/>\nFernando C\u00e9sar Costa Xavier<\/p>\n<p>3. A CULTURA DO N\u00c3O LIT\u00cdGIO: UMA AN\u00c1LISE CR\u00cdTICA ACERCA DA INFORMALIZA\u00c7\u00c3O E DESJUDICIALIZA\u00c7\u00c3O NO BRASIL<br \/>\nPriscila Silva Montes<br \/>\nT\u00f4nia De Oliveira Barouche<\/p>\n<p>4. CONSELHO NACIONAL DE JUSTI\u00c7A E A CONCILIA\u00c7\u00c3O: NOVAS PERSPECTIVAS<br \/>\nJussara Freire de Santana<br \/>\nDayanne Alencar de Holanda<\/p>\n<p>5. POR UMA JURISDI\u00c7\u00c3O CONSTITUCIONAL DAS AUS\u00caNCIAS<br \/>\nFabio Francisco Esteves<\/p>\n<p>***<\/p>\n<p>ED 10. PARTICIPA\u00c7\u00c3O POPULAR E ESPA\u00c7O URBANO: POR UMA CONSTRU\u00c7\u00c3O DEMOCR\u00c1TICA DAS CIDADES<\/p>\n<p>1. PROBLEMATIZA\u00c7\u00d5ES ACERCA DA PARTICIPA\u00c7\u00c3O POPULAR EM PROGRAMAS P\u00daBLICOS DE INTERVEN\u00c7\u00c3O URBAN\u00cdSTICA: RECONHECIMENTO, MULTICULTURALISMO E CARTOGRAFIA SOCIAL<br \/>\nAnanda Martins Carvalho<br \/>\nThais Lopes<br \/>\nIsabella Gon\u00e7alves Miranda<br \/>\nL\u00edvia Bastos Lages<\/p>\n<p>2. OS DESAFIOS DA POL\u00cdTICA HABITACIONAL BRASILEIRA E O PAPEL DO CONSELHO MUNICIPAL DE HABITA\u00c7\u00c3O DE BELO HORIZONTE<br \/>\nSt\u00e9fane Rabelo Pereira da Costa<\/p>\n<p>3. COMUNIDADE S\u00c3O RAFAEL: A IMPORT\u00c2NCIA DA ORGANIZA\u00c7\u00c3O LOCAL PARA A CONSTRU\u00c7\u00c3O DEMOCR\u00c1TICA DO DESENVOLVIMENTO COMUNIT\u00c1RIO<br \/>\nSarah Ara\u00fajo de Lucena<br \/>\nIvalcir de Sousa Gomes<br \/>\nDaniel Pereira dos Santos<\/p>\n<p>4. A INVISIBILIZA\u00c7\u00c3O DA POBREZA EM PORTO ALEGRE\/RS: UMA AN\u00c1LISE A PARTIR DA VILA CHOCOLAT\u00c3O<br \/>\nGiani Camargo Cazanova<\/p>\n<p>5. O DIREITO \u00c0 MORADIA E A LIDERAN\u00c7A DAS MULHERES NA LUTA URBANA: A CIDADE DE FORTALEZA DIANTE DOS IMPACTOS SOCIAIS DA COPA DO MUNDO DE 2014<br \/>\nJ\u00e9ssica Fontenele Sales<br \/>\nLeon\u00edsia Moura Fernandes<br \/>\nMarina Ara\u00fajo Braz.<\/p>\n<p>6. CONFORMIDADE DA REVITALIZA\u00c7\u00c3O URBANA NO CASO DE PORTO ALEGRE: O CAIS DO PORTO MAU\u00c1 EM FACE DAS DIRETRIZES DO ESTATUTO DA CIDADE<br \/>\nViviane Guimar\u00e3es de Oliveira<\/p>\n<p>***<\/p>\n<p>ED 11. POVOS E COMUNIDADES TRADICIONAIS, POL\u00cdTICAS DE DESENVOLVIMENTO E CONFLITOS SOCIOAMBIENTAIS<\/p>\n<p>1. SUZANO PAPEL E CELULOSE NO PIAU\u00cd<br \/>\nAntonia Jos\u00e9lia Campelo Alves<br \/>\nCamila Cecilina Nascimento Martins<\/p>\n<p>2. A ATUA\u00c7\u00c3O DO ESTADO FRENTE \u00c0 IND\u00daSTRIA MINERADORA EM CONCEI\u00c7\u00c3O DO MATO DENTRO\/MG COMO INSTRUMENTO DE (IN)EFETIVA\u00c7\u00c3O DO TEXTO CONSTITUCIONAL<br \/>\nLarissa Pirchiner de Oliveira Vieira<br \/>\nJuliana Ben\u00edcio Xavier<\/p>\n<p>3. AN\u00c1LISE DOS CONFLITOS SOCIOAMBIENTAIS NA RESEX IPA\u00da-ANILZINHO \u2013 (PA)<br \/>\nMariana Menezes Vanzin<\/p>\n<p>4. DESCOMPASSOS ENTRE AS AGROFLORESTAS E DA LEGISLA\u00c7\u00c3O FLORESTAL: A PROBLEM\u00c1TICA DOS ENQUADRAMENTOS.<br \/>\nMatheus Sehn Korting e Cleyton Gerhardt<\/p>\n<p>5. FACES DA IDENTIDADE QUILOMBOLA: RECONHECIMENTO SEM LUTA?<br \/>\nEnzo Bello<br \/>\nRicardo Falbo<br \/>\nMonique Falc\u00e3o<br \/>\nAndr\u00e9 Matheus<\/p>\n<p>6. MINIST\u00c9RIO P\u00daBLICO E A\u00c7\u00c3O COLETIVA DE PESCADORES ARTESANAIS: CONSIDERA\u00c7\u00d5ES SOBRE A INSTITUCIONALIZA\u00c7\u00c3O DO CONFLITO ENTRE A ASSOCIA\u00c7\u00c3O HOMENS E MULHERES DO MAR E EMPREENDIMENTOS PETROQU\u00cdMICOS NA BAIA DE GUANABARA-RJ.<br \/>\nAline Borghoff Maia.<\/p>\n<p>7. OS CIGANOS CALONS DO S\u00c3O GABRIEL: TERRITORIALIDADE, POL\u00cdTICAS P\u00daBLICAS, CIDADANIA E INCLUS\u00c3O SOCIOECON\u00d4MICA.<br \/>\nIara Menezes Lima<br \/>\nGabriela de Freitas Figueiredo Rocha<br \/>\nL\u00edvia Mara Resende<br \/>\nJo\u00e3o Pedro Lima Guimar\u00e3es Vargas<br \/>\nLorena Mello<br \/>\nFigueiredo e Pedro de Aguiar Marques<\/p>\n<p>8. PERIPERI: MARGINALIZADOS NA \u00daLTIMA FRONTEIRA DO DESENVOLVIMENTO.<br \/>\nRodrigo Portela Gomes e Yuri Rocha Lima dos Santos<\/p>\n<p>9. PROJETO DE IRRIGA\u00c7\u00c3O SANTA CRUZ DO APODI: UMA REFORMA AGR\u00c1RIA AO INVERSO;<br \/>\nMaria do Socorro Di\u00f3genes Pinto<br \/>\nTayse Ribeiro de Castro Palitot<br \/>\nRonaldo Maia Moreira J\u00fanior<\/p>\n<p>10. PROPRIEDADE COLETIVA DAS COMUNIDADES QUILOMBOLAS DO ALTO TROMBETAS NO MUNIC\u00cdPIO DE ORIXIMIN\u00c1\/PA: UM OLHAR S\u00d3CIOJUR\u00cdDICO SOBRE A TERRITORIALIDADE NA EFETIVA\u00c7\u00c3O DO ART. 68 DO ADCT, CRFB\/88<br \/>\nTha\u00eds Maria Lutterback Saporetti Azevedo<\/p>\n<p>11. QUEBRADEIRAS DE COCO DE BABA\u00c7U EM PROJETOS DE ASSENTAMENTO E RESEX\u2019S: SUJEITOS DE DIREITO E ACESSO \u00c0 TERRA NOS DESCOMPASSOS DA HIST\u00d3RIA<br \/>\nJosilene Ferreira Mendes<br \/>\nPedro Sergio Vieira Martins<\/p>\n<p>12. UM FAROL GLOBALIZADO EM ANCHIETA: ESTUDO SOBRE UMA REDE DE COOPERA\u00c7\u00c3O POL\u00cdTICA EM LUTA CONTRA A IMPLANTA\u00c7\u00c3O DA COMPANHIA SIDER\u00daRGICA DE UBU<br \/>\nPerci Coelho de Souza<\/p>\n<p>13. O PAPEL DA COMISS\u00c3O NACIONAL DA VERDADE E O DIREITO AO RECONHECIMENTO DA MEM\u00d3RIA COLETIVA E RECONSTRU\u00c7\u00c3O DA IDENTIDADE.<br \/>\nHelga Paula<\/p>\n<p>14. IDENTIDADE \u00c9TNICA E A CONSTRU\u00c7\u00c3O DE DIREITOS TERRITORIAIS PARA COMUNIDADES QUILOMBOLAS<br \/>\nLucas Vieira Barros de Andrade<\/p>\n<p>***<\/p>\n<p>ED 12. QUEST\u00c3O AGR\u00c1RIA E TERRITORIAL<\/p>\n<p>1. REGULARIZA\u00c7\u00c3O FUNDI\u00c1RIA COMO INSTRUMENTO DE RECONHECIMENTO ESTATAL DE DETERMINADA CULTURA<br \/>\nFernando Carneiro de Oliveira<\/p>\n<p>2. MOVIMENTOS POPULARES ORGANIZADOS EM TORNO DE DIREITOS TERRITORIAIS NO CEAR\u00c1<br \/>\nMartha Priscylla Monteiro Joca Martins<\/p>\n<p>3. O \u201cDIREITO VIGENTE\u201d NA DELIMITA\u00c7\u00c3O JURISPRUDENCIAL DA FUN\u00c7\u00c3O SOCIAL DA POSSE E DA PROPRIEDADE: AN\u00c1LISE OBJETIVA DA JURISPRUD\u00caNCIA DO TRF-1 EM PROCESSOS DE DESAPROPRIA\u00c7\u00c3O E CONFLITOS POSSESS\u00d3RIOS<br \/>\nMarcus Dantas<\/p>\n<p>4. PROCESSO SOCIAL E DIREITO: REMANESCENTES DE QUILOMBOS E MILITARES NA ILHA DA MARAMBAIA<br \/>\nAline Caldeira Lopes<\/p>\n<p>5. DESAFIOS E PERSPECTIVAS DO DIREITO \u00c0 TERRA\/TERRIT\u00d3RIO: PORQUE NO RIO TEM PATO COMENDO LAMA?<br \/>\nEduardo Fernandes de Ara\u00fajo<br \/>\nEduardo Soares Bonfim<br \/>\nWyllck Jadyson Santos Paulo da Silva<\/p>\n<p>6. CONFLITOS TERRITORIAIS NA ZONA DA MATA PARAIBANA: UM OLHAR SOBRE A PRODU\u00c7\u00c3O DO CAPITAL SUCROALCOOLEIRO<br \/>\nJuliene Fernandes de Oliveira<br \/>\nEdvaldo Carlos de Lima<\/p>\n<p>7. UM BREVE OLHAR SOBRE AS DISPUTAS PELO ACESSO AS TERAS DEVOLUTAS NA BAHIA, \u00c0 LUZ DO CONFLITO ENTRE COMUNIDADES DE FECHO DE PASTO E FAZENDEIROS NO MUNIC\u00cdPIO DE SANTA MARIA DA VIT\u00d3RIA<br \/>\nMirna Silva Oliveira<\/p>\n<p>8. REFLEX\u00d5ES SOBRE A FORMA\u00c7\u00c3O TE\u00d3RICO-PR\u00c1TICA DO MAGISTRADO QUE LIDA COM QUEST\u00d5ES AGR\u00c1RIAS: A IMPORT\u00c2NCIA DO DIREITO AGR\u00c1RIO PARA SE REPENSAR A EDUCA\u00c7\u00c3O JUR\u00cdDICA E A ESTRUTURA DO JUDICI\u00c1RIO<br \/>\nCamila Ribeiro Desinde<\/p>\n<p>9. PRODU\u00c7\u00c3O DE DIREITO ALTERNATIVO: O MST E O PLURALISMO JUR\u00cdDICO<br \/>\nD\u00e9bora Vogel da Silveira Dutra<\/p>\n<p>***<\/p>\n<p>ED 13. SOCIEDADE, CONTROLE E VIOL\u00caNCIA<\/p>\n<p>1. DIREITO PENAL, CRIMINALIZA\u00c7\u00c3O DA POBREZA E CONTROLE DE CLASSE: RELA\u00c7\u00c3O ENTRE VIOL\u00caNCIA ESTRUTURAL E VIOL\u00caNCIA INTERSUBJETIVA COM BASE EM DADOS DO PROGRAMA DE INCLUS\u00c3O SOCIAL DE EGRESSOS DO SISTEMA PRISIONAL (PRESP) DE JUIZ DE FORA<br \/>\nFranciene Almeida Vasconcelos<\/p>\n<p>2. APONTAMENTOS PARA UMA TEORIA CRIMINOL\u00d3GICO-CR\u00cdTICA DO CONTROLE PENAL NO BRASIL CONTEMPOR\u00c2NEO<br \/>\nEduardo Granzotto Mello<\/p>\n<p>3. CRIMINOG\u00caNESE NA AM\u00c9RICA LATINA: DO RACISMO AO GENOC\u00cdDIO<br \/>\nAthanis Rodrigues<\/p>\n<p>4. O PAPEL DA COMISS\u00c3O NACIONAL DA VERDADE E O DIREITO AO RECONHECIMENTO DA MEM\u00d3RIA COLETIVA E RECONSTITUI\u00c7\u00c3O DA IDENTIDADE<br \/>\nHelga Maria Martins de Paula<\/p>\n<p>5. O IMPACTO SOCIOL\u00d3GICO DEVIDO \u00c0 REOCUPA\u00c7\u00c3O TERRITORIAL DAS FAVELAS CARIOCAS PELO ESTADO, BASEANDO-SE NA ATUA\u00c7\u00c3O DAS UNIDADES DE POL\u00cdCIA PACIFICADORA<br \/>\nRaiano Tavares Oliveira<br \/>\nNat\u00e1lia Eug\u00eania da Cunha Pegado<\/p>\n<p>6. REVISTA \u00cdNTIMA NOS ESTABELECIMENTOS PRISIONAIS: UMA VIOLA\u00c7\u00c3O DA INTIMIDADE E DA DIGNIDADE HUMANA<br \/>\nMorgana Silveira Cavalcante,<br \/>\nHelo\u00edsa Bezerra Lima<br \/>\nS\u00e2nzia Saldanha de Macedo<br \/>\nGe\u00f3rgia Andr\u00e9a Di\u00f3genes Ismael Mendes<\/p>\n<p>7. O Trabalho do Educador Social de Socioeduca\u00e7\u00e3o em Institui\u00e7\u00e3o Total<br \/>\nRicardo Peres da Costa<\/p>\n<p>8. \u201cMUITO AL\u00c9M DOS 90 MINUTOS\u00bb: TORCIDAS ORGANIZADAS E VIOL\u00caNCIA NO MUNIC\u00cdPIO DE NATAL\/RN<br \/>\nJ\u00e9ssica de Morais Costa<\/p>\n<p>9. TRABALHO ESCRAVO CONTEMPOR\u00c2NEO \u2013 POR QUE TANTAS ABSOLVI\u00c7\u00d5ES?<br \/>\nShirley Silveira Andrade<\/p>\n<p>10. INQU\u00c9RITO POLICIAL DO ASSASSINATO DO CAMPON\u00caS RENATO NATHAN: CRIMINALIZA\u00c7\u00c3O DA V\u00cdTIMA E DESQUALIFICA\u00c7\u00c3O DA LUTA CAMPONESA<br \/>\nLenir Correia Coelho<\/p>\n<p><a href=\"http:\/\/ipdms.blogspot.com.br\/2013\/04\/resumos-aprovados-para-o-iii-seminario.html\">http:\/\/ipdms.blogspot.com.br\/2013\/04\/resumos-aprovados-para-o-iii-seminario.html<\/a><\/p>\n","protected":false},"excerpt":{"rendered":"<p>III SEMIN\u00c1RIO DIREITOS, PESQUISA E MOVIMENTOS SOCIAIS RESUMOS APROVADOS PARA OS ESPA\u00c7OS DE DISCUSS\u00c3O (EDs) A Comiss\u00e3o Pol\u00edtico-Pedag\u00f3gica do III Semin\u00e1rio Direito, Pesquisa e Movimentos Sociais divulga a sele\u00e7\u00e3o de resumos expandidos de trabalhos para os Espa\u00e7os de Discuss\u00e3o do evento. O cronograma, agora, fica assim: 08 de maio de 2013 \u2013 prazo final para [&hellip;]<\/p>\n","protected":false},"author":13,"featured_media":0,"comment_status":"open","ping_status":"closed","sticky":false,"template":"","format":"standard","meta":{"inline_featured_image":false,"footnotes":""},"categories":[1],"tags":[],"anos":[],"projetos":[],"autorias":[],"eixos_tematicos":[],"locais":[],"pessoas":[],"estado":[],"academia":[],"sociedade_civil":[],"class_list":["post-5696","post","type-post","status-publish","format-standard","hentry","category-noticias"],"_links":{"self":[{"href":"https:\/\/forumjustica.com.br\/es\/wp-json\/wp\/v2\/posts\/5696","targetHints":{"allow":["GET"]}}],"collection":[{"href":"https:\/\/forumjustica.com.br\/es\/wp-json\/wp\/v2\/posts"}],"about":[{"href":"https:\/\/forumjustica.com.br\/es\/wp-json\/wp\/v2\/types\/post"}],"author":[{"embeddable":true,"href":"https:\/\/forumjustica.com.br\/es\/wp-json\/wp\/v2\/users\/13"}],"replies":[{"embeddable":true,"href":"https:\/\/forumjustica.com.br\/es\/wp-json\/wp\/v2\/comments?post=5696"}],"version-history":[{"count":1,"href":"https:\/\/forumjustica.com.br\/es\/wp-json\/wp\/v2\/posts\/5696\/revisions"}],"predecessor-version":[{"id":17705,"href":"https:\/\/forumjustica.com.br\/es\/wp-json\/wp\/v2\/posts\/5696\/revisions\/17705"}],"wp:attachment":[{"href":"https:\/\/forumjustica.com.br\/es\/wp-json\/wp\/v2\/media?parent=5696"}],"wp:term":[{"taxonomy":"category","embeddable":true,"href":"https:\/\/forumjustica.com.br\/es\/wp-json\/wp\/v2\/categories?post=5696"},{"taxonomy":"post_tag","embeddable":true,"href":"https:\/\/forumjustica.com.br\/es\/wp-json\/wp\/v2\/tags?post=5696"},{"taxonomy":"anos","embeddable":true,"href":"https:\/\/forumjustica.com.br\/es\/wp-json\/wp\/v2\/anos?post=5696"},{"taxonomy":"projetos","embeddable":true,"href":"https:\/\/forumjustica.com.br\/es\/wp-json\/wp\/v2\/projetos?post=5696"},{"taxonomy":"autorias","embeddable":true,"href":"https:\/\/forumjustica.com.br\/es\/wp-json\/wp\/v2\/autorias?post=5696"},{"taxonomy":"eixos_tematicos","embeddable":true,"href":"https:\/\/forumjustica.com.br\/es\/wp-json\/wp\/v2\/eixos_tematicos?post=5696"},{"taxonomy":"locais","embeddable":true,"href":"https:\/\/forumjustica.com.br\/es\/wp-json\/wp\/v2\/locais?post=5696"},{"taxonomy":"pessoas","embeddable":true,"href":"https:\/\/forumjustica.com.br\/es\/wp-json\/wp\/v2\/pessoas?post=5696"},{"taxonomy":"estado","embeddable":true,"href":"https:\/\/forumjustica.com.br\/es\/wp-json\/wp\/v2\/estado?post=5696"},{"taxonomy":"academia","embeddable":true,"href":"https:\/\/forumjustica.com.br\/es\/wp-json\/wp\/v2\/academia?post=5696"},{"taxonomy":"sociedade_civil","embeddable":true,"href":"https:\/\/forumjustica.com.br\/es\/wp-json\/wp\/v2\/sociedade_civil?post=5696"}],"curies":[{"name":"wp","href":"https:\/\/api.w.org\/{rel}","templated":true}]}}