{"id":5792,"date":"2013-04-25T09:00:41","date_gmt":"2013-04-25T11:00:41","guid":{"rendered":"https:\/\/forumjustica.vlannetwork.com\/?p=5792"},"modified":"2022-09-04T21:16:18","modified_gmt":"2022-09-05T00:16:18","slug":"curso-de-extensao-laicidade-do-estado-no-brasil","status":"publish","type":"post","link":"https:\/\/forumjustica.com.br\/es\/curso-de-extensao-laicidade-do-estado-no-brasil\/","title":{"rendered":"Curso de Extens\u00e3o: LAICIDADE DO ESTADO NO BRASIL"},"content":{"rendered":"<p>A Universidade Federal do Rio de Janeiro, atrav\u00e9s do Centro de Filosofia e Ci\u00eancias Humanas \u2013 N\u00facleo de Estudos de Pol\u00edticas P\u00fablicas em Direitos Humanos \u201cSuely Sousa de Almeida\u201d \u2013 e do Observat\u00f3rio da Laicidade do Estado, promover\u00e1 o Curso de Extens\u00e3o: LAICIDADE DO ESTADO NO BRASIL:DIREITOS HUMANOS, RELIGI\u00c3O E EDUCA\u00c7\u00c3O.<\/p>\n<p>O curso ser\u00e1 desenvolvido em 10 sess\u00f5es, uma por semana, sempre \u00e0s ter\u00e7as-feiras, das 18 \u00e0s 20 horas.<\/p>\n<p>Contato: laicidade@nepp-dh.ufrj.br<\/p>\n<p>PER\u00cdODO: 7 de maio a 9 de julho de 2013<\/p>\n<p>LOCAL: Audit\u00f3rio do Anexo CFCH, Campus Praia Vermelha.<\/p>\n<p>VAGAS: 40.<\/p>\n<p>PER\u00cdODO DE INSCRI\u00c7\u00c3O: 10 a 30 de abril de 2013 laicidade@nepp-dh.ufrj.br<\/p>\n<p>PROGRAMA\u00c7\u00c3O<\/p>\n<p>07\/05\u2013 Conceitos fundamentais: laicidade, direitos humanos e democracia \u2013 exposi\u00e7\u00e3o<\/p>\n<p>Respons\u00e1vel: Carlos Roberto Jamil Cury- UFMG\/PUC- Minas<\/p>\n<p>14\/05 \u2013 Estado laico: \u00e9tica religiosa ? \u2013 exposi\u00e7\u00e3o<\/p>\n<p>Respons\u00e1vel: Renato Jos\u00e9 de Oliveira- UFRJ.<\/p>\n<p>21\/05 \u2013 O padroado no imp\u00e9rio e a laicidade republicana. \u2013 exposi\u00e7\u00e3o<\/p>\n<p>Respons\u00e1vel: Jos\u00e9 Antonio Sep\u00falveda- UFF.<\/p>\n<p>28\/05 &#8211; A legisla\u00e7\u00e3o federal sobre o ensino religioso nas escolas p\u00fablicas. \u2013 exposi\u00e7\u00e3o<\/p>\n<p>Respons\u00e1vel: Luiz Ant\u00f4nio Cunha \u2013 UFRJ.<\/p>\n<p>04\/06 \u2013 Educa\u00e7\u00e3o Moral e C\u00edvica e religi\u00e3o na escola p\u00fablica. \u2013 exposi\u00e7\u00e3o<\/p>\n<p>Respons\u00e1vel: Ka\u00e9 Stoll Colvero Lemos \u2013 PUC\/RJ.<\/p>\n<p>11\/06 \u2013 Ci\u00eancia e religi\u00e3o na escola p\u00fablica. \u2013 mesa redonda<\/p>\n<p>Respons\u00e1vel: Eliane Br\u00edgida Falc\u00e3o \u2013 UFRJ.<\/p>\n<p>18\/06 \u2013 A presen\u00e7a da religi\u00e3o em escolas p\u00fablicas no Rio de Janeiro. \u2013 mesa redonda<\/p>\n<p>Respons\u00e1vel: Irene Giambiagi \u2013 UFRJ.<\/p>\n<p>25\/06\u2013 Direitos sexuais e reprodutivos. . \u2013 mesa redonda<\/p>\n<p>Respons\u00e1vel: Luciane Quintanilha Falc\u00e3o \u2013 UFRJ.<\/p>\n<p>02\/07 \u2013 A laicidade do Estado em outros pa\u00edses. \u2013 mesa redonda<\/p>\n<p>Respons\u00e1vel: Daniela Patti do Amaral \u2013 UFRJ.<\/p>\n<p>09\/07\u2013 Filme \u201cO vento ser\u00e1 tua heran\u00e7a\u201d \u2013 proje\u00e7\u00e3o e discuss\u00e3o.<\/p>\n<p>Respons\u00e1vel: Luis Fernando Marques Dorvill\u00e9 \u2013 UERJ.<\/p>\n<p>Coordena\u00e7\u00e3o: Luciane Quintanilha Falc\u00e3o<\/p>\n<p>Publicada em: 17\/04\/2013<\/p>\n<p><a href=\"http:\/\/www.clam.org.br\/destaque\/conteudo.asp?cod=10377\">http:\/\/www.clam.org.br\/destaque\/conteudo.asp?cod=10377<\/a><\/p>\n","protected":false},"excerpt":{"rendered":"<p>A Universidade Federal do Rio de Janeiro, atrav\u00e9s do Centro de Filosofia e Ci\u00eancias Humanas \u2013 N\u00facleo de Estudos de Pol\u00edticas P\u00fablicas em Direitos Humanos \u201cSuely Sousa de Almeida\u201d \u2013 e do Observat\u00f3rio da Laicidade do Estado, promover\u00e1 o Curso de Extens\u00e3o: LAICIDADE DO ESTADO NO BRASIL:DIREITOS HUMANOS, RELIGI\u00c3O E EDUCA\u00c7\u00c3O. O curso ser\u00e1 desenvolvido [&hellip;]<\/p>\n","protected":false},"author":13,"featured_media":0,"comment_status":"open","ping_status":"closed","sticky":false,"template":"","format":"standard","meta":{"inline_featured_image":false,"footnotes":""},"categories":[1],"tags":[],"anos":[],"projetos":[],"autorias":[],"eixos_tematicos":[],"locais":[],"pessoas":[],"estado":[],"academia":[],"sociedade_civil":[],"class_list":["post-5792","post","type-post","status-publish","format-standard","hentry","category-noticias"],"_links":{"self":[{"href":"https:\/\/forumjustica.com.br\/es\/wp-json\/wp\/v2\/posts\/5792","targetHints":{"allow":["GET"]}}],"collection":[{"href":"https:\/\/forumjustica.com.br\/es\/wp-json\/wp\/v2\/posts"}],"about":[{"href":"https:\/\/forumjustica.com.br\/es\/wp-json\/wp\/v2\/types\/post"}],"author":[{"embeddable":true,"href":"https:\/\/forumjustica.com.br\/es\/wp-json\/wp\/v2\/users\/13"}],"replies":[{"embeddable":true,"href":"https:\/\/forumjustica.com.br\/es\/wp-json\/wp\/v2\/comments?post=5792"}],"version-history":[{"count":1,"href":"https:\/\/forumjustica.com.br\/es\/wp-json\/wp\/v2\/posts\/5792\/revisions"}],"predecessor-version":[{"id":17688,"href":"https:\/\/forumjustica.com.br\/es\/wp-json\/wp\/v2\/posts\/5792\/revisions\/17688"}],"wp:attachment":[{"href":"https:\/\/forumjustica.com.br\/es\/wp-json\/wp\/v2\/media?parent=5792"}],"wp:term":[{"taxonomy":"category","embeddable":true,"href":"https:\/\/forumjustica.com.br\/es\/wp-json\/wp\/v2\/categories?post=5792"},{"taxonomy":"post_tag","embeddable":true,"href":"https:\/\/forumjustica.com.br\/es\/wp-json\/wp\/v2\/tags?post=5792"},{"taxonomy":"anos","embeddable":true,"href":"https:\/\/forumjustica.com.br\/es\/wp-json\/wp\/v2\/anos?post=5792"},{"taxonomy":"projetos","embeddable":true,"href":"https:\/\/forumjustica.com.br\/es\/wp-json\/wp\/v2\/projetos?post=5792"},{"taxonomy":"autorias","embeddable":true,"href":"https:\/\/forumjustica.com.br\/es\/wp-json\/wp\/v2\/autorias?post=5792"},{"taxonomy":"eixos_tematicos","embeddable":true,"href":"https:\/\/forumjustica.com.br\/es\/wp-json\/wp\/v2\/eixos_tematicos?post=5792"},{"taxonomy":"locais","embeddable":true,"href":"https:\/\/forumjustica.com.br\/es\/wp-json\/wp\/v2\/locais?post=5792"},{"taxonomy":"pessoas","embeddable":true,"href":"https:\/\/forumjustica.com.br\/es\/wp-json\/wp\/v2\/pessoas?post=5792"},{"taxonomy":"estado","embeddable":true,"href":"https:\/\/forumjustica.com.br\/es\/wp-json\/wp\/v2\/estado?post=5792"},{"taxonomy":"academia","embeddable":true,"href":"https:\/\/forumjustica.com.br\/es\/wp-json\/wp\/v2\/academia?post=5792"},{"taxonomy":"sociedade_civil","embeddable":true,"href":"https:\/\/forumjustica.com.br\/es\/wp-json\/wp\/v2\/sociedade_civil?post=5792"}],"curies":[{"name":"wp","href":"https:\/\/api.w.org\/{rel}","templated":true}]}}