{"id":6008,"date":"2013-05-22T10:00:41","date_gmt":"2013-05-22T12:00:41","guid":{"rendered":"https:\/\/forumjustica.vlannetwork.com\/?p=6008"},"modified":"2022-09-04T21:16:17","modified_gmt":"2022-09-05T00:16:17","slug":"presidio-tera-campus-universitario-pela-primeira-vez-no-brasil","status":"publish","type":"post","link":"https:\/\/forumjustica.com.br\/es\/presidio-tera-campus-universitario-pela-primeira-vez-no-brasil\/","title":{"rendered":"Pres\u00eddio ter\u00e1 campus universit\u00e1rio pela primeira vez no Brasil"},"content":{"rendered":"<p>Postado em: 8 mai 2012 \u00e0s 16:38<\/p>\n<p><strong>A penitenci\u00e1ria escolhida \u00e9 a de Serrot\u00e3o, em Campina Grande, a segunda maior cidade da Para\u00edba. Nele, est\u00e1 em constru\u00e7\u00e3o um complexo com oito salas de aula, biblioteca e um audit\u00f3rio, no setor masculino.<\/strong><\/p>\n<div id=\"attachment_6009\" style=\"width: 310px\" class=\"wp-caption aligncenter\"><a href=\"https:\/\/forumjustica.com.br\/wp-content\/uploads\/2013\/05\/serrotao-paraiba-uepb.jpg\"><img loading=\"lazy\" decoding=\"async\" aria-describedby=\"caption-attachment-6009\" src=\"https:\/\/forumjustica.com.br\/wp-content\/uploads\/2013\/05\/serrotao-paraiba-uepb-300x225-1.jpg\" alt=\"\" title=\"serrotao-paraiba-uepb\" width=\"300\" height=\"225\" class=\"size-medium wp-image-6009\" \/><\/a><p id=\"caption-attachment-6009\" class=\"wp-caption-text\">Maquete do campus da UEPB no setor masculino do pres\u00eddio de Serrot\u00e3o. Obras ser\u00e3o conclu\u00eddas at\u00e9 junho<\/p><\/div>\n<p>Na legisla\u00e7\u00e3o brasileira, a educa\u00e7\u00e3o nos pres\u00eddios \u00e9 um direito assegurado. Dentro das grades, a realidade \u00e9 outra.<\/p>\n<p>Segundo dados do Minist\u00e9rio da Justi\u00e7a, apenas 9,33% dos presos do Pa\u00eds participam de atividades educacionais orientadas para a eleva\u00e7\u00e3o da escolaridade e qualifica\u00e7\u00e3o t\u00e9cnica. Para quebrar com esse ciclo de viol\u00eancia, a Universidade Estadual da Para\u00edba (UEPB) ir\u00e1 inaugurar at\u00e9 junho o primeiro campus universit\u00e1rio dentro de um pres\u00eddio brasileiro.<\/p>\n<p>A penitenci\u00e1ria escolhida \u00e9 a de Serrot\u00e3o, em Campina Grande, a segunda maior cidade da Para\u00edba. Nele, est\u00e1 em constru\u00e7\u00e3o um complexo com oito salas de aula, biblioteca e um audit\u00f3rio, no setor masculino.<\/p>\n<p>L\u00e1 ser\u00e3o oferecidas desde aulas de alfabetiza\u00e7\u00e3o at\u00e9 p\u00f3s-gradua\u00e7\u00e3o para os detentos. \u201cOs cabras l\u00e1 s\u00e3o inteligentes. Atrav\u00e9s da educa\u00e7\u00e3o, vamos dar a eles uma nova perspectiva de vida\u201d, afirma Marlene Alves, reitora da UEPB.<br \/>\nDos 1600 apenados de Serrot\u00e3o, 20% possuem ensino m\u00e9dio completo e est\u00e3o aptos a cursar as tr\u00eas primeiras gradua\u00e7\u00f5es: Letras, Hist\u00f3ria e Matem\u00e1tica. Os professores s\u00e3o da pr\u00f3pria UEPB. \u201cA sociedade pensa que \u00e9 s\u00f3 montar um pres\u00eddio e jogar l\u00e1. Isso \u00e9 uma burrice social e um descompasso com o Brasil. Temos que dar dignidade e condi\u00e7\u00e3o humana para reinserir os detentos na sociedade\u201d, completa.<\/p>\n<p>\u201cSe virarmos as costas para os detentos, o ciclo de viol\u00eancia se refor\u00e7a. \u00c9 preciso educar e reintegrar os detentos na sociedade, assim, quebramos esse ciclo\u201d, afirma o secret\u00e1rio de Educa\u00e7\u00e3o da Para\u00edba, Harrison Targino, que define a iniciativa como \u201cdecisiva\u201d.<\/p>\n<p>Para viabilizar o projeto, a UEPB investiu 1,5 milh\u00e3o de reais na constru\u00e7\u00e3o do campus e o estado desembolsou 2,5 milh\u00f5es de reais na reforma do pres\u00eddio, al\u00e9m de contribuir com material did\u00e1tico do programa de Educa\u00e7\u00e3o de Jovens e Adultos.<br \/>\nAla feminina<\/p>\n<p>No setor feminino, as iniciativas foram outras. \u201cAo conversar com as detentas, percebemos que elas n\u00e3o tinham necessidade por uma sala convencional, como as do setor masculino\u201d, conta Marlene.<\/p>\n<p>Devido ao fato de muitas detentas serem m\u00e3es, a UEPB optou pela constru\u00e7\u00e3o de um sal\u00e3o multiuso, voltado para aulas interdisciplinares. Na ala tamb\u00e9m foram constru\u00eddos um ber\u00e7\u00e1rio, uma biblioteca e um consult\u00f3rio m\u00e9dico e de assist\u00eancia \u00e0 gestante, que conta com atendimento de m\u00e9dicos e alunos ligados \u00e0 universidade.<\/p>\n<p>Al\u00e9m disso, espa\u00e7os reservados para visitas \u00edntimas foram constru\u00eddos nas duas alas. \u201cNotamos que isso n\u00e3o existia, o que era muito constrangedor para os detentos e diminu\u00eda sua dignidade\u201d, diz a reitora.<\/p>\n<p>Antes mesmo da inaugura\u00e7\u00e3o propriamente dita do campus, oficinas de costura e em uma mini-f\u00e1brica de tijolos j\u00e1 est\u00e3o em curso. Estas a\u00e7\u00f5es, segundo Targino, atribuem uma qualifica\u00e7\u00e3o profissional aos detentos e ajudaram a trazer a UEPB para dentro de Serrot\u00e3o.<\/p>\n<p>\u201cParte a m\u00e3o-de-obra utilizada na constru\u00e7\u00e3o dos pr\u00e9dios era de detentos\u201d, afirma o secret\u00e1rio de educa\u00e7\u00e3o. Com isso, al\u00e9m de receber um incentivo financeiro, os detentos reduzem o tempo da pena. Pois, a cada tr\u00eas dias de estudo ou de trabalho reduz-se um dia do tempo de pris\u00e3o.<\/p>\n<p>A iniciativa da UEPB j\u00e1 despertou o interesse de outras institui\u00e7\u00f5es de ensino, a exemplo da UFPB e da Faculdade Maur\u00edcio de Nassau. \u201cA UEPB teve a capacidade de entender o pres\u00eddio de Serrot\u00e3o como uma espa\u00e7o n\u00e3o s\u00f3 de pesquisa, mas<br \/>\ntamb\u00e9m de interven\u00e7\u00e3o social. Ficamos contentes que nosso exemplo seja multiplicado\u201d, conta a reitora Marlene Alves.<\/p>\n<p>Marco Pellegrini, CartaCapital<\/p>\n<blockquote class=\"wp-embedded-content\" data-secret=\"yHspY3ZKb8\"><p><a href=\"https:\/\/www.pragmatismopolitico.com.br\/2012\/05\/presidio-tera-campus-universitario-pela-primeira-vez-no-brasil.html\">Pres\u00eddio ter\u00e1 campus universit\u00e1rio pela primeira vez no Brasil<\/a><\/p><\/blockquote>\n<p><iframe loading=\"lazy\" class=\"wp-embedded-content\" sandbox=\"allow-scripts\" security=\"restricted\" style=\"position: absolute; clip: rect(1px, 1px, 1px, 1px);\" title=\"&#8220;Pres\u00eddio ter\u00e1 campus universit\u00e1rio pela primeira vez no Brasil&#8221; &#8212; Pragmatismo Pol\u00edtico\" src=\"https:\/\/www.pragmatismopolitico.com.br\/2012\/05\/presidio-tera-campus-universitario-pela-primeira-vez-no-brasil.html\/embed#?secret=yHspY3ZKb8\" data-secret=\"yHspY3ZKb8\" width=\"500\" height=\"282\" frameborder=\"0\" marginwidth=\"0\" marginheight=\"0\" scrolling=\"no\"><\/iframe><br \/>\n<\/p>","protected":false},"excerpt":{"rendered":"<p>Postado em: 8 mai 2012 \u00e0s 16:38 A penitenci\u00e1ria escolhida \u00e9 a de Serrot\u00e3o, em Campina Grande, a segunda maior cidade da Para\u00edba. Nele, est\u00e1 em constru\u00e7\u00e3o um complexo com oito salas de aula, biblioteca e um audit\u00f3rio, no setor masculino. Na legisla\u00e7\u00e3o brasileira, a educa\u00e7\u00e3o nos pres\u00eddios \u00e9 um direito assegurado. Dentro das grades, [&hellip;]<\/p>\n","protected":false},"author":13,"featured_media":0,"comment_status":"open","ping_status":"closed","sticky":false,"template":"","format":"standard","meta":{"inline_featured_image":false,"footnotes":""},"categories":[1],"tags":[],"anos":[],"projetos":[],"autorias":[],"eixos_tematicos":[],"locais":[],"pessoas":[],"estado":[],"academia":[],"sociedade_civil":[],"class_list":["post-6008","post","type-post","status-publish","format-standard","hentry","category-noticias"],"_links":{"self":[{"href":"https:\/\/forumjustica.com.br\/es\/wp-json\/wp\/v2\/posts\/6008","targetHints":{"allow":["GET"]}}],"collection":[{"href":"https:\/\/forumjustica.com.br\/es\/wp-json\/wp\/v2\/posts"}],"about":[{"href":"https:\/\/forumjustica.com.br\/es\/wp-json\/wp\/v2\/types\/post"}],"author":[{"embeddable":true,"href":"https:\/\/forumjustica.com.br\/es\/wp-json\/wp\/v2\/users\/13"}],"replies":[{"embeddable":true,"href":"https:\/\/forumjustica.com.br\/es\/wp-json\/wp\/v2\/comments?post=6008"}],"version-history":[{"count":1,"href":"https:\/\/forumjustica.com.br\/es\/wp-json\/wp\/v2\/posts\/6008\/revisions"}],"predecessor-version":[{"id":17648,"href":"https:\/\/forumjustica.com.br\/es\/wp-json\/wp\/v2\/posts\/6008\/revisions\/17648"}],"wp:attachment":[{"href":"https:\/\/forumjustica.com.br\/es\/wp-json\/wp\/v2\/media?parent=6008"}],"wp:term":[{"taxonomy":"category","embeddable":true,"href":"https:\/\/forumjustica.com.br\/es\/wp-json\/wp\/v2\/categories?post=6008"},{"taxonomy":"post_tag","embeddable":true,"href":"https:\/\/forumjustica.com.br\/es\/wp-json\/wp\/v2\/tags?post=6008"},{"taxonomy":"anos","embeddable":true,"href":"https:\/\/forumjustica.com.br\/es\/wp-json\/wp\/v2\/anos?post=6008"},{"taxonomy":"projetos","embeddable":true,"href":"https:\/\/forumjustica.com.br\/es\/wp-json\/wp\/v2\/projetos?post=6008"},{"taxonomy":"autorias","embeddable":true,"href":"https:\/\/forumjustica.com.br\/es\/wp-json\/wp\/v2\/autorias?post=6008"},{"taxonomy":"eixos_tematicos","embeddable":true,"href":"https:\/\/forumjustica.com.br\/es\/wp-json\/wp\/v2\/eixos_tematicos?post=6008"},{"taxonomy":"locais","embeddable":true,"href":"https:\/\/forumjustica.com.br\/es\/wp-json\/wp\/v2\/locais?post=6008"},{"taxonomy":"pessoas","embeddable":true,"href":"https:\/\/forumjustica.com.br\/es\/wp-json\/wp\/v2\/pessoas?post=6008"},{"taxonomy":"estado","embeddable":true,"href":"https:\/\/forumjustica.com.br\/es\/wp-json\/wp\/v2\/estado?post=6008"},{"taxonomy":"academia","embeddable":true,"href":"https:\/\/forumjustica.com.br\/es\/wp-json\/wp\/v2\/academia?post=6008"},{"taxonomy":"sociedade_civil","embeddable":true,"href":"https:\/\/forumjustica.com.br\/es\/wp-json\/wp\/v2\/sociedade_civil?post=6008"}],"curies":[{"name":"wp","href":"https:\/\/api.w.org\/{rel}","templated":true}]}}