{"id":6095,"date":"2013-05-29T10:00:21","date_gmt":"2013-05-29T12:00:21","guid":{"rendered":"https:\/\/forumjustica.vlannetwork.com\/?p=6095"},"modified":"2022-09-04T21:16:17","modified_gmt":"2022-09-05T00:16:17","slug":"programa-de-intercambio-salsaj-julho2013-10%c2%aa-edicao","status":"publish","type":"post","link":"https:\/\/forumjustica.com.br\/es\/programa-de-intercambio-salsaj-julho2013-10%c2%aa-edicao\/","title":{"rendered":"Programa de Interc\u00e2mbio SAL\/SAJ \u2013 Julho\/2013 \u2013 10\u00aa edi\u00e7\u00e3o"},"content":{"rendered":"<p>Organizado pela Secretaria de Assuntos Legislativos do Minist\u00e9rio da Justi\u00e7a em parceria com a Subchefia para Assuntos Jur\u00eddicos da Casa Civil, por meio do Centro de Estudos, o Programa de Interc\u00e2mbio tem como objetivo mostrar o funcionamento do processo de elabora\u00e7\u00e3o dos textos de atos normativos pelos Minist\u00e9rios e a tramita\u00e7\u00e3o de projetos de lei no Congresso Nacional.<\/p>\n<p><a href=\"http:\/\/www4.planalto.gov.br\/centrodeestudos\/programas-e-projetos\/programa-de-intercambio-sal-saj\">Confira mais detalhes das edi\u00e7\u00f5es realizadas a partir dessa parceria.<\/a><\/p>\n<p><a href=\"https:\/\/forumjustica.com.br\/wp-content\/uploads\/2013\/05\/intercambio101.png\"><img loading=\"lazy\" decoding=\"async\" src=\"https:\/\/forumjustica.com.br\/wp-content\/uploads\/2013\/05\/intercambio101.png\" alt=\"\" title=\"intercambio10\" width=\"501\" height=\"465\" class=\"aligncenter size-full wp-image-6096\" \/><\/a><\/p>\n<p>De 22 de julho a 2 de agosto de 2013 acontecer\u00e1 a 10\u00aa edi\u00e7\u00e3o do Programa de Interc\u00e2mbio. Os candidatos selecionados participar\u00e3o de visitas, cursos, mesas de debates e pesquisas na Administra\u00e7\u00e3o P\u00fablica Federal.<\/p>\n<p>Acesse <a href=\"http:\/\/www4.planalto.gov.br\/centrodeestudos\/programas-e-projetos\/programa-de-intercambio-sal-saj\/10a-edicao-do-programa-de-intercambio-salsaj\/programa-de-intercambio-edital-20.05.2013.pdf\">aqui <\/a>o edital da 10\u00aa Edi\u00e7\u00e3o do Programa de Interc\u00e2mbio SAL\/SAJ<\/p>\n<p>Baixe aqui a Ficha de Inscri\u00e7\u00e3o da 10\u00aa Edi\u00e7\u00e3o do Programa de Interc\u00e2mbio SAL\/SAJ<\/p>\n","protected":false},"excerpt":{"rendered":"<p>Organizado pela Secretaria de Assuntos Legislativos do Minist\u00e9rio da Justi\u00e7a em parceria com a Subchefia para Assuntos Jur\u00eddicos da Casa Civil, por meio do Centro de Estudos, o Programa de Interc\u00e2mbio tem como objetivo mostrar o funcionamento do processo de elabora\u00e7\u00e3o dos textos de atos normativos pelos Minist\u00e9rios e a tramita\u00e7\u00e3o de projetos de lei [&hellip;]<\/p>\n","protected":false},"author":13,"featured_media":0,"comment_status":"open","ping_status":"closed","sticky":false,"template":"","format":"standard","meta":{"inline_featured_image":false,"footnotes":""},"categories":[1],"tags":[],"anos":[],"projetos":[],"autorias":[],"eixos_tematicos":[],"locais":[],"pessoas":[],"estado":[],"academia":[],"sociedade_civil":[],"class_list":["post-6095","post","type-post","status-publish","format-standard","hentry","category-noticias"],"_links":{"self":[{"href":"https:\/\/forumjustica.com.br\/es\/wp-json\/wp\/v2\/posts\/6095","targetHints":{"allow":["GET"]}}],"collection":[{"href":"https:\/\/forumjustica.com.br\/es\/wp-json\/wp\/v2\/posts"}],"about":[{"href":"https:\/\/forumjustica.com.br\/es\/wp-json\/wp\/v2\/types\/post"}],"author":[{"embeddable":true,"href":"https:\/\/forumjustica.com.br\/es\/wp-json\/wp\/v2\/users\/13"}],"replies":[{"embeddable":true,"href":"https:\/\/forumjustica.com.br\/es\/wp-json\/wp\/v2\/comments?post=6095"}],"version-history":[{"count":1,"href":"https:\/\/forumjustica.com.br\/es\/wp-json\/wp\/v2\/posts\/6095\/revisions"}],"predecessor-version":[{"id":17639,"href":"https:\/\/forumjustica.com.br\/es\/wp-json\/wp\/v2\/posts\/6095\/revisions\/17639"}],"wp:attachment":[{"href":"https:\/\/forumjustica.com.br\/es\/wp-json\/wp\/v2\/media?parent=6095"}],"wp:term":[{"taxonomy":"category","embeddable":true,"href":"https:\/\/forumjustica.com.br\/es\/wp-json\/wp\/v2\/categories?post=6095"},{"taxonomy":"post_tag","embeddable":true,"href":"https:\/\/forumjustica.com.br\/es\/wp-json\/wp\/v2\/tags?post=6095"},{"taxonomy":"anos","embeddable":true,"href":"https:\/\/forumjustica.com.br\/es\/wp-json\/wp\/v2\/anos?post=6095"},{"taxonomy":"projetos","embeddable":true,"href":"https:\/\/forumjustica.com.br\/es\/wp-json\/wp\/v2\/projetos?post=6095"},{"taxonomy":"autorias","embeddable":true,"href":"https:\/\/forumjustica.com.br\/es\/wp-json\/wp\/v2\/autorias?post=6095"},{"taxonomy":"eixos_tematicos","embeddable":true,"href":"https:\/\/forumjustica.com.br\/es\/wp-json\/wp\/v2\/eixos_tematicos?post=6095"},{"taxonomy":"locais","embeddable":true,"href":"https:\/\/forumjustica.com.br\/es\/wp-json\/wp\/v2\/locais?post=6095"},{"taxonomy":"pessoas","embeddable":true,"href":"https:\/\/forumjustica.com.br\/es\/wp-json\/wp\/v2\/pessoas?post=6095"},{"taxonomy":"estado","embeddable":true,"href":"https:\/\/forumjustica.com.br\/es\/wp-json\/wp\/v2\/estado?post=6095"},{"taxonomy":"academia","embeddable":true,"href":"https:\/\/forumjustica.com.br\/es\/wp-json\/wp\/v2\/academia?post=6095"},{"taxonomy":"sociedade_civil","embeddable":true,"href":"https:\/\/forumjustica.com.br\/es\/wp-json\/wp\/v2\/sociedade_civil?post=6095"}],"curies":[{"name":"wp","href":"https:\/\/api.w.org\/{rel}","templated":true}]}}