{"id":6147,"date":"2013-06-04T17:00:41","date_gmt":"2013-06-04T19:00:41","guid":{"rendered":"https:\/\/forumjustica.vlannetwork.com\/?p=6147"},"modified":"2022-09-04T21:16:17","modified_gmt":"2022-09-05T00:16:17","slug":"alerj-discute-o-aumento-dos-casos-de-estupros-no-estado-do-rio-de-janeiro","status":"publish","type":"post","link":"https:\/\/forumjustica.com.br\/es\/alerj-discute-o-aumento-dos-casos-de-estupros-no-estado-do-rio-de-janeiro\/","title":{"rendered":"Alerj discute o aumento dos casos de Estupros no Estado do Rio de Janeiro"},"content":{"rendered":"<p>Comiss\u00e3o de Defesa dos Direitos das Mulheres da Alerj<\/p>\n<p>A Deputada In\u00eas Pandel\u00f3, Presidente da Comiss\u00e3o de Defesa dos Direitos da Mulher da Alerj, tem a honra de convid\u00e1-la(o) para a Audi\u00eancia P\u00fablica que tratar\u00e1 dos \u201cCrescentes Casos de Estupros no Estado do Rio de Janeiro\u201d.<\/p>\n<p>A referida audi\u00eancia contar\u00e1 com as presen\u00e7as de:<\/p>\n<p>\u00b7         Martha Rocha &#8211; Chefe da Pol\u00edcia Civil;<\/p>\n<p>\u00b7         Andreia Soares &#8211; Coordenadora do N\u00facleo de Pesquisa do Instituto de Seguran\u00e7a P\u00fablica (ISP) e organizadora do Dossi\u00ea Mulher;<\/p>\n<p>\u00b7          Cel. Danilo Nascimento da Silva &#8211; chefe do Escrit\u00f3rio de Projetos Especiais da Pol\u00edcia Militar do Estado do Rio de Janeiro;<\/p>\n<p>\u00b7         \u00c2ngela Fontes- Subsecret\u00e1ria Estadual de Pol\u00edticas para as mulheres;<\/p>\n<p>\u00b7         Maria do Esp\u00edrito Santo (Santinha) &#8211; representando a Secretaria de Estado de Sa\u00fade;<\/p>\n<p>\u00b7         Representantes do F\u00f3rum Estadual de Combate \u00e0 Viol\u00eancia Contra Mulher e de movimentos feministas do estado do Rio de Janeiro.<\/p>\n<p>Sua participa\u00e7\u00e3o \u00e9 fundamental.<\/p>\n<p>A  audi\u00eancia ser\u00e1 realizada no dia 06 de junho ( quinta- feira) , \u00e0s 10 horas, na Sala 316 do Pal\u00e1cio Tiradentes.<br \/>\n(Rua Primeiro de Mar\u00e7o, s\/n\u00ba, Centro, Rio de Janeiro)<\/p>\n","protected":false},"excerpt":{"rendered":"<p>Comiss\u00e3o de Defesa dos Direitos das Mulheres da Alerj A Deputada In\u00eas Pandel\u00f3, Presidente da Comiss\u00e3o de Defesa dos Direitos da Mulher da Alerj, tem a honra de convid\u00e1-la(o) para a Audi\u00eancia P\u00fablica que tratar\u00e1 dos \u201cCrescentes Casos de Estupros no Estado do Rio de Janeiro\u201d. A referida audi\u00eancia contar\u00e1 com as presen\u00e7as de: \u00b7 [&hellip;]<\/p>\n","protected":false},"author":13,"featured_media":0,"comment_status":"open","ping_status":"closed","sticky":false,"template":"","format":"standard","meta":{"inline_featured_image":false,"footnotes":""},"categories":[1],"tags":[],"anos":[],"projetos":[],"autorias":[],"eixos_tematicos":[],"locais":[],"pessoas":[],"estado":[],"academia":[],"sociedade_civil":[],"class_list":["post-6147","post","type-post","status-publish","format-standard","hentry","category-noticias"],"_links":{"self":[{"href":"https:\/\/forumjustica.com.br\/es\/wp-json\/wp\/v2\/posts\/6147","targetHints":{"allow":["GET"]}}],"collection":[{"href":"https:\/\/forumjustica.com.br\/es\/wp-json\/wp\/v2\/posts"}],"about":[{"href":"https:\/\/forumjustica.com.br\/es\/wp-json\/wp\/v2\/types\/post"}],"author":[{"embeddable":true,"href":"https:\/\/forumjustica.com.br\/es\/wp-json\/wp\/v2\/users\/13"}],"replies":[{"embeddable":true,"href":"https:\/\/forumjustica.com.br\/es\/wp-json\/wp\/v2\/comments?post=6147"}],"version-history":[{"count":1,"href":"https:\/\/forumjustica.com.br\/es\/wp-json\/wp\/v2\/posts\/6147\/revisions"}],"predecessor-version":[{"id":17634,"href":"https:\/\/forumjustica.com.br\/es\/wp-json\/wp\/v2\/posts\/6147\/revisions\/17634"}],"wp:attachment":[{"href":"https:\/\/forumjustica.com.br\/es\/wp-json\/wp\/v2\/media?parent=6147"}],"wp:term":[{"taxonomy":"category","embeddable":true,"href":"https:\/\/forumjustica.com.br\/es\/wp-json\/wp\/v2\/categories?post=6147"},{"taxonomy":"post_tag","embeddable":true,"href":"https:\/\/forumjustica.com.br\/es\/wp-json\/wp\/v2\/tags?post=6147"},{"taxonomy":"anos","embeddable":true,"href":"https:\/\/forumjustica.com.br\/es\/wp-json\/wp\/v2\/anos?post=6147"},{"taxonomy":"projetos","embeddable":true,"href":"https:\/\/forumjustica.com.br\/es\/wp-json\/wp\/v2\/projetos?post=6147"},{"taxonomy":"autorias","embeddable":true,"href":"https:\/\/forumjustica.com.br\/es\/wp-json\/wp\/v2\/autorias?post=6147"},{"taxonomy":"eixos_tematicos","embeddable":true,"href":"https:\/\/forumjustica.com.br\/es\/wp-json\/wp\/v2\/eixos_tematicos?post=6147"},{"taxonomy":"locais","embeddable":true,"href":"https:\/\/forumjustica.com.br\/es\/wp-json\/wp\/v2\/locais?post=6147"},{"taxonomy":"pessoas","embeddable":true,"href":"https:\/\/forumjustica.com.br\/es\/wp-json\/wp\/v2\/pessoas?post=6147"},{"taxonomy":"estado","embeddable":true,"href":"https:\/\/forumjustica.com.br\/es\/wp-json\/wp\/v2\/estado?post=6147"},{"taxonomy":"academia","embeddable":true,"href":"https:\/\/forumjustica.com.br\/es\/wp-json\/wp\/v2\/academia?post=6147"},{"taxonomy":"sociedade_civil","embeddable":true,"href":"https:\/\/forumjustica.com.br\/es\/wp-json\/wp\/v2\/sociedade_civil?post=6147"}],"curies":[{"name":"wp","href":"https:\/\/api.w.org\/{rel}","templated":true}]}}