{"id":6172,"date":"2013-06-05T13:43:10","date_gmt":"2013-06-05T15:43:10","guid":{"rendered":"https:\/\/forumjustica.vlannetwork.com\/?p=6172"},"modified":"2022-09-04T21:16:17","modified_gmt":"2022-09-05T00:16:17","slug":"longe-da-cidadania-senado-sabatinara-barroso-para-vaga-no-stf","status":"publish","type":"post","link":"https:\/\/forumjustica.com.br\/es\/longe-da-cidadania-senado-sabatinara-barroso-para-vaga-no-stf\/","title":{"rendered":"Longe da cidadania, Senado sabatinar\u00e1 Barroso para vaga no STF"},"content":{"rendered":"<p><strong>Processo cumpre com formalidade, mas deixa a desejar quanto a participa\u00e7\u00e3o p\u00fablica e a transpar\u00eancia<br \/>\n<\/strong><br \/>\n<a href=\"https:\/\/forumjustica.com.br\/wp-content\/uploads\/2013\/06\/C\u00e2mara-Federal.jpeg\"><img loading=\"lazy\" decoding=\"async\" src=\"https:\/\/forumjustica.com.br\/wp-content\/uploads\/2013\/06\/C\u00e2mara-Federal.jpeg\" alt=\"\" title=\"C\u00e2mara-Federal\" width=\"298\" height=\"169\" class=\"aligncenter size-full wp-image-6173\" \/><\/a><br \/>\nO jurista Lu\u00eds Roberto Barroso, indicado pela presidenta Dilma Rousseff para ocupar a vaga deixada pelo ministro Carlos Ayres Britto no STF, passar\u00e1 hoje, \u00e0s 10 horas, pela tradicional sabatina da CCJ (Comiss\u00e3o de Constitui\u00e7\u00e3o e Justi\u00e7a) do Senado Federal, em Bras\u00edlia, com transmiss\u00e3o ao vivo pela TV Justi\u00e7a.<\/p>\n<p>A sess\u00e3o de perguntas feitas pelos senadores \u00e9 comumente marcada pela pouca profundidade dos temas tratados e acaba refletindo a falta de espa\u00e7o para participa\u00e7\u00e3o da sociedade civil na escolha do nome de quem ser\u00e1 integrado \u00e0 mais alta corte do Pa\u00eds. A Articula\u00e7\u00e3o Justi\u00e7a e Direitos Humanos \u2013 JusDh enviou uma lista de 11 perguntas  link aos Senadores, para que elas sejam feitas a Barroso durante a sabatina de amanh\u00e3.<\/p>\n<p>A falta de transpar\u00eancia no processo de indica\u00e7\u00e3o e a pouca participa\u00e7\u00e3o cidad\u00e3 no processo de escolha dos membros do STF preocupa as organiza\u00e7\u00f5es h\u00e1 anos.<\/p>\n<p><strong>O processo<\/strong><\/p>\n<p>No Brasil, a indica\u00e7\u00e3o de um ministro para o Supremo Tribunal Federal \u00e9 uma tarefa compartilhada entre a Presid\u00eancia da Rep\u00fablica e o Senado Federal. Os \u00fanicos crit\u00e9rios impostos para essa escolha s\u00e3o que o candidato tenha entre 35 e 65 anos de idade, al\u00e9m de \u201cnot\u00e1vel saber jur\u00eddico\u201d e \u201creputa\u00e7\u00e3o ilibada\u201d, como previsto na Constitui\u00e7\u00e3o Federal.<\/p>\n<p>O processo de nomea\u00e7\u00e3o come\u00e7a com a indica\u00e7\u00e3o pela Presid\u00eancia da Rep\u00fablica de um nome para a vaga aberta. A candidatura \u00e9 publicada no Di\u00e1rio Oficial da Uni\u00e3o e encaminhada ao Senado Federal, onde o candidato \u00e9 sabatinado pela Comiss\u00e3o de Constitui\u00e7\u00e3o e Justi\u00e7a e, em seguida, aprovado pelo Plen\u00e1rio. Finalmente, o escolhido \u00e9 nomeado ministro do STF por um novo ato da Presid\u00eancia. O processo pode durar meses \u2013 caso da indica\u00e7\u00e3o de Barroso, que demorou meio ano para ocorrer \u2013 e n\u00e3o h\u00e1 qualquer tipo de transpar\u00eancia ou di\u00e1logo com a sociedade, como a disponibiliza\u00e7\u00e3o dos nomes cogitados e de seus curr\u00edculos ou a realiza\u00e7\u00e3o de audi\u00eancia p\u00fablica com a participa\u00e7\u00e3o da sociedade civil.<\/p>\n<p>Na sabatina de amanh\u00e3, os cidad\u00e3os interessados podem, al\u00e9m de acompanhar a transmiss\u00e3o pela TV, enviar perguntas por meio de seus senadores, usando email e twitter, embora n\u00e3o haja garantia de que as perguntas ser\u00e3o realizadas.<\/p>\n<p><a href=\"http:\/\/www.jusdh.org.br\/2013\/06\/05\/longe-da-cidadania-senado-sabatinara-barroso-para-vaga-no-stf\/\">http:\/\/www.jusdh.org.br\/2013\/06\/05\/longe-da-cidadania-senado-sabatinara-barroso-para-vaga-no-stf\/<\/a><\/p>\n","protected":false},"excerpt":{"rendered":"<p>Processo cumpre com formalidade, mas deixa a desejar quanto a participa\u00e7\u00e3o p\u00fablica e a transpar\u00eancia O jurista Lu\u00eds Roberto Barroso, indicado pela presidenta Dilma Rousseff para ocupar a vaga deixada pelo ministro Carlos Ayres Britto no STF, passar\u00e1 hoje, \u00e0s 10 horas, pela tradicional sabatina da CCJ (Comiss\u00e3o de Constitui\u00e7\u00e3o e Justi\u00e7a) do Senado Federal, [&hellip;]<\/p>\n","protected":false},"author":13,"featured_media":0,"comment_status":"open","ping_status":"closed","sticky":false,"template":"","format":"standard","meta":{"inline_featured_image":false,"footnotes":""},"categories":[1],"tags":[],"anos":[],"projetos":[],"autorias":[],"eixos_tematicos":[],"locais":[],"pessoas":[],"estado":[],"academia":[],"sociedade_civil":[],"class_list":["post-6172","post","type-post","status-publish","format-standard","hentry","category-noticias"],"_links":{"self":[{"href":"https:\/\/forumjustica.com.br\/es\/wp-json\/wp\/v2\/posts\/6172","targetHints":{"allow":["GET"]}}],"collection":[{"href":"https:\/\/forumjustica.com.br\/es\/wp-json\/wp\/v2\/posts"}],"about":[{"href":"https:\/\/forumjustica.com.br\/es\/wp-json\/wp\/v2\/types\/post"}],"author":[{"embeddable":true,"href":"https:\/\/forumjustica.com.br\/es\/wp-json\/wp\/v2\/users\/13"}],"replies":[{"embeddable":true,"href":"https:\/\/forumjustica.com.br\/es\/wp-json\/wp\/v2\/comments?post=6172"}],"version-history":[{"count":1,"href":"https:\/\/forumjustica.com.br\/es\/wp-json\/wp\/v2\/posts\/6172\/revisions"}],"predecessor-version":[{"id":17633,"href":"https:\/\/forumjustica.com.br\/es\/wp-json\/wp\/v2\/posts\/6172\/revisions\/17633"}],"wp:attachment":[{"href":"https:\/\/forumjustica.com.br\/es\/wp-json\/wp\/v2\/media?parent=6172"}],"wp:term":[{"taxonomy":"category","embeddable":true,"href":"https:\/\/forumjustica.com.br\/es\/wp-json\/wp\/v2\/categories?post=6172"},{"taxonomy":"post_tag","embeddable":true,"href":"https:\/\/forumjustica.com.br\/es\/wp-json\/wp\/v2\/tags?post=6172"},{"taxonomy":"anos","embeddable":true,"href":"https:\/\/forumjustica.com.br\/es\/wp-json\/wp\/v2\/anos?post=6172"},{"taxonomy":"projetos","embeddable":true,"href":"https:\/\/forumjustica.com.br\/es\/wp-json\/wp\/v2\/projetos?post=6172"},{"taxonomy":"autorias","embeddable":true,"href":"https:\/\/forumjustica.com.br\/es\/wp-json\/wp\/v2\/autorias?post=6172"},{"taxonomy":"eixos_tematicos","embeddable":true,"href":"https:\/\/forumjustica.com.br\/es\/wp-json\/wp\/v2\/eixos_tematicos?post=6172"},{"taxonomy":"locais","embeddable":true,"href":"https:\/\/forumjustica.com.br\/es\/wp-json\/wp\/v2\/locais?post=6172"},{"taxonomy":"pessoas","embeddable":true,"href":"https:\/\/forumjustica.com.br\/es\/wp-json\/wp\/v2\/pessoas?post=6172"},{"taxonomy":"estado","embeddable":true,"href":"https:\/\/forumjustica.com.br\/es\/wp-json\/wp\/v2\/estado?post=6172"},{"taxonomy":"academia","embeddable":true,"href":"https:\/\/forumjustica.com.br\/es\/wp-json\/wp\/v2\/academia?post=6172"},{"taxonomy":"sociedade_civil","embeddable":true,"href":"https:\/\/forumjustica.com.br\/es\/wp-json\/wp\/v2\/sociedade_civil?post=6172"}],"curies":[{"name":"wp","href":"https:\/\/api.w.org\/{rel}","templated":true}]}}