{"id":6240,"date":"2013-06-10T18:33:01","date_gmt":"2013-06-10T20:33:01","guid":{"rendered":"https:\/\/forumjustica.vlannetwork.com\/?p=6240"},"modified":"2022-09-04T21:16:16","modified_gmt":"2022-09-05T00:16:16","slug":"ii-congresso-internacional-interdisciplinar-em-sociais-e-humanidades","status":"publish","type":"post","link":"https:\/\/forumjustica.com.br\/es\/ii-congresso-internacional-interdisciplinar-em-sociais-e-humanidades\/","title":{"rendered":"II Congresso Internacional Interdisciplinar em Sociais e Humanidades"},"content":{"rendered":"<p>ATEN\u00c7\u00c3O: At\u00e9 o dia 15 de junho poder\u00e3o ser enviados resumos para os Grupos de Trabalho e Simp\u00f3sios Tem\u00e1ticos.<\/p>\n<p><a href=\"https:\/\/forumjustica.com.br\/wp-content\/uploads\/2013\/06\/facebook_coninter.png\"><img loading=\"lazy\" decoding=\"async\" src=\"https:\/\/forumjustica.com.br\/wp-content\/uploads\/2013\/06\/facebook_coninter.png\" alt=\"\" title=\"facebook_coninter\" width=\"600\" height=\"324\" class=\"aligncenter size-full wp-image-6241\" \/><\/a><\/p>\n<p>O II CONINTER pretende promover a divulga\u00e7\u00e3o dos trabalhos acad\u00eamicos no campo interdisciplinar em Sociais e Humanidades, constituindo um l\u00f3cus essencial para a troca de experi\u00eancias e reflex\u00e3o sobre a pesquisa interdisciplinar que hoje se realiza no Brasil.<\/p>\n<p>O II CONINTER ser\u00e1 constitu\u00eddo por:<\/p>\n<p>&#8211; Confer\u00eancias proferidas por convidados nacionais e estrangeiros, que pautar\u00e3o os debates;<br \/>\n&#8211; Mesas redondas sobre aspectos tem\u00e1ticos espec\u00edficos, para ampliar o debate;<br \/>\n&#8211; Comunica\u00e7\u00f5es \u2013 atrav\u00e9s dos Grupos de Trabalho, ser\u00e1 feita chamada de comunica\u00e7\u00f5es, que contemplar\u00e3o os temas desenvolvidos no II CONINTER.<\/p>\n<p>Tendo como tema espec\u00edfico a interdisciplinaridade e a globaliza\u00e7\u00e3o, o II CONINTER pretende reunir pesquisadores de peso, refer\u00eancias mundiais e nacionais nessa discuss\u00e3o.  A reflex\u00e3o sobre este tema pode ser desdobrada em artigos e contribui\u00e7\u00f5es a serem apresentados nos Grupos de Trabalho e Simp\u00f3sios Tem\u00e1ticos, a seguir detalhados:<\/p>\n<p>&#8211; Grupos de Trabalho<br \/>\n&#8211; Simp\u00f3sios Tem\u00e1ticos<br \/>\n<\/p>","protected":false},"excerpt":{"rendered":"<p>ATEN\u00c7\u00c3O: At\u00e9 o dia 15 de junho poder\u00e3o ser enviados resumos para os Grupos de Trabalho e Simp\u00f3sios Tem\u00e1ticos. O II CONINTER pretende promover a divulga\u00e7\u00e3o dos trabalhos acad\u00eamicos no campo interdisciplinar em Sociais e Humanidades, constituindo um l\u00f3cus essencial para a troca de experi\u00eancias e reflex\u00e3o sobre a pesquisa interdisciplinar que hoje se realiza [&hellip;]<\/p>\n","protected":false},"author":13,"featured_media":0,"comment_status":"open","ping_status":"closed","sticky":false,"template":"","format":"standard","meta":{"inline_featured_image":false,"footnotes":""},"categories":[1],"tags":[],"anos":[],"projetos":[],"autorias":[],"eixos_tematicos":[],"locais":[],"pessoas":[],"estado":[],"academia":[],"sociedade_civil":[],"class_list":["post-6240","post","type-post","status-publish","format-standard","hentry","category-noticias"],"_links":{"self":[{"href":"https:\/\/forumjustica.com.br\/es\/wp-json\/wp\/v2\/posts\/6240","targetHints":{"allow":["GET"]}}],"collection":[{"href":"https:\/\/forumjustica.com.br\/es\/wp-json\/wp\/v2\/posts"}],"about":[{"href":"https:\/\/forumjustica.com.br\/es\/wp-json\/wp\/v2\/types\/post"}],"author":[{"embeddable":true,"href":"https:\/\/forumjustica.com.br\/es\/wp-json\/wp\/v2\/users\/13"}],"replies":[{"embeddable":true,"href":"https:\/\/forumjustica.com.br\/es\/wp-json\/wp\/v2\/comments?post=6240"}],"version-history":[{"count":1,"href":"https:\/\/forumjustica.com.br\/es\/wp-json\/wp\/v2\/posts\/6240\/revisions"}],"predecessor-version":[{"id":17626,"href":"https:\/\/forumjustica.com.br\/es\/wp-json\/wp\/v2\/posts\/6240\/revisions\/17626"}],"wp:attachment":[{"href":"https:\/\/forumjustica.com.br\/es\/wp-json\/wp\/v2\/media?parent=6240"}],"wp:term":[{"taxonomy":"category","embeddable":true,"href":"https:\/\/forumjustica.com.br\/es\/wp-json\/wp\/v2\/categories?post=6240"},{"taxonomy":"post_tag","embeddable":true,"href":"https:\/\/forumjustica.com.br\/es\/wp-json\/wp\/v2\/tags?post=6240"},{"taxonomy":"anos","embeddable":true,"href":"https:\/\/forumjustica.com.br\/es\/wp-json\/wp\/v2\/anos?post=6240"},{"taxonomy":"projetos","embeddable":true,"href":"https:\/\/forumjustica.com.br\/es\/wp-json\/wp\/v2\/projetos?post=6240"},{"taxonomy":"autorias","embeddable":true,"href":"https:\/\/forumjustica.com.br\/es\/wp-json\/wp\/v2\/autorias?post=6240"},{"taxonomy":"eixos_tematicos","embeddable":true,"href":"https:\/\/forumjustica.com.br\/es\/wp-json\/wp\/v2\/eixos_tematicos?post=6240"},{"taxonomy":"locais","embeddable":true,"href":"https:\/\/forumjustica.com.br\/es\/wp-json\/wp\/v2\/locais?post=6240"},{"taxonomy":"pessoas","embeddable":true,"href":"https:\/\/forumjustica.com.br\/es\/wp-json\/wp\/v2\/pessoas?post=6240"},{"taxonomy":"estado","embeddable":true,"href":"https:\/\/forumjustica.com.br\/es\/wp-json\/wp\/v2\/estado?post=6240"},{"taxonomy":"academia","embeddable":true,"href":"https:\/\/forumjustica.com.br\/es\/wp-json\/wp\/v2\/academia?post=6240"},{"taxonomy":"sociedade_civil","embeddable":true,"href":"https:\/\/forumjustica.com.br\/es\/wp-json\/wp\/v2\/sociedade_civil?post=6240"}],"curies":[{"name":"wp","href":"https:\/\/api.w.org\/{rel}","templated":true}]}}