{"id":6248,"date":"2013-06-11T19:08:05","date_gmt":"2013-06-11T21:08:05","guid":{"rendered":"https:\/\/forumjustica.vlannetwork.com\/?p=6248"},"modified":"2022-09-04T21:16:16","modified_gmt":"2022-09-05T00:16:16","slug":"mocao-de-repudio-ao-estatuto-do-nascituro","status":"publish","type":"post","link":"https:\/\/forumjustica.com.br\/es\/mocao-de-repudio-ao-estatuto-do-nascituro\/","title":{"rendered":"Mo\u00e7\u00e3o de rep\u00fadio ao Estatuto do Nascituro"},"content":{"rendered":"<p><a href=\"https:\/\/forumjustica.com.br\/wp-content\/uploads\/2013\/06\/nem-papas-nem-juizes.jpg\"><img loading=\"lazy\" decoding=\"async\" src=\"https:\/\/forumjustica.com.br\/wp-content\/uploads\/2013\/06\/nem-papas-nem-juizes.jpg\" alt=\"\" title=\"nem-papas-nem-juizes\" width=\"400\" height=\"266\" class=\"aligncenter size-full wp-image-6249\" \/><\/a><\/p>\n<p>A Marcha Mundial das Mulheres repudia com indigna\u00e7\u00e3o o Projeto de Lei (PL 489\/2007) de autoria dos Ex Deputados Luiz Bassuma (PV-BA) e Miguel Martini (PHS-MG), que prop\u00f5e instituir o Estatuto do Nascituro. Este projeto foi aprovado na comiss\u00e3o de finan\u00e7as no dia 05\/06 atrav\u00e9s do substitutivo da deputada Solange Almeida do PMDB do RJ.<\/p>\n<p>O PL passa a considerar sujeito pleno de direito o \u00f3vulo fecundado, ou seja, o organismo concebido e n\u00e3o nascido passa a ter mais direitos do que a mulher.<\/p>\n<p>Tal projeto pretende ainda legalizar a viol\u00eancia sexual que as mulheres sofrem, principalmente o estupro, tornando inadmiss\u00edvel o aborto consequente desta viola\u00e7\u00e3o e instituindo o pagamento de aux\u00edlio para sustenta\u00e7\u00e3o do nascido at\u00e9 os 18 anos. O projeto institui a chamada \u201cBolsa Estupro\u201d, como \u00e9 conhecida pelos movimentos de mulheres, refor\u00e7ando que a puni\u00e7\u00e3o recair\u00e1 sobre a pr\u00f3pria mulher violentada. A bolsa dever\u00e1 ser paga pelo agressor e, caso n\u00e3o o fa\u00e7a, o \u00f4nus recair\u00e1 sobre o Estado.<\/p>\n<p>O estupro \u00e9 um crime hediondo. Atrav\u00e9s deste projeto, o estuprador passa a ser chamado de genitor, e a v\u00edtima \u00e9 obrigada a se relacionar com o criminoso, j\u00e1 que ele dever\u00e1 assumir a paternidade. Tamb\u00e9m v\u00e3o perder o direito ao aborto legal as mulheres com risco de vida e as gr\u00e1vidas de fetos anenc\u00e9falos, uma recente conquista do movimento de feminista atrav\u00e9s do Supremo Tribunal de Justi\u00e7a.<\/p>\n<p>Afora a hipocrisia, o abrandamento e a naturaliza\u00e7\u00e3o do crime do estupro, e a viola\u00e7\u00e3o de v\u00e1rios direitos das mulheres, se destaca a pretens\u00e3o do legislador em querer determinar quando come\u00e7a a vida, quest\u00e3o que nem a ci\u00eancia ousou fazer. Ao analisar os dispositivos desta proposta, cai por terra o discurso de \u201cprote\u00e7\u00e3o da vida\u201d, pois n\u00e3o se v\u00ea nada al\u00e9m do que j\u00e1 tratam as legisla\u00e7\u00f5es vigentes sobre direitos de personalidade, direito de sa\u00fade e direitos patrimoniais dos rec\u00e9m nascidos.<\/p>\n<p>Caso aprovado este projeto, fica proibida ainda qualquer manifesta\u00e7\u00e3o que trate do assunto aborto, cerceando o direito do debate, quesito fundamental para a democracia.<\/p>\n<p>Assim, entendemos que a proposta do \u201cEstatuto do nascituro\u201d deve ser recha\u00e7ada, pois ela significa mais um dos ataques dos conservadores, machistas e opressores que:<br \/>\n&#8211; Condena as mulheres \u00e0 submiss\u00e3o, mantendo-as expostas \u00e0 viol\u00eancia;<br \/>\n&#8211; Reflete a omiss\u00e3o do legislativo diante do aborto como elemento de preserva\u00e7\u00e3o da vida das mulheres e de garantia da autonomia;<br \/>\n&#8211; Golpeia a democracia, a igualdade e a justi\u00e7a, atingindo bens e valores constru\u00eddos historicamente.<\/p>\n<p>O avan\u00e7o rumo \u00e0 aprova\u00e7\u00e3o do chamado \u201cEstatuto do Nascituro\u201d deve ser visto como amea\u00e7a aos direitos das mulheres. Nele, est\u00e3o reunidas as pautas mais retrogradas e de submiss\u00e3o, ostentadas pelo patriarcado e pelas institui\u00e7\u00f5es que o perpetuam ao longo dos s\u00e9culos: o controle sobre o corpo das mulheres, a institucionaliza\u00e7\u00e3o da viol\u00eancia sexual e o dom\u00ednio sobre o destino e a vida das mulheres.<\/p>\n<p><img loading=\"lazy\" decoding=\"async\" alt=\"\" src=\"http:\/\/marchamulheres.files.wordpress.com\/2013\/06\/acao2010legalize.jpg?w=276&#038;h=369\" class=\"alignnone\" width=\"276\" height=\"368\" \/><br \/>\nA\u00e7\u00e3o 2010 da Marcha. Foto: Marcela Mattos.<\/p>\n<p>A pr\u00f3xima vota\u00e7\u00e3o ser\u00e1 da Comiss\u00e3o de Constitui\u00e7\u00e3o, Justi\u00e7a e Cidadania.<\/p>\n<p><strong>Precisamos enviar e-mails para os deputados(as) membros desta comiss\u00e3o, pedindo que se posicionem contr\u00e1rios ao Estatuto do Nascituro e que impe\u00e7am sua aprova\u00e7\u00e3o nesta Comiss\u00e3o.<br \/>\nEnviamos abaixo nome e endere\u00e7os eletr\u00f4nicos dos deputados(as). \u00c9 importante que cheguem mensagem de todos os estados para estes deputados, e \u00e9 preciso tamb\u00e9m pressionar os deputados em cada estado.<br \/>\n<\/strong><br \/>\nComiss\u00e3o de Constitui\u00e7\u00e3o e Justi\u00e7a e de Cidadania \u2013 CCJC<\/p>\n<p>Presidente: D\u00e9cio Lima (PT\/SC)  dep.deciolima@camara.leg.br<br \/>\n1\u00ba Vice-Presidente: Mauro Benevides (PMDB\/CE)  dep.maurobenevides@camara.leg.br<br \/>\n2\u00ba Vice-Presidente: Luiz Carlos (PSDB\/AP)  dep.maurobenevides@camara.leg.br<br \/>\n3\u00ba Vice-Presidente: Carlos Bezerra (PMDB\/MT)  dep.carlosbezerra@camara.leg.br<br \/>\nTITULARES<br \/>\nAlessandro Molon PT\/RJ (Gab. 652-IV)   dep.alessandromolon@camara.leg.br<br \/>\nC\u00e2ndido Vaccarezza PT\/SP (Gab. 958-IV)   dep.candidovaccarezza@camara.leg.br<br \/>\nD\u00e9cio Lima PT\/SC (Gab. 218-IV)   dep.deciolima@camara.leg.br<br \/>\nIriny Lopes PT\/ES (Gab. 469-III)  dep.irinylopes@camara.leg.br<br \/>\nJo\u00e3o Paulo Cunha PT\/SP (Gab. 2-II)  dep.joaopaulocunha@camara.leg.br<br \/>\nJo\u00e3o Paulo Lima PT\/PE (Gab. 360-IV)  dep.joaopaulolima@camara.leg.br<br \/>\nJos\u00e9 Geno\u00edno PT\/SP (Gab. 15-II)  dep.josegenoino@camara.leg.br<br \/>\nJos\u00e9 Mentor PT\/SP (Gab. 502-IV)  dep.josementor@camara.leg.br<br \/>\nLuiz Couto PT\/PB (Gab. 442-IV)   dep.luizcouto@camara.leg.br<br \/>\nOdair Cunha PT\/MG (Gab. 556-IV)  dep.odaircunha@camara.leg.br<br \/>\nRicardo Berzoini PT\/SP (Gab. 344-IV)  dep.ricardoberzoini@camara.leg.br<br \/>\nTaumaturgo Lima PT\/AC (Gab. 945-IV)  dep.taumaturgolima@camara.leg.br<br \/>\nVicente Candido PT\/SP (Gab. 819-IV)   dep.vicentecandido@camara.leg.br<br \/>\nAlceu Moreira PMDB\/RS (Gab. 445-IV)  dep.alceumoreira@camara.leg.br<br \/>\nArthur Oliveira Maia PMDB\/BA (Gab. 537-IV)  dep.arthuroliveiramaia@camara.leg.br<br \/>\nBenjamin Maranh\u00e3o PMDB\/PB (Gab. 458-IV) &#8211;  dep.benjaminmaranhao@camara.leg.br<br \/>\nCarlos Bezerra PMDB\/MT (Gab. 815-IV)  dep.carlosbezerra@camara.leg.br<br \/>\nDanilo Forte PMDB\/CE (Gab. 384-III)  dep.daniloforte@camara.leg.br<br \/>\nEduardo Cunha PMDB\/RJ (Gab. 510-IV)  dep.eduardocunha@camara.leg.br<br \/>\nRenato Andrade PP\/MG (Gab. 431-IV)  dep.renatoandrade@camara.leg.br<br \/>\nVilson Covatti PP\/RS (Gab. 228-IV)  dep.vilsoncovatti@camara.leg.br<br \/>\nJorginho Mello PR\/SC (Gab. 329-IV)  dep.jorginhomello@camara.leg.br<br \/>\nRonaldo Fonseca PR\/DF (Gab. 382-III)  dep.ronaldofonseca@camara.leg.br<br \/>\nVicente Arruda PR\/CE (Gab. 603-IV)  dep.vicentearruda@camara.leg.br<br \/>\nBeto Albuquerque PSB\/RS (Gab. 338-IV)  dep.betoalbuquerque@camara.leg.br<br \/>\nEdson Silva PSB\/CE (Gab. 921-IV)  dep.edsonsilva@camara.leg.br<br \/>\nM\u00e1rcio Fran\u00e7a PSB\/SP (Gab. 543-IV)  dep.marciofranca@camara.leg.br<br \/>\nSandra Rosado PSB\/RN (Gab. 650-IV)  dep.sandrarosado@camara.leg.br<br \/>\nValtenir Pereira PSB\/MT (Gab. 913-IV)  dep.valtenirpereira@camara.leg.br<br \/>\nFelipe Maia DEM\/RN (Gab. 528-IV)  dep.felipemaia@camara.leg.br<br \/>\nLuiz de Deus DEM\/BA (Gab. 939-IV)  dep.luizdedeus@camara.leg.br<br \/>\nMendon\u00e7a Prado DEM\/SE (Gab. 508-IV)  dep.mendoncaprado@camara.leg.br<br \/>\nMarcos Medrado PDT\/BA (Gab. 834-IV)  dep.marcosmedrado@camara.leg.br<br \/>\nMarcos Rog\u00e9rio PDT\/RO (Gab. 583-III)  dep.marcosrogerio@camara.leg.br<br \/>\nVieira da Cunha PDT\/RS (Gab. 711-IV)  dep.vieiradacunha@camara.leg.br<br \/>\nArnaldo Faria de S\u00e1 PTB\/SP (Gab. 929-IV)  dep.arnaldofariadesa@camara.leg.br<br \/>\nFabio Trad PMDB\/MS (Gab. 452-IV)   dep.fabiotrad@camara.leg.br<br \/>\nLeonardo Picciani PMDB\/RJ (Gab. 302-IV)  dep.leonardopicciani@camara.leg.br<br \/>\nLuiz Pitiman PMDB\/DF (Gab. 931-IV)  dep.luizpitiman@camara.leg.br<br \/>\nMarcelo Almeida PMDB\/PR (Gab. 820-IV)  dep.marceloalmeida@camara.leg.br<br \/>\nMauro Benevides PMDB\/CE (Gab. 607-IV)  dep.maurobenevides@camara.leg.br<br \/>\nOsmar Serraglio PMDB\/PR (Gab. 845-IV)  dep.osmarserraglio@camara.leg.br<br \/>\nBonif\u00e1cio de Andrada PSDB\/MG (Gab. 208-IV)  dep.bonifaciodeandrada@camara.leg.br<br \/>\nCesar Colnago PSDB\/ES (Gab. 602-IV)  dep.cesarcolnago@camara.leg.br<br \/>\nJo\u00e3o Campos PSDB\/GO (Gab. 315-IV)  dep.joaocampos@camara.leg.br<br \/>\nJutahy Junior PSDB\/BA (Gab. 407-IV)  dep.jutahyjunior@camara.leg.br<br \/>\nLuiz Carlos PSDB\/AP (Gab. 750-IV)  dep.luizcarlos@camara.leg.br<br \/>\nWilliam Dib PSDB\/SP (Gab. 304-IV)  dep.williamdib@camara.leg.br<br \/>\nEduardo Sciarra PSD\/PR (Gab. 433-IV)  dep.eduardosciarra@camara.leg.br<br \/>\nHeuler Cruvinel PSD\/GO (Gab. 275-III)  dep.heulercruvinel@camara.leg.br<br \/>\nOnofre Santo Agostini PSD\/SC (Gab. 404-IV)  dep.onofresantoagostini@camara.leg.br<br \/>\nPaulo Magalh\u00e3es PSD\/BA (Gab. 903-IV)  dep.paulomagalhaes@camara.leg.br<br \/>\nSergio Zveiter PSD\/RJ (Gab. 437-IV)  dep.sergiozveiter@camara.leg.br<br \/>\nEsperidi\u00e3o Amin PP\/SC (Gab. 252-IV)  dep.esperidiaoamin@camara.leg.br<br \/>\nPaulo Maluf PP\/SP (Gab. 512-IV)  dep.paulomaluf@camara.leg.br<br \/>\nF\u00e9lix Mendon\u00e7a J\u00fanior PDT\/BA (Gab. 912-IV)  dep.felixmendoncajunior@camara.leg.br<br \/>\nPaes Landim PTB\/PI (Gab. 648-IV)  dep.paeslandim@camara.leg.br<br \/>\nF\u00e1bio Ramalho PV\/MG (Gab. 374-III)  dep.fabioramalho@camara.leg.br<br \/>\nRoberto Freire PPS\/SP (Gab. 606-IV)  dep.robertofreire@camara.leg.br<br \/>\nAndre Moura PSC\/SE (Gab. 846-IV)  dep.andremoura@camara.leg.br<br \/>\nLeonardo Gadelha PSC\/PB (Gab. 735-IV)  dep.leonardogadelha@camara.leg.br<br \/>\n Delegado Prot\u00f3genes PCdoB\/SP (Gab. 745-IV)  dep.delegadoprotogenes@camara.leg.br<br \/>\nAntonio Bulh\u00f5es PRB\/SP (Gab. 327-IV)  dep.antoniobulhoes@camara.leg.br<br \/>\nLourival Mendes PTdoB\/MA (Gab. 937-IV)  dep.lourivalmendes@camara.leg.br<br \/>\nDr. Grilo PSL\/MG (Gab. 645-IV)  dep.dr.grilo@camara.leg.br<br \/>\nLegalizar o aborto! Direito ao nosso corpo!<br \/>\n Marcharemos at\u00e9 que todas sejamos inteiramente LIVRES!<\/p>\n<p>MARCHA MUNDIAL DAS MULHERES<\/p>\n<p><a href=\"fonte: http:\/\/marchamulheres.wordpress.com\/2013\/06\/06\/mocao-de-repudio-ao-estatuto-do-nascituro-2\/\">fonte: http:\/\/marchamulheres.wordpress.com\/2013\/06\/06\/mocao-de-repudio-ao-estatuto-do-nascituro-2\/<br \/>\n<\/a><\/p>\n<p><\/p>","protected":false},"excerpt":{"rendered":"<p>A Marcha Mundial das Mulheres repudia com indigna\u00e7\u00e3o o Projeto de Lei (PL 489\/2007) de autoria dos Ex Deputados Luiz Bassuma (PV-BA) e Miguel Martini (PHS-MG), que prop\u00f5e instituir o Estatuto do Nascituro. Este projeto foi aprovado na comiss\u00e3o de finan\u00e7as no dia 05\/06 atrav\u00e9s do substitutivo da deputada Solange Almeida do PMDB do RJ. [&hellip;]<\/p>\n","protected":false},"author":13,"featured_media":0,"comment_status":"open","ping_status":"closed","sticky":false,"template":"","format":"standard","meta":{"inline_featured_image":false,"footnotes":""},"categories":[1],"tags":[],"anos":[],"projetos":[],"autorias":[],"eixos_tematicos":[],"locais":[],"pessoas":[],"estado":[],"academia":[],"sociedade_civil":[],"class_list":["post-6248","post","type-post","status-publish","format-standard","hentry","category-noticias"],"_links":{"self":[{"href":"https:\/\/forumjustica.com.br\/es\/wp-json\/wp\/v2\/posts\/6248","targetHints":{"allow":["GET"]}}],"collection":[{"href":"https:\/\/forumjustica.com.br\/es\/wp-json\/wp\/v2\/posts"}],"about":[{"href":"https:\/\/forumjustica.com.br\/es\/wp-json\/wp\/v2\/types\/post"}],"author":[{"embeddable":true,"href":"https:\/\/forumjustica.com.br\/es\/wp-json\/wp\/v2\/users\/13"}],"replies":[{"embeddable":true,"href":"https:\/\/forumjustica.com.br\/es\/wp-json\/wp\/v2\/comments?post=6248"}],"version-history":[{"count":1,"href":"https:\/\/forumjustica.com.br\/es\/wp-json\/wp\/v2\/posts\/6248\/revisions"}],"predecessor-version":[{"id":17623,"href":"https:\/\/forumjustica.com.br\/es\/wp-json\/wp\/v2\/posts\/6248\/revisions\/17623"}],"wp:attachment":[{"href":"https:\/\/forumjustica.com.br\/es\/wp-json\/wp\/v2\/media?parent=6248"}],"wp:term":[{"taxonomy":"category","embeddable":true,"href":"https:\/\/forumjustica.com.br\/es\/wp-json\/wp\/v2\/categories?post=6248"},{"taxonomy":"post_tag","embeddable":true,"href":"https:\/\/forumjustica.com.br\/es\/wp-json\/wp\/v2\/tags?post=6248"},{"taxonomy":"anos","embeddable":true,"href":"https:\/\/forumjustica.com.br\/es\/wp-json\/wp\/v2\/anos?post=6248"},{"taxonomy":"projetos","embeddable":true,"href":"https:\/\/forumjustica.com.br\/es\/wp-json\/wp\/v2\/projetos?post=6248"},{"taxonomy":"autorias","embeddable":true,"href":"https:\/\/forumjustica.com.br\/es\/wp-json\/wp\/v2\/autorias?post=6248"},{"taxonomy":"eixos_tematicos","embeddable":true,"href":"https:\/\/forumjustica.com.br\/es\/wp-json\/wp\/v2\/eixos_tematicos?post=6248"},{"taxonomy":"locais","embeddable":true,"href":"https:\/\/forumjustica.com.br\/es\/wp-json\/wp\/v2\/locais?post=6248"},{"taxonomy":"pessoas","embeddable":true,"href":"https:\/\/forumjustica.com.br\/es\/wp-json\/wp\/v2\/pessoas?post=6248"},{"taxonomy":"estado","embeddable":true,"href":"https:\/\/forumjustica.com.br\/es\/wp-json\/wp\/v2\/estado?post=6248"},{"taxonomy":"academia","embeddable":true,"href":"https:\/\/forumjustica.com.br\/es\/wp-json\/wp\/v2\/academia?post=6248"},{"taxonomy":"sociedade_civil","embeddable":true,"href":"https:\/\/forumjustica.com.br\/es\/wp-json\/wp\/v2\/sociedade_civil?post=6248"}],"curies":[{"name":"wp","href":"https:\/\/api.w.org\/{rel}","templated":true}]}}