{"id":6345,"date":"2013-06-24T09:00:11","date_gmt":"2013-06-24T11:00:11","guid":{"rendered":"https:\/\/forumjustica.vlannetwork.com\/?p=6345"},"modified":"2022-09-04T21:16:16","modified_gmt":"2022-09-05T00:16:16","slug":"secretario-zaqueu-teixeira-sugere-construcao-de-abrigo-para-refugiados","status":"publish","type":"post","link":"https:\/\/forumjustica.com.br\/es\/secretario-zaqueu-teixeira-sugere-construcao-de-abrigo-para-refugiados\/","title":{"rendered":"SECRET\u00c1RIO ZAQUEU TEIXEIRA SUGERE CONSTRU\u00c7\u00c3O DE ABRIGO PARA REFUGIADOS"},"content":{"rendered":"<p>19\/06\/2013 &#8211; 17:11h &#8211; Atualizado em 19\/06\/2013 &#8211; 17:19h<\/p>\n<p>Renata Sequeira<\/p>\n<p>Declara\u00e7\u00e3o foi feita no semin\u00e1rio \u00abCriando Novos Caminhos: Articula\u00e7\u00e3o da Rede de Prote\u00e7\u00e3o aos Refugiados e suas Fam\u00edlias\u00bb<\/p>\n<p>Charly Nzalambila chegou ao Brasil a cinco anos atr\u00e1s fugindo da repress\u00e3o pol\u00edtica no Congo, seu pa\u00eds de origem, que se tornava cada vez mais violenta. Ele \u00e9 um dos quatro mil refugiados, reconhecidos pelo governo brasileiro, que encontraram abrigo e uma chance de recome\u00e7o no Brasil. Charly contou um pouco de sua hist\u00f3ria no semin\u00e1rio \u201cCriando Novos Caminhos: Articula\u00e7\u00e3o da Rede de Prote\u00e7\u00e3o aos Refugiados e suas Fam\u00edlias\u201d, que aconteceu nesta quarta-feira (19\/06), na OAB. Na ocasi\u00e3o, o secret\u00e1rio de Estado de Assist\u00eancia Social e Direitos Humanos, Zaqueu Teixeira, adiantou que vai propor uma conversa com o Minist\u00e9rio da Justi\u00e7a para a constru\u00e7\u00e3o de um abrigo espec\u00edfico para o acolhimento dos refugiados.<\/p>\n<p>\u201cAtualmente, os refugiados s\u00e3o encaminhados para os abrigos pr\u00f3prios da secretaria e s\u00e3o acompanhados pela rede da assist\u00eancia social, mas reconhe\u00e7o que eles precisam de um espa\u00e7o com caracter\u00edsticas diferentes. Por isso, vamos propor uma conversa com o Minist\u00e9rio da Justi\u00e7a, o Minist\u00e9rio P\u00fablico e outros \u00f3rg\u00e3os para discutir essa possibilidade\u201d, destacou o secret\u00e1rio que prop\u00f4s tamb\u00e9m a inclus\u00e3o dos refugiados no Cadastro \u00danico:<\/p>\n<p>\u201cOutra sugest\u00e3o \u00e9, por meio do Comit\u00ea Estadual Intersetorial de Pol\u00edticas de Aten\u00e7\u00e3o aos Refugiados, conversar com o Minist\u00e9rio do Desenvolvimento Social sobre a possibilidade de inclu\u00edr essas pessoas no Cadastro \u00danico e, assim, ampliar a oferta de servi\u00e7os sociais como o Bolsa Fam\u00edlia e o Renda Melhor\u201d.<\/p>\n<p>O evento foi organizado pelo Alto Comissariado das Na\u00e7\u00f5es Unidas para Refugiados (ACNUR), juntamente com a C\u00e1ritas Arquidiocesana do Rio de Janeiro (CARJ), que s\u00e3o importantes parceiros da secretaria na elabora\u00e7\u00e3o do Plano Estadual de Pol\u00edticas de Aten\u00e7\u00e3o aos Refugiados. O documento est\u00e1 em fase de finaliza\u00e7\u00e3o e o pr\u00f3ximo passo \u00e9 a publica\u00e7\u00e3o, por meio de decreto, no Di\u00e1rio Oficial.<\/p>\n<p>\u201cEsse instrumento \u00e9 mais um compromisso do Governo do Estado com os Direitos Humanos e com um estado acolhedor\u201d, conclui o secret\u00e1rio.<\/p>\n<p>O semin\u00e1rio marcou o Dia Mundial do Refugiado, 20 de junho, conforme resolu\u00e7\u00e3o da Assembleia Geral da Na\u00e7\u00f5es Unidas em 2010. Na ocasi\u00e3o, o ACNUR lan\u00e7ou o relat\u00f3rio \u201cTend\u00eancias Globais do Refgio 2012 com dados sobre o perfil do refgio no Brasil e no mundo.<\/p>\n<p>\u201cHoje n\u00e3o \u00e9 um dia de celebra\u00e7\u00e3o, de uma festa de alegria, porque a quest\u00e3o dos refugiados \u00e9 de drama, \u00e9 de uma trag\u00e9dia humana de dimens\u00f5es muito grandes. Mas \u00e9 um dia de lembrar a solidariedade constru\u00edda todos os dias pelos refugiados e que perderam tudo, muito antes, de vir para o Brasil\u201d, disse Andr\u00e9s Ramirez, representante da ACNUR no Brasil.<\/p>\n<p>Do total de quatro mil refugiados, o Estado do Rio de Janeiro concentra mais da metade dos refugiados, com aproximadamente 2500 pessoas. Charly, atualmente, ajuda conterr\u00e2neos e refugiados de outros pa\u00edses da \u00c1frica.<\/p>\n<p>\u00abFico triste em saber que essas pessoas que eu ajudo passaram por muitas coisas, mas, ao mesmo tempo, feliz em poder ajud\u00e1-las. A principal dificuldade de quem procura ref\u00fagio no Brasil \u00e9 a l\u00edngua e, consequentemente, a busca por emprego, mas \u00e9 um lugar maravilhoso. Encontramos pessoas de v\u00e1rias partes do mundo e isso facilita a nossa integra\u00e7\u00e3o\u201d, explica Charly.<\/p>\n<p><a href=\"http:\/\/www.rj.gov.br\/web\/seasdh\/exibeconteudo?article-id=1636227\">http:\/\/www.rj.gov.br\/web\/seasdh\/exibeconteudo?article-id=1636227<\/a><\/p>\n","protected":false},"excerpt":{"rendered":"<p>19\/06\/2013 &#8211; 17:11h &#8211; Atualizado em 19\/06\/2013 &#8211; 17:19h Renata Sequeira Declara\u00e7\u00e3o foi feita no semin\u00e1rio \u00abCriando Novos Caminhos: Articula\u00e7\u00e3o da Rede de Prote\u00e7\u00e3o aos Refugiados e suas Fam\u00edlias\u00bb Charly Nzalambila chegou ao Brasil a cinco anos atr\u00e1s fugindo da repress\u00e3o pol\u00edtica no Congo, seu pa\u00eds de origem, que se tornava cada vez mais violenta. [&hellip;]<\/p>\n","protected":false},"author":13,"featured_media":0,"comment_status":"open","ping_status":"closed","sticky":false,"template":"","format":"standard","meta":{"inline_featured_image":false,"footnotes":""},"categories":[1],"tags":[],"anos":[],"projetos":[],"autorias":[],"eixos_tematicos":[],"locais":[],"pessoas":[],"estado":[],"academia":[],"sociedade_civil":[],"class_list":["post-6345","post","type-post","status-publish","format-standard","hentry","category-noticias"],"_links":{"self":[{"href":"https:\/\/forumjustica.com.br\/es\/wp-json\/wp\/v2\/posts\/6345","targetHints":{"allow":["GET"]}}],"collection":[{"href":"https:\/\/forumjustica.com.br\/es\/wp-json\/wp\/v2\/posts"}],"about":[{"href":"https:\/\/forumjustica.com.br\/es\/wp-json\/wp\/v2\/types\/post"}],"author":[{"embeddable":true,"href":"https:\/\/forumjustica.com.br\/es\/wp-json\/wp\/v2\/users\/13"}],"replies":[{"embeddable":true,"href":"https:\/\/forumjustica.com.br\/es\/wp-json\/wp\/v2\/comments?post=6345"}],"version-history":[{"count":1,"href":"https:\/\/forumjustica.com.br\/es\/wp-json\/wp\/v2\/posts\/6345\/revisions"}],"predecessor-version":[{"id":17606,"href":"https:\/\/forumjustica.com.br\/es\/wp-json\/wp\/v2\/posts\/6345\/revisions\/17606"}],"wp:attachment":[{"href":"https:\/\/forumjustica.com.br\/es\/wp-json\/wp\/v2\/media?parent=6345"}],"wp:term":[{"taxonomy":"category","embeddable":true,"href":"https:\/\/forumjustica.com.br\/es\/wp-json\/wp\/v2\/categories?post=6345"},{"taxonomy":"post_tag","embeddable":true,"href":"https:\/\/forumjustica.com.br\/es\/wp-json\/wp\/v2\/tags?post=6345"},{"taxonomy":"anos","embeddable":true,"href":"https:\/\/forumjustica.com.br\/es\/wp-json\/wp\/v2\/anos?post=6345"},{"taxonomy":"projetos","embeddable":true,"href":"https:\/\/forumjustica.com.br\/es\/wp-json\/wp\/v2\/projetos?post=6345"},{"taxonomy":"autorias","embeddable":true,"href":"https:\/\/forumjustica.com.br\/es\/wp-json\/wp\/v2\/autorias?post=6345"},{"taxonomy":"eixos_tematicos","embeddable":true,"href":"https:\/\/forumjustica.com.br\/es\/wp-json\/wp\/v2\/eixos_tematicos?post=6345"},{"taxonomy":"locais","embeddable":true,"href":"https:\/\/forumjustica.com.br\/es\/wp-json\/wp\/v2\/locais?post=6345"},{"taxonomy":"pessoas","embeddable":true,"href":"https:\/\/forumjustica.com.br\/es\/wp-json\/wp\/v2\/pessoas?post=6345"},{"taxonomy":"estado","embeddable":true,"href":"https:\/\/forumjustica.com.br\/es\/wp-json\/wp\/v2\/estado?post=6345"},{"taxonomy":"academia","embeddable":true,"href":"https:\/\/forumjustica.com.br\/es\/wp-json\/wp\/v2\/academia?post=6345"},{"taxonomy":"sociedade_civil","embeddable":true,"href":"https:\/\/forumjustica.com.br\/es\/wp-json\/wp\/v2\/sociedade_civil?post=6345"}],"curies":[{"name":"wp","href":"https:\/\/api.w.org\/{rel}","templated":true}]}}