{"id":6398,"date":"2013-06-27T09:00:19","date_gmt":"2013-06-27T11:00:19","guid":{"rendered":"https:\/\/forumjustica.vlannetwork.com\/?p=6398"},"modified":"2022-09-04T21:16:15","modified_gmt":"2022-09-05T00:16:15","slug":"seminario-latino-americano-de-direitos-humanos-de-28-a-31-de-agosto-na-unifor","status":"publish","type":"post","link":"https:\/\/forumjustica.com.br\/es\/seminario-latino-americano-de-direitos-humanos-de-28-a-31-de-agosto-na-unifor\/","title":{"rendered":"SEMIN\u00c1RIO LATINO-AMERICANO DE DIREITOS HUMANOS: DE 28 A 31 DE AGOSTO, NA UNIFOR"},"content":{"rendered":"<p><a href=\"https:\/\/forumjustica.com.br\/wp-content\/uploads\/2013\/06\/xbanner-interno-seminario-direitos-humanos.jpg.pagespeed.ic_.YW8VoqqPpU.jpg\"><img loading=\"lazy\" decoding=\"async\" src=\"https:\/\/forumjustica.com.br\/wp-content\/uploads\/2013\/06\/xbanner-interno-seminario-direitos-humanos.jpg.pagespeed.ic_.YW8VoqqPpU-300x114-1.jpg\" alt=\"\" title=\"xbanner-interno-seminario-direitos-humanos.jpg.pagespeed.ic.YW8VoqqPpU\" width=\"300\" height=\"114\" class=\"aligncenter size-medium wp-image-6399\" \/><\/a><br \/>\nATEN\u00c7\u00c3O: Data limite para envio de resumos e propostas de oficinas | 12 de julho de 2013<\/p>\n<p>SEMIN\u00c1RIO LATINO-AMERICANO DE DIREITOS HUMANOS: DE 28 A 31 DE AGOSTO, NA UNIFOR<\/p>\n<p>A Universidade de Fortaleza (Unifor) ser\u00e1 a institui\u00e7\u00e3o sede da quarta edi\u00e7\u00e3o do Semin\u00e1rio Latino-Americano de Direitos Humanos. De 28 a 31 de agosto, no campus da Unifor, estar\u00e3o reunidos representantes de todas as universidades que integram o Cons\u00f3rcio Latino-Americano de Direitos Humanos, assim como de outras institui\u00e7\u00f5es nacionais e internacionais.<\/p>\n<p>A tem\u00e1tica escolhida para a edi\u00e7\u00e3o 2013 do semin\u00e1rio \u00e9 \u201cEfic\u00e1cia nacional e internacional dos Direitos Humanos\u201d. O tema deriva do reconhecimento dos integrantes do Cons\u00f3rcio, enquanto cientistas conscientes do seu papel social, da urgente necessidade de conferir efic\u00e1cia social aos Direitos Humanos.<\/p>\n<p>O IV Semin\u00e1rio Latino-Americano de Direitos Humanos \u00e9 organizado pelo Programa de P\u00f3s-Gradua\u00e7\u00e3o em Direito da Unifor e pelo Cons\u00f3rcio Latino-Americano de P\u00f3s-Gradua\u00e7\u00e3o em Direitos Humanos. Os semin\u00e1rios do Cons\u00f3rcio constituem f\u00f3runs privilegiados para a interlocu\u00e7\u00e3o entre a academia, a sociedade civil organizada e as entidades do poder p\u00fablico, na busca pelo aprimoramento da prote\u00e7\u00e3o e promo\u00e7\u00e3o dos Direitos Humanos na Am\u00e9rica Latina.<\/p>\n<p>O Cons\u00f3rcio foi criado em dezembro de 2008, na cidade de Bel\u00e9m (PA). Hoje, \u00e9 composto por 16 universidades, de sete pa\u00edses latino-americanos, e objetiva fundamentalmente a articula\u00e7\u00e3o das experi\u00eancias de ensino e pesquisa em Direitos Humanos na Am\u00e9rica Latina.<\/p>\n<p>Desde sua cria\u00e7\u00e3o, o Cons\u00f3rcio j\u00e1 organizou quatro reuni\u00f5es de trabalho: PUC\/PERU (Lima, 2009), UNISINOS (Porto Alegre, 2010), UACH (Valdivia, 2011) e UFPA (Bel\u00e9m, 2012); al\u00e9m de tr\u00eas semin\u00e1rios internacionais: UFPA (Bel\u00e9m, 2010), UFPB (Jo\u00e3o Pessoa, 2011) e UNB (Bras\u00edlia, 2012).<\/p>\n<p>IV Semin\u00e1rio Latino-Americano de Direitos Humanos<br \/>\n28 a 31 de agosto de 2013<br \/>\nUniversidade de Fortaleza (Unifor), Fortaleza (CE) &#8211; Brasil<\/p>\n<p><strong>PROGRAMA\u00c7\u00c3O<\/strong><\/p>\n<p>28 de agosto, quarta-feira<br \/>\n9h | Reuni\u00e3o dos representantes das universidades do Cons\u00f3rcio<br \/>\n19h | Abertura<br \/>\nDra. F\u00e1tima M. Fernandes Veras, reitora da Unifor<br \/>\nDra. L\u00edlia Maia de Morais Sales, vice-reitora de Pesquisa e P\u00f3s-Gradua\u00e7\u00e3o da Unifor<br \/>\nDra. Gina Vidal Marc\u00edlio Pompeu, coordenadora do Programa de P\u00f3s-Gradua\u00e7\u00e3o em Direito da Unifor<br \/>\nMs. Sidney Guerra Reginaldo, diretor do Centro de Ci\u00eancias Jur\u00eddicas da Unifor<br \/>\nDr. Martonio Mont\u00b4Alverne B. Lima, coordenador da \u00e1rea do Direito da Capes<br \/>\nDr. Vladmir Oliveira da Silveira, Conselho Nacional de Pesquisa e P\u00f3s-Gradua\u00e7\u00e3o em Direito &#8211; CONPEDI<br \/>\nDr. Ant\u00f4nio Gomes M. Mau\u00e9s, representante do Cons\u00f3rcio Latino-Americano de P\u00f3s-Gradua\u00e7\u00e3o em Direitos Humanos<br \/>\nPalestra de abertura > Dr. L\u00eanio Streck (Unisinos)<\/p>\n<p>29 de agosto, quinta-feira<br \/>\n8h | Mesa Direitos Humanos: Entre o Relativismo e o Universalismo<br \/>\nHelena Esser dos Reis &#8211; UFG<br \/>\nFernanda Frizzo Bragato &#8211; Unisinos<br \/>\nElisabete Maniglia \u2013 Unesp<br \/>\nMarcus Paulo Rycembel Boeira &#8211; IICS<br \/>\n10h | Mesa O Processo de Reforma do Sistema Interamericano de Direitos Humanos<br \/>\nFelipe Paredes \u2013 UACH (Chile)<br \/>\nJudith Schonsteiner \u2013 UDP (Chile)<br \/>\nAntonio Gomes Mau\u00e9s \u2013 UFPA<br \/>\n14h | Grupos de trabalho e oficinas<br \/>\nGrupo de trabalho (sess\u00e3o 1) Diversidade \u00c9tnica e Direitos Humanos<br \/>\nGrupo de trabalho (sess\u00e3o 2) G\u00eanero e Direitos Humanos<br \/>\nGrupo de trabalho (sess\u00e3o 3) Prote\u00e7\u00e3o Interna e Internacional dos Direitos Humanos<br \/>\nGrupo de trabalho (sess\u00e3o 4) Filosofia e Direitos Humanos<br \/>\nGrupo de trabalho (sess\u00e3o 5) Direitos Econ\u00f4micos, Sociais e Culturais<br \/>\n19h | Mesa Efetividade dos Direitos Humanos Sociais<br \/>\nRenata Bregaglio &#8211; PUC\/Peru (Peru)<br \/>\nFernando Facury Scaff &#8211; UFPA<br \/>\nRicardo Fava \u2013 UNLA (Argentina)<br \/>\nMaria Luiza Alencar \u2013 UFPB<\/p>\n<p>30 de agosto, sexta-feira<br \/>\n8h | Mesa Ind\u00edgenas, Popula\u00e7\u00f5es Tradicionais e Meio Ambiente<br \/>\nJos\u00e9 Rubens Morato &#8211; UFSC<br \/>\nMiguel R\u00e1bago Dorbecker  &#8211; UIA (M\u00e9xico)<br \/>\nJuliana Ferraz da Rocha Santilli \u2013 MP\/DF<br \/>\n10h | Mesa Discrimina\u00e7\u00e3o de G\u00eanero e Explora\u00e7\u00e3o Sexual<br \/>\nEduardo Rabenhorst &#8211; UFPB<br \/>\nWaldimeyre Correa da Silva \u2013 UNIT<br \/>\nAna Maria D\u00b4\u00c1vila Lopes \u2013 UNIFOR<br \/>\nAlejandra Pascual &#8211; UNB<br \/>\n14h | Grupos de trabalhos e oficinas<br \/>\nGrupo de trabalho (sess\u00e3o 6) Diversidade \u00c9tnica e Direitos Humanos<br \/>\nGrupo de trabalho (sess\u00e3o 7) G\u00eanero e Direitos Humanos<br \/>\nGrupo de trabalho (sess\u00e3o 8) Prote\u00e7\u00e3o Interna e Internacional dos Direitos Humanos<br \/>\nGrupo de trabalho (sess\u00e3o 9) Filosofia e Direitos Humanos<br \/>\nGrupo de trabalho (sess\u00e3o 10) Direitos Econ\u00f4micos, Sociais e Culturais<br \/>\n18h | Mesa Direitos Humanos, Democracia e Justi\u00e7a Transicional<br \/>\nFilomeno de Moraes \u2013 Unifor (Pdte. da Mesa)<br \/>\nRubens Be\u00e7ak \u2013 USP<br \/>\nRog\u00e9rio Gesta Leal \u2013 UNISC<br \/>\nNestor Osuna \u2013 UEXTERNADO (Col\u00f4mbia)<br \/>\nFederico Di Bernardi \u2013 UNLP (Argentina)<br \/>\nPablo Perel \u2013 UBA (Argentina)<br \/>\nPalestra de encerramento > Martin Almada \u2013 UNA (Paraguai)<\/p>\n<p>31 de agosto, s\u00e1bado<br \/>\n8h | Reuni\u00e3o dos representantes das universidades do Cons\u00f3rcio<\/p>\n<p><a href=\"http:\/\/www.unifor.br\/index.php?option=com_content&#038;view=article&#038;id=4657&#038;Itemid=1660\">http:\/\/www.unifor.br\/index.php?option=com_content&#038;view=article&#038;id=4657&#038;Itemid=1660<\/a><\/p>","protected":false},"excerpt":{"rendered":"<p>ATEN\u00c7\u00c3O: Data limite para envio de resumos e propostas de oficinas | 12 de julho de 2013 SEMIN\u00c1RIO LATINO-AMERICANO DE DIREITOS HUMANOS: DE 28 A 31 DE AGOSTO, NA UNIFOR A Universidade de Fortaleza (Unifor) ser\u00e1 a institui\u00e7\u00e3o sede da quarta edi\u00e7\u00e3o do Semin\u00e1rio Latino-Americano de Direitos Humanos. De 28 a 31 de agosto, no [&hellip;]<\/p>\n","protected":false},"author":13,"featured_media":0,"comment_status":"open","ping_status":"closed","sticky":false,"template":"","format":"standard","meta":{"inline_featured_image":false,"footnotes":""},"categories":[1],"tags":[],"anos":[],"projetos":[],"autorias":[],"eixos_tematicos":[],"locais":[],"pessoas":[],"estado":[],"academia":[],"sociedade_civil":[],"class_list":["post-6398","post","type-post","status-publish","format-standard","hentry","category-noticias"],"_links":{"self":[{"href":"https:\/\/forumjustica.com.br\/es\/wp-json\/wp\/v2\/posts\/6398","targetHints":{"allow":["GET"]}}],"collection":[{"href":"https:\/\/forumjustica.com.br\/es\/wp-json\/wp\/v2\/posts"}],"about":[{"href":"https:\/\/forumjustica.com.br\/es\/wp-json\/wp\/v2\/types\/post"}],"author":[{"embeddable":true,"href":"https:\/\/forumjustica.com.br\/es\/wp-json\/wp\/v2\/users\/13"}],"replies":[{"embeddable":true,"href":"https:\/\/forumjustica.com.br\/es\/wp-json\/wp\/v2\/comments?post=6398"}],"version-history":[{"count":1,"href":"https:\/\/forumjustica.com.br\/es\/wp-json\/wp\/v2\/posts\/6398\/revisions"}],"predecessor-version":[{"id":17599,"href":"https:\/\/forumjustica.com.br\/es\/wp-json\/wp\/v2\/posts\/6398\/revisions\/17599"}],"wp:attachment":[{"href":"https:\/\/forumjustica.com.br\/es\/wp-json\/wp\/v2\/media?parent=6398"}],"wp:term":[{"taxonomy":"category","embeddable":true,"href":"https:\/\/forumjustica.com.br\/es\/wp-json\/wp\/v2\/categories?post=6398"},{"taxonomy":"post_tag","embeddable":true,"href":"https:\/\/forumjustica.com.br\/es\/wp-json\/wp\/v2\/tags?post=6398"},{"taxonomy":"anos","embeddable":true,"href":"https:\/\/forumjustica.com.br\/es\/wp-json\/wp\/v2\/anos?post=6398"},{"taxonomy":"projetos","embeddable":true,"href":"https:\/\/forumjustica.com.br\/es\/wp-json\/wp\/v2\/projetos?post=6398"},{"taxonomy":"autorias","embeddable":true,"href":"https:\/\/forumjustica.com.br\/es\/wp-json\/wp\/v2\/autorias?post=6398"},{"taxonomy":"eixos_tematicos","embeddable":true,"href":"https:\/\/forumjustica.com.br\/es\/wp-json\/wp\/v2\/eixos_tematicos?post=6398"},{"taxonomy":"locais","embeddable":true,"href":"https:\/\/forumjustica.com.br\/es\/wp-json\/wp\/v2\/locais?post=6398"},{"taxonomy":"pessoas","embeddable":true,"href":"https:\/\/forumjustica.com.br\/es\/wp-json\/wp\/v2\/pessoas?post=6398"},{"taxonomy":"estado","embeddable":true,"href":"https:\/\/forumjustica.com.br\/es\/wp-json\/wp\/v2\/estado?post=6398"},{"taxonomy":"academia","embeddable":true,"href":"https:\/\/forumjustica.com.br\/es\/wp-json\/wp\/v2\/academia?post=6398"},{"taxonomy":"sociedade_civil","embeddable":true,"href":"https:\/\/forumjustica.com.br\/es\/wp-json\/wp\/v2\/sociedade_civil?post=6398"}],"curies":[{"name":"wp","href":"https:\/\/api.w.org\/{rel}","templated":true}]}}