{"id":6407,"date":"2013-06-25T09:00:34","date_gmt":"2013-06-25T11:00:34","guid":{"rendered":"https:\/\/forumjustica.vlannetwork.com\/?p=6407"},"modified":"2022-09-04T21:16:16","modified_gmt":"2022-09-05T00:16:16","slug":"democratizacao-do-acesso-a-justica","status":"publish","type":"post","link":"https:\/\/forumjustica.com.br\/es\/democratizacao-do-acesso-a-justica\/","title":{"rendered":"Democratiza\u00e7\u00e3o do acesso \u00e0 justi\u00e7a"},"content":{"rendered":"<p><a href=\"https:\/\/forumjustica.com.br\/wp-content\/uploads\/2013\/06\/democ.jpg\"><img loading=\"lazy\" decoding=\"async\" src=\"https:\/\/forumjustica.com.br\/wp-content\/uploads\/2013\/06\/democ-300x199-1.jpg\" alt=\"\" title=\"democ\" width=\"300\" height=\"199\" class=\"aligncenter size-medium wp-image-6408\" \/><\/a><\/p>\n<p>O \u00faltimo painel do congresso versou sobre \u201ca democratiza\u00e7\u00e3o do acesso ao sistema de justi\u00e7a\u201d. Os palestrantes foram Adriana Britto, defensora p\u00fablica, fundadora do F\u00f3rum de Justi\u00e7a, e o ouvidor geral das Defensorias P\u00fablicas, Paulo Rog\u00e9rio Lemos Menezes e teve como Presidente de Mesa a defensora p\u00fablica do Par\u00e1 Dra. Luciana Albuquerque Lima.<\/p>\n<p>A primeira a palestrar foi Adriana, que falou como surgiu o F\u00f3rum Justi\u00e7a, a ideia, como funciona, dos mecanismos de participa\u00e7\u00e3o popular, entre outros.<\/p>\n<p>J\u00e1 Paulo lemos, falou sobre modelos de estados, como o socialismo, capitalismo, que a constitui\u00e7\u00e3o de 88 \u00e9 inspirada no estado do bem estar social e tem como fundamentos a dignidade e cidadania, a partir dos quais h\u00e1 in\u00fameros direitos.<\/p>\n<p>Paulo frisou que \u201csem acesso de direito \u00e0 justi\u00e7a voc\u00ea n\u00e3o tem direito a ter direitos, e a Defensoria P\u00fablica foi o modelo optado para garantir esses direitos\u201d.<\/p>\n<p>O debatedor do painel foi o professor da UFPA, Ant\u00f4nio Mau\u00e9s. Para ele, n\u00e3o \u00e9 poss\u00edvel defender um programa democr\u00e1tico a partir de institui\u00e7\u00f5es autorit\u00e1rias. \u201cN\u00e3o podemos mais discutir democracia sem envolver a Defensoria\u201d, disse.<\/p>\n<p>Dentre as perguntas, houve questionamentos a respeito dos manifestos como legitima\u00e7\u00e3o da democratiza\u00e7\u00e3o e de acesso ao poder publico.<\/p>\n<p><a href=\"http:\/\/www.adpep.org.br\/index.php?option=com_content&#038;view=article&#038;id=1985:democratizacao-do-acesso-a-justica&#038;catid=34:noticias-principais-adpep\">http:\/\/www.adpep.org.br\/index.php?option=com_content&#038;view=article&#038;id=1985:democratizacao-do-acesso-a-justica&#038;catid=34:noticias-principais-adpep<\/a><\/p>","protected":false},"excerpt":{"rendered":"<p>O \u00faltimo painel do congresso versou sobre \u201ca democratiza\u00e7\u00e3o do acesso ao sistema de justi\u00e7a\u201d. Os palestrantes foram Adriana Britto, defensora p\u00fablica, fundadora do F\u00f3rum de Justi\u00e7a, e o ouvidor geral das Defensorias P\u00fablicas, Paulo Rog\u00e9rio Lemos Menezes e teve como Presidente de Mesa a defensora p\u00fablica do Par\u00e1 Dra. Luciana Albuquerque Lima. A primeira [&hellip;]<\/p>\n","protected":false},"author":13,"featured_media":0,"comment_status":"open","ping_status":"closed","sticky":false,"template":"","format":"standard","meta":{"inline_featured_image":false,"footnotes":""},"categories":[1],"tags":[],"anos":[],"projetos":[],"autorias":[],"eixos_tematicos":[],"locais":[],"pessoas":[],"estado":[],"academia":[],"sociedade_civil":[],"class_list":["post-6407","post","type-post","status-publish","format-standard","hentry","category-noticias"],"_links":{"self":[{"href":"https:\/\/forumjustica.com.br\/es\/wp-json\/wp\/v2\/posts\/6407","targetHints":{"allow":["GET"]}}],"collection":[{"href":"https:\/\/forumjustica.com.br\/es\/wp-json\/wp\/v2\/posts"}],"about":[{"href":"https:\/\/forumjustica.com.br\/es\/wp-json\/wp\/v2\/types\/post"}],"author":[{"embeddable":true,"href":"https:\/\/forumjustica.com.br\/es\/wp-json\/wp\/v2\/users\/13"}],"replies":[{"embeddable":true,"href":"https:\/\/forumjustica.com.br\/es\/wp-json\/wp\/v2\/comments?post=6407"}],"version-history":[{"count":1,"href":"https:\/\/forumjustica.com.br\/es\/wp-json\/wp\/v2\/posts\/6407\/revisions"}],"predecessor-version":[{"id":17604,"href":"https:\/\/forumjustica.com.br\/es\/wp-json\/wp\/v2\/posts\/6407\/revisions\/17604"}],"wp:attachment":[{"href":"https:\/\/forumjustica.com.br\/es\/wp-json\/wp\/v2\/media?parent=6407"}],"wp:term":[{"taxonomy":"category","embeddable":true,"href":"https:\/\/forumjustica.com.br\/es\/wp-json\/wp\/v2\/categories?post=6407"},{"taxonomy":"post_tag","embeddable":true,"href":"https:\/\/forumjustica.com.br\/es\/wp-json\/wp\/v2\/tags?post=6407"},{"taxonomy":"anos","embeddable":true,"href":"https:\/\/forumjustica.com.br\/es\/wp-json\/wp\/v2\/anos?post=6407"},{"taxonomy":"projetos","embeddable":true,"href":"https:\/\/forumjustica.com.br\/es\/wp-json\/wp\/v2\/projetos?post=6407"},{"taxonomy":"autorias","embeddable":true,"href":"https:\/\/forumjustica.com.br\/es\/wp-json\/wp\/v2\/autorias?post=6407"},{"taxonomy":"eixos_tematicos","embeddable":true,"href":"https:\/\/forumjustica.com.br\/es\/wp-json\/wp\/v2\/eixos_tematicos?post=6407"},{"taxonomy":"locais","embeddable":true,"href":"https:\/\/forumjustica.com.br\/es\/wp-json\/wp\/v2\/locais?post=6407"},{"taxonomy":"pessoas","embeddable":true,"href":"https:\/\/forumjustica.com.br\/es\/wp-json\/wp\/v2\/pessoas?post=6407"},{"taxonomy":"estado","embeddable":true,"href":"https:\/\/forumjustica.com.br\/es\/wp-json\/wp\/v2\/estado?post=6407"},{"taxonomy":"academia","embeddable":true,"href":"https:\/\/forumjustica.com.br\/es\/wp-json\/wp\/v2\/academia?post=6407"},{"taxonomy":"sociedade_civil","embeddable":true,"href":"https:\/\/forumjustica.com.br\/es\/wp-json\/wp\/v2\/sociedade_civil?post=6407"}],"curies":[{"name":"wp","href":"https:\/\/api.w.org\/{rel}","templated":true}]}}