{"id":6418,"date":"2013-06-28T09:00:52","date_gmt":"2013-06-28T11:00:52","guid":{"rendered":"https:\/\/forumjustica.vlannetwork.com\/?p=6418"},"modified":"2022-09-04T21:16:15","modified_gmt":"2022-09-05T00:16:15","slug":"rio-perdeu-o-pudor-de-adotar-o-terrorismo-de-estado-como-politica-publica","status":"publish","type":"post","link":"https:\/\/forumjustica.com.br\/es\/rio-perdeu-o-pudor-de-adotar-o-terrorismo-de-estado-como-politica-publica\/","title":{"rendered":"Rio perdeu o pudor de adotar o terrorismo de Estado como pol\u00edtica p\u00fablica"},"content":{"rendered":"<p>Leonardo Sakamoto 26\/06\/2013 08:19<\/p>\n<p>O governo do Estado do Rio de Janeiro enlouqueceu. N\u00e3o h\u00e1 outra forma de descrever o comportamento de suas for\u00e7as de seguran\u00e7a nas \u00faltimas semanas. E olha que quem escreve \u00e9 um morador de S\u00e3o Paulo, que possui uma das pol\u00edcias mais meigas do pa\u00eds. N\u00e3o estou surpreso com a viol\u00eancia desmesurada ou com o pouco respeito \u00e0 vida e \u00e0 dignidade, mas pelo fato do governo ter perdido o pudor e n\u00e3o se preocupar mais em esconder as besteiras que faz.<\/p>\n<p>Primeiro, a selvageria contra manifestantes que marchavam em paz no Centro da capital carioca sem nenhum constrangimento, ignorando que o comportamento de um grupo de idiotas n\u00e3o pode justificar o tratamento ign\u00f3bil dispensado \u00e0 imensa maioria pac\u00edfica. Os policiais n\u00e3o atuavam entre os que causavam danos ao patrim\u00f4nio p\u00fablico, mas intimidavam ostensivamente qualquer um que n\u00e3o estivesse em casa vendo a novela. Isso sem contar as bombas de g\u00e1s, balas de borracha e spray de pimenta lan\u00e7ados contra quem protestava pacificamente pr\u00f3ximo ao est\u00e1dio do Maracan\u00e3.<\/p>\n<p>Somado a isso, o p\u00e2nico provocado no Complexo da Mar\u00e9 com a opera\u00e7\u00e3o que deixou, pelo menos, dez mortos \u2013 inclusive um policial. Supostamente, em busca de supostos respons\u00e1veis por um arrast\u00e3o e, depois em clara vingan\u00e7a pela morte de um sargento, a for\u00e7a p\u00fablica esculachou moradores, invadiu casas, abusou da autoridade, enfim. Centenas se reuniram para protestar contra a presen\u00e7a do Bope na favela e a pr\u00f3pria pol\u00edcia \u2013 pasmem \u2013 reconheceu que inocentes foram mortos.<\/p>\n<p>Boa parte dos policiais que morrem nesses momentos s\u00e3o da mesma classe social dos moradores e traficantes que tamb\u00e9m tombam. Ou seja, \u00e9 pobre matando pobre enquanto quem manda ou lucra de verdade com todo o circo est\u00e1 arrotando comida chique em outro lugar. Ningu\u00e9m entra atirando a esmo no Leblon ou em Moema, por que isso ocorre na Mar\u00e9? Porque l\u00e1 a vida vale menos, u\u00e9.<\/p>\n<p>A verdade \u00e9 que o Rio est\u00e1 se especializando no caminho do terrorismo de Estado, tanto ao criar entraves \u00e0 liberdade de express\u00e3o quanto ao reprimir ainda mais o punhado de direitos das comunidades pobres que ainda n\u00e3o foram defenestrados. A popula\u00e7\u00e3o cada vez mais teme seu governo ao inv\u00e9s de respeit\u00e1-lo. Dessa forma, vai se afastando das mudan\u00e7as estruturais para garantir paz \u2013 que incluem um Estado que pense em qualidade de vida para todos e, ao mesmo tempo, em um horizonte de op\u00e7\u00f5es para os mais jovens que saem em busca de um lugar no mundo e caem no colo do tr\u00e1fico. A\u00e7\u00f5es que devem ser discutidas e constru\u00eddas com a participa\u00e7\u00e3o popular e n\u00e3o de cima para baixo, como se soub\u00e9ssemos o que \u00e9 melhor para os outros. Em vez disso, o Rio renova seu estoque de g\u00e1s lacrimog\u00eanio, lan\u00e7ando m\u00e3o de caveir\u00f5es e bombas. Que limpam a cidade para os \u201chomens de bem\u201d. A dignidade n\u00e3o \u00e9 uma grande UPP.<\/p>\n<p>Enquanto o povo protestava contra a divis\u00e3o dos royalties do petr\u00f3leo, S\u00e9rgio Cabral achava tudo bonito. Quando as pautas s\u00e3o outras, pau neles. E quando \u00e9 com pobre, a\u00ed \u00e9 bala mesmo. Lembra os verde-olivas que adoravam uma marcha c\u00edvica, mas desciam o cacete nos estudantes que protestavam e nas \u201chordas de b\u00e1rbaros\u201d quando elas sa\u00edam da casinha. Ele lembra a todos que a cidade \u00e9 para alguns apenas, que t\u00eam um tanto na conta banc\u00e1ria e pensam de uma determinada forma. Estes podem participar dos destinos de sua p\u00f3lis e ser tratados com dignidade. Para os outros, resta um \u201cRio: ame-o ou deixe-o\u201d.<\/p>\n<p>Se o poder p\u00fablico se comporta assim em um momento de teste de sua sanidade mental, imagina na Copa?<\/p>\n<p>Em tempo: \u00c9 necess\u00e1rio uma cobertura mais cr\u00edtica e contundente do poder p\u00fablico em suas a\u00e7\u00f5es de seguran\u00e7a p\u00fablica por parte da m\u00eddia. Por vezes, banalizamos aberra\u00e7\u00f5es a ponto de internaliz\u00e1-las como parte do cotidiano. Nesta reportagem, ao tratar da repress\u00e3o a uma das manifesta\u00e7\u00f5es no Centro do Rio de Janeiro, o especialista em seguran\u00e7a p\u00fablica da TV Globo proferiu uma perigosa diferencia\u00e7\u00e3o (aos 1\u20194\u201d): \u201c\u00c9 uma arma de guerra, uma arma de opera\u00e7\u00e3o policial em comunidades, em favelas. N\u00e3o \u00e9 uma arma para ser usada em ambiente urbano\u2026\u201d<\/p>\n<p>Atualizado \u00e0s 15h15 para inclus\u00e3o do v\u00eddeo.<br \/>\n<a href=\"http:\/\/blogdosakamoto.blogosfera.uol.com.br\/2013\/06\/26\/rio-perdeu-o-pudor-de-adotar-o-terrorismo-de-estado\/\"><br \/>\nhttp:\/\/blogdosakamoto.blogosfera.uol.com.br\/2013\/06\/26\/rio-perdeu-o-pudor-de-adotar-o-terrorismo-de-estado\/<\/a><\/p>\n","protected":false},"excerpt":{"rendered":"<p>Leonardo Sakamoto 26\/06\/2013 08:19 O governo do Estado do Rio de Janeiro enlouqueceu. N\u00e3o h\u00e1 outra forma de descrever o comportamento de suas for\u00e7as de seguran\u00e7a nas \u00faltimas semanas. E olha que quem escreve \u00e9 um morador de S\u00e3o Paulo, que possui uma das pol\u00edcias mais meigas do pa\u00eds. N\u00e3o estou surpreso com a viol\u00eancia [&hellip;]<\/p>\n","protected":false},"author":13,"featured_media":0,"comment_status":"open","ping_status":"closed","sticky":false,"template":"","format":"standard","meta":{"inline_featured_image":false,"footnotes":""},"categories":[1],"tags":[],"anos":[],"projetos":[],"autorias":[],"eixos_tematicos":[],"locais":[],"pessoas":[],"estado":[],"academia":[],"sociedade_civil":[],"class_list":["post-6418","post","type-post","status-publish","format-standard","hentry","category-noticias"],"_links":{"self":[{"href":"https:\/\/forumjustica.com.br\/es\/wp-json\/wp\/v2\/posts\/6418","targetHints":{"allow":["GET"]}}],"collection":[{"href":"https:\/\/forumjustica.com.br\/es\/wp-json\/wp\/v2\/posts"}],"about":[{"href":"https:\/\/forumjustica.com.br\/es\/wp-json\/wp\/v2\/types\/post"}],"author":[{"embeddable":true,"href":"https:\/\/forumjustica.com.br\/es\/wp-json\/wp\/v2\/users\/13"}],"replies":[{"embeddable":true,"href":"https:\/\/forumjustica.com.br\/es\/wp-json\/wp\/v2\/comments?post=6418"}],"version-history":[{"count":1,"href":"https:\/\/forumjustica.com.br\/es\/wp-json\/wp\/v2\/posts\/6418\/revisions"}],"predecessor-version":[{"id":17597,"href":"https:\/\/forumjustica.com.br\/es\/wp-json\/wp\/v2\/posts\/6418\/revisions\/17597"}],"wp:attachment":[{"href":"https:\/\/forumjustica.com.br\/es\/wp-json\/wp\/v2\/media?parent=6418"}],"wp:term":[{"taxonomy":"category","embeddable":true,"href":"https:\/\/forumjustica.com.br\/es\/wp-json\/wp\/v2\/categories?post=6418"},{"taxonomy":"post_tag","embeddable":true,"href":"https:\/\/forumjustica.com.br\/es\/wp-json\/wp\/v2\/tags?post=6418"},{"taxonomy":"anos","embeddable":true,"href":"https:\/\/forumjustica.com.br\/es\/wp-json\/wp\/v2\/anos?post=6418"},{"taxonomy":"projetos","embeddable":true,"href":"https:\/\/forumjustica.com.br\/es\/wp-json\/wp\/v2\/projetos?post=6418"},{"taxonomy":"autorias","embeddable":true,"href":"https:\/\/forumjustica.com.br\/es\/wp-json\/wp\/v2\/autorias?post=6418"},{"taxonomy":"eixos_tematicos","embeddable":true,"href":"https:\/\/forumjustica.com.br\/es\/wp-json\/wp\/v2\/eixos_tematicos?post=6418"},{"taxonomy":"locais","embeddable":true,"href":"https:\/\/forumjustica.com.br\/es\/wp-json\/wp\/v2\/locais?post=6418"},{"taxonomy":"pessoas","embeddable":true,"href":"https:\/\/forumjustica.com.br\/es\/wp-json\/wp\/v2\/pessoas?post=6418"},{"taxonomy":"estado","embeddable":true,"href":"https:\/\/forumjustica.com.br\/es\/wp-json\/wp\/v2\/estado?post=6418"},{"taxonomy":"academia","embeddable":true,"href":"https:\/\/forumjustica.com.br\/es\/wp-json\/wp\/v2\/academia?post=6418"},{"taxonomy":"sociedade_civil","embeddable":true,"href":"https:\/\/forumjustica.com.br\/es\/wp-json\/wp\/v2\/sociedade_civil?post=6418"}],"curies":[{"name":"wp","href":"https:\/\/api.w.org\/{rel}","templated":true}]}}