{"id":6420,"date":"2013-07-01T09:00:33","date_gmt":"2013-07-01T11:00:33","guid":{"rendered":"https:\/\/forumjustica.vlannetwork.com\/?p=6420"},"modified":"2022-09-04T21:16:15","modified_gmt":"2022-09-05T00:16:15","slug":"xiii-coloquio-internacional-de-direitos-humanos","status":"publish","type":"post","link":"https:\/\/forumjustica.com.br\/es\/xiii-coloquio-internacional-de-direitos-humanos\/","title":{"rendered":"XIII Col\u00f3quio Internacional de Direitos Humanos"},"content":{"rendered":"<p><a href=\"https:\/\/forumjustica.com.br\/wp-content\/uploads\/2013\/06\/banner-pt.jpg\"><img loading=\"lazy\" decoding=\"async\" src=\"https:\/\/forumjustica.com.br\/wp-content\/uploads\/2013\/06\/banner-pt.jpg\" alt=\"\" title=\"banner-pt\" width=\"940\" height=\"174\" class=\"aligncenter size-full wp-image-6421\" \/><\/a><\/p>\n<p>O que \u00e9 o Col\u00f3quio Internacional de Direitos Humanos?<\/p>\n<p>O Col\u00f3quio Internacional de Direitos Humanos \u00e9 um encontro anual organizado desde 2001, pela Conectas Direitos Humanos, e re\u00fane ativistas, acad\u00eamicos e especialistas de direitos humanos principalmente da Am\u00e9rica Latina, \u00c1frica e \u00c1sia. Em 12 edi\u00e7\u00f5es o Col\u00f3quio reuniu 1360 participantes de 64 pa\u00edses.<br \/>\nQuando e onde acontecer\u00e1 o Col\u00f3quio em 2013?<\/p>\n<p>O XIII Col\u00f3quio acontecer\u00e1 de 12 a 19 de outubro, em S\u00e3o Paulo, Brasil. Grande parte das atividades ser\u00e1 na Escola de Direito da Funda\u00e7\u00e3o Get\u00falio Vargas &#8211; FGV, parceira do encontro.<br \/>\nQual ser\u00e1 o tema do Col\u00f3quio em 2013?<\/p>\n<p>O XIII Col\u00f3quio Internacional de Direitos Humanos ter\u00e1 como tema central Uma nova ordem global em direitos humanos? Atores, desafios e oportunidades.<\/p>\n<p>Tradicionalmente, os pa\u00edses do Sul Global s\u00e3o vistos como alvo das pol\u00edticas externas dos pa\u00edses do Norte e de recomenda\u00e7\u00f5es internacionais voltadas para os direitos humanos. A necessidade de esses Estados inclu\u00edrem e promoverem os direitos humanos em suas a\u00e7\u00f5es internacionais costumam receber muito menos aten\u00e7\u00e3o. Soma-se a isso o fato de alguns pa\u00edses espec\u00edficos do Sul Global, chamados comumente de \u201cpot\u00eancias emergentes\u201d &#8211; como \u00c1frica do Sul, Brasil, China, \u00cdndia, Indon\u00e9sia, M\u00e9xico, Nig\u00e9ria, R\u00fassia e Turquia \u2013 poderem desempenhar ou j\u00e1 desempenharem um papel de crescente relev\u00e2ncia como atores globais.<\/p>\n<p>Observa-se, assim, por um lado, o potencial de maior protagonismo internacional de pa\u00edses do Sul Global, dentre eles as pot\u00eancias emergentes, por meio de uma constante expans\u00e3o econ\u00f4mica e pol\u00edtica internacional, que muitas vezes ignora a promo\u00e7\u00e3o e prote\u00e7\u00e3o dos direitos humanos. Por outro lado, nota-se que as relativas crises pol\u00edticas e econ\u00f4micas do Norte deixaram um v\u00e1cuo na agenda de direitos humanos. Cria-se, ent\u00e3o, a oportunidade de estabelecimento de uma nova ordem mundial em direitos humanos. Nesse contexto, as ONGs do Sul Global, ao observar a expans\u00e3o econ\u00f4mica e a ascens\u00e3o da influ\u00eancia internacional de seus pa\u00edses, poderiam passar a ocupar um novo papel, e trabalhar para influenciar as decis\u00f5es de seus Estados em \u00e2mbito global.<br \/>\nQuais os eixos tem\u00e1ticos?<\/p>\n<p>O programa do col\u00f3quio est\u00e1 dividido em cinco eixos centrais:<\/p>\n<p>MULTIPOLARIDADE: H\u00e1, de fato, uma nova ordem global de direitos humanos?, em que se procura entender e avaliar as mudan\u00e7as que est\u00e3o ocorrendo em \u00e2mbito global e seu impacto nos direitos humanos;<\/p>\n<p>INCOER\u00caNCIAS: Como lidar com as poss\u00edveis tens\u00f5es entre a situa\u00e7\u00e3o nacional e o papel internacional dos Estados na promo\u00e7\u00e3o e prote\u00e7\u00e3o dos direitos humanos?, com o objetivo de discutir meios de supera\u00e7\u00e3o das lacunas entre o contexto nacional dos pa\u00edses, sobretudo os do Sul Global, e suas ambi\u00e7\u00f5es internacionais;<\/p>\n<p>ECONOMIA: Como lidar com os efeitos de novos p\u00f3los econ\u00f4micos sob a perspectiva da prote\u00e7\u00e3o e observ\u00e2ncia dos direitos humanos?, com foco na discuss\u00e3o sobre desenvolvimento econ\u00f4mico e direitos humanos, migra\u00e7\u00f5es e neocolonialismo;<\/p>\n<p>SISTEMAS: qual o impacto dessa nova ordem global nos sistemas internacionais e regionais de direitos humanos?, em que se procura entender quais as poss\u00edveis mudan\u00e7as nestes sistemas e qual o papel de novas coaliz\u00f5es, tal como os BRICS, no \u00e2mbito dos direitos humanos;<\/p>\n<p>SOCIEDADE CIVIL: quais os modelos de organiza\u00e7\u00e3o neste novo contexto?, cuja quest\u00e3o principal a ser debatida \u00e9 se uma nova ordem multipolar necessita de organiza\u00e7\u00f5es e redes diferentes das atuais, bem como a rela\u00e7\u00e3o das organiza\u00e7\u00f5es do sul global com suas sociedades e com as ONGs do norte.<br \/>\nQual a metodologia do XIII Col\u00f3quio?<\/p>\n<p>O programa de atividades inclui palestras e oficinas com estudos de caso, sempre visando \u00e0 troca de experi\u00eancias entre os participantes. Cada dia do Col\u00f3quio \u00e9 dedicado inteiramente a um dos eixos expostos acima. Durante as manh\u00e3s ser\u00e3o realizados debates, em formato participativo, com palestrantes internacionais e tradu\u00e7\u00e3o para as quatro l\u00ednguas oficiais do evento (portugu\u00eas, ingl\u00eas, espanhol e franc\u00eas). No per\u00edodo da tarde, os participantes trabalhar\u00e3o em oficinas e debater\u00e3o com mais profundidade os temas discutidos pela manh\u00e3, com base em estudos de caso e problem\u00e1ticas pr\u00e9-existentes.<br \/>\nQuem pode participar?<\/p>\n<p>Em 2013, o Col\u00f3quio reunir\u00e1 aproximadamente 100 ativistas, especialistas e acad\u00eamicos dos pa\u00edses emergentes e demais Estados do Sul Global (sendo cerca de 60 ativistas escolhidos pelo processo seletivo). Ser\u00e3o selecionados participantes que tenham experi\u00eancia na \u00e1rea de direitos humanos no contexto geopol\u00edtico em quest\u00e3o, principalmente da Am\u00e9rica Latina, \u00c1frica e \u00c1sia, e contato com pelo menos um dos eixos tem\u00e1ticos central do XIII Col\u00f3quio. Os candidatos poder\u00e3o requerer bolsas parciais ou integrais, que ser\u00e3o concedidas ou n\u00e3o ap\u00f3s an\u00e1lise pelo Comit\u00ea de Sele\u00e7\u00e3o.<br \/>\nQuais as datas chave do encontro de 2013?<\/p>\n<p>03 de Junho: in\u00edcio das inscri\u00e7\u00f5es<br \/>\n07 de Julho: encerramento das inscri\u00e7\u00f5es<br \/>\n20 de Julho: an\u00fancio dos selecionados<br \/>\nAgosto a Setembro: preparativos e leituras pr\u00e9vias<br \/>\n12 a 19 de outubro: encontro em S\u00e3o Paulo, Brasil<br \/>\nQuem s\u00e3o os apoiadores do XIII Col\u00f3quio?<\/p>\n<p>Ford Foundation<br \/>\nFunda\u00e7\u00e3o Get\u00falio Vargas &#8211; Escola de Direito<br \/>\nIDRC &#8211; International Development Research Center<br \/>\nOAK Foundation<br \/>\nOpen Society Foundations<br \/>\nSigrid Rausing Trust<br \/>\n<a href=\"http:\/\/www.inscricoescoloquio.com.br\/coloquio\/\"><br \/>\nhttp:\/\/www.inscricoescoloquio.com.br\/coloquio\/<\/a><\/p>","protected":false},"excerpt":{"rendered":"<p>O que \u00e9 o Col\u00f3quio Internacional de Direitos Humanos? O Col\u00f3quio Internacional de Direitos Humanos \u00e9 um encontro anual organizado desde 2001, pela Conectas Direitos Humanos, e re\u00fane ativistas, acad\u00eamicos e especialistas de direitos humanos principalmente da Am\u00e9rica Latina, \u00c1frica e \u00c1sia. Em 12 edi\u00e7\u00f5es o Col\u00f3quio reuniu 1360 participantes de 64 pa\u00edses. Quando e [&hellip;]<\/p>\n","protected":false},"author":13,"featured_media":0,"comment_status":"open","ping_status":"closed","sticky":false,"template":"","format":"standard","meta":{"inline_featured_image":false,"footnotes":""},"categories":[1],"tags":[],"anos":[],"projetos":[],"autorias":[],"eixos_tematicos":[],"locais":[],"pessoas":[],"estado":[],"academia":[],"sociedade_civil":[],"class_list":["post-6420","post","type-post","status-publish","format-standard","hentry","category-noticias"],"_links":{"self":[{"href":"https:\/\/forumjustica.com.br\/es\/wp-json\/wp\/v2\/posts\/6420","targetHints":{"allow":["GET"]}}],"collection":[{"href":"https:\/\/forumjustica.com.br\/es\/wp-json\/wp\/v2\/posts"}],"about":[{"href":"https:\/\/forumjustica.com.br\/es\/wp-json\/wp\/v2\/types\/post"}],"author":[{"embeddable":true,"href":"https:\/\/forumjustica.com.br\/es\/wp-json\/wp\/v2\/users\/13"}],"replies":[{"embeddable":true,"href":"https:\/\/forumjustica.com.br\/es\/wp-json\/wp\/v2\/comments?post=6420"}],"version-history":[{"count":1,"href":"https:\/\/forumjustica.com.br\/es\/wp-json\/wp\/v2\/posts\/6420\/revisions"}],"predecessor-version":[{"id":17594,"href":"https:\/\/forumjustica.com.br\/es\/wp-json\/wp\/v2\/posts\/6420\/revisions\/17594"}],"wp:attachment":[{"href":"https:\/\/forumjustica.com.br\/es\/wp-json\/wp\/v2\/media?parent=6420"}],"wp:term":[{"taxonomy":"category","embeddable":true,"href":"https:\/\/forumjustica.com.br\/es\/wp-json\/wp\/v2\/categories?post=6420"},{"taxonomy":"post_tag","embeddable":true,"href":"https:\/\/forumjustica.com.br\/es\/wp-json\/wp\/v2\/tags?post=6420"},{"taxonomy":"anos","embeddable":true,"href":"https:\/\/forumjustica.com.br\/es\/wp-json\/wp\/v2\/anos?post=6420"},{"taxonomy":"projetos","embeddable":true,"href":"https:\/\/forumjustica.com.br\/es\/wp-json\/wp\/v2\/projetos?post=6420"},{"taxonomy":"autorias","embeddable":true,"href":"https:\/\/forumjustica.com.br\/es\/wp-json\/wp\/v2\/autorias?post=6420"},{"taxonomy":"eixos_tematicos","embeddable":true,"href":"https:\/\/forumjustica.com.br\/es\/wp-json\/wp\/v2\/eixos_tematicos?post=6420"},{"taxonomy":"locais","embeddable":true,"href":"https:\/\/forumjustica.com.br\/es\/wp-json\/wp\/v2\/locais?post=6420"},{"taxonomy":"pessoas","embeddable":true,"href":"https:\/\/forumjustica.com.br\/es\/wp-json\/wp\/v2\/pessoas?post=6420"},{"taxonomy":"estado","embeddable":true,"href":"https:\/\/forumjustica.com.br\/es\/wp-json\/wp\/v2\/estado?post=6420"},{"taxonomy":"academia","embeddable":true,"href":"https:\/\/forumjustica.com.br\/es\/wp-json\/wp\/v2\/academia?post=6420"},{"taxonomy":"sociedade_civil","embeddable":true,"href":"https:\/\/forumjustica.com.br\/es\/wp-json\/wp\/v2\/sociedade_civil?post=6420"}],"curies":[{"name":"wp","href":"https:\/\/api.w.org\/{rel}","templated":true}]}}