{"id":6453,"date":"2013-07-01T23:48:37","date_gmt":"2013-07-02T01:48:37","guid":{"rendered":"https:\/\/forumjustica.vlannetwork.com\/?p=6453"},"modified":"2022-09-04T21:16:15","modified_gmt":"2022-09-05T00:16:15","slug":"ato-ecumenico-em-memoria-dos-mortos-da-mare-estado-que-mata-nunca-mais","status":"publish","type":"post","link":"https:\/\/forumjustica.com.br\/es\/ato-ecumenico-em-memoria-dos-mortos-da-mare-estado-que-mata-nunca-mais\/","title":{"rendered":"Ato ecum\u00eanico em mem\u00f3ria dos mortos da Mar\u00e9 &#8211; ESTADO QUE MATA, NUNCA MAIS!"},"content":{"rendered":"<p><a href=\"https:\/\/forumjustica.com.br\/wp-content\/uploads\/2013\/07\/1013512_469308513163416_268349911_n.jpg\"><img loading=\"lazy\" decoding=\"async\" src=\"https:\/\/forumjustica.com.br\/wp-content\/uploads\/2013\/07\/1013512_469308513163416_268349911_n-300x200-1.jpg\" alt=\"\" title=\"1013512_469308513163416_268349911_n\" width=\"300\" height=\"200\" class=\"aligncenter size-medium wp-image-6457\" \/><\/a><\/p>\n<p>Como \u00e9 de conhecimento p\u00fablico, a a\u00e7\u00e3o policial realizada em favelas da mar\u00e9 nos dias 24 e 25 de junho resultou na morte de dez pessoas e em uma s\u00e9rie de viola\u00e7\u00f5es de direitos dos moradores. Nesse contexto, estamos realizando um amplo processo de mobiliza\u00e7\u00e3o para expressar que este tipo de a\u00e7\u00e3o \u00e9 inaceit\u00e1vel.<\/p>\n<p>Na pr\u00f3xima ter\u00e7a-feira dia,  dia 02 de julho, ser\u00e1 realizado um ato em mem\u00f3ria dos mortos da mar\u00e9 (concentra\u00e7\u00e3o a partir das 15h, na passarela 9 da avenida Brasil).<\/p>\n<p>As institui\u00e7\u00f5es que apoiarem este ato podem assinar o manifesto abaixo, mandando um e-mail para atoecumenico@observatoriodefavelas.org.br<\/p>\n<p><em>ESTADO QUE MATA, NUNCA MAIS!<\/em><\/p>\n<p>N\u00f3s, institui\u00e7\u00f5es e cidad\u00e3os da Mar\u00e9, tornamos p\u00fablico o nosso veemente rep\u00fadio a a\u00e7\u00e3o policial ocorrida nos dias 24 e 25 de junho na comunidade de Nova Holanda, provocando viola\u00e7\u00f5es de direitos dos moradores e a morte de dez pessoas.<\/p>\n<p>Lamentamos que durante a citada opera\u00e7\u00e3o tenha tamb\u00e9m ocorrido a morte de um policial militar. Mas estamos indignados com a\u00e7\u00f5es arbitr\u00e1rias e violentas que agridem fam\u00edlias e provocam execu\u00e7\u00f5es sum\u00e1rias.<\/p>\n<p>O uso recorrente da viol\u00eancia demonstra, de modo inequ\u00edvoco, o despreparo para a garantia da seguran\u00e7a p\u00fablica e o desrespeito permanente \u00e0 vida dos cidad\u00e3os por parte do Estado. \u00c9 preciso estabelecer, de uma vez por todas, que a ordem p\u00fablica n\u00e3o se confunde com o emprego indiscriminado da for\u00e7a policial.<\/p>\n<p>Os fatos ocorridos na comunidade Nova Holanda s\u00e3o tragicamente comuns em diversas favelas da cidade do Rio de Janeiro. Sabemos muito bem qual \u00e9 a sua cor e sua dor. Precisamos dizer: Nunca mais!<\/p>\n<p>N\u00e3o admitimos ocupa\u00e7\u00f5es policiais desastrosas, autorit\u00e1rias e brutais em nossas comunidades!<\/p>\n<p>N\u00e3o \u00e9 mais aceit\u00e1vel a pol\u00edtica militarizada da opera\u00e7\u00e3o do estado nos territ\u00f3rios populares como se esses locais fossem moradas de pessoas sem direitos!<\/p>\n<p>Responsabilizamos o Governador do Estado e o Secretario de Seguran\u00e7a P\u00fablica pelas a\u00e7\u00f5es policiais nas favelas. Exigimos um pedido de desculpas pelo massacre e o compromisso com o fim das incurs\u00f5es policiais nas favelas cariocas sustentadas no uso do Caveir\u00e3o e de armas de guerra.<\/p>\n<p>Em mem\u00f3ria dos mortos na mar\u00e9 nos dias 24 e 25 de junho, conclamamos todos os cidad\u00e3os e cidad\u00e3s do Rio de Janeiro para um Ato Ecum\u00eanico na Avenida Brasil, no dia 02 de julho. A concentra\u00e7\u00e3o ser\u00e1 \u00e0s 15h na passarela 9 da avenida Brasil para dizer: ESTADO QUE MATA, NUNCA MAIS!<\/p>\n<p>Em mem\u00f3ria de:<\/p>\n<p>Ademir da Silva Lima, de 29 anos,<br \/>\nAndr\u00e9 Gomes de Souza J\u00fanior, de 16 anos,<br \/>\nCarlos Eduardo Silva Pinto, de 23 anos,<br \/>\nEdnelson dos Santos, de 42 anos,<br \/>\nEraldo Santos da Silva, de 35 anos,<br \/>\nFabr\u00edcio Souza Gomes, de 26 anos,<br \/>\nJonatha Farias da Silva, de 16 anos<br \/>\nJos\u00e9 Everton Silva de Oliveira, de 21 anos,<br \/>\nRenato Alexandre Mello da Silva, de 39 anos,<br \/>\nRoberto Alves Rodrigues.<\/p>\n<p>Institui\u00e7\u00f5es organizadoras:<\/p>\n<p>Associa\u00e7\u00e3o de Moradores e Amigos do Conjunto Esperan\u00e7a (AMACE)<br \/>\nAssocia\u00e7\u00e3o de Moradores da Baixa do Sapateiro<br \/>\nAssocia\u00e7\u00e3o de Moradores de Conjunto Bento Ribeiro Dantas<br \/>\nAssocia\u00e7\u00e3o de Moradores Marc\u00edlio Dias<br \/>\nAssocia\u00e7\u00e3o de Moradores do Morro do Timbau<br \/>\nAssocia\u00e7\u00e3o de Moradores Roquete Pinto<br \/>\nAssocia\u00e7\u00e3o de Moradores Nova Mar\u00e9<br \/>\nAssocia\u00e7\u00e3o de Moradores Praia de Ramos<br \/>\nAssocia\u00e7\u00e3o de Moradores Conjunto Pinheiro<br \/>\nAssocia\u00e7\u00e3o de Moradores Parque Ecol\u00f3gico<br \/>\nAssocia\u00e7\u00e3o de Moradores da Nova Holanda<br \/>\nAssocia\u00e7\u00e3o de Moradores do Parque Uni\u00e3o (AMPU)<br \/>\nAssocia\u00e7\u00e3o dos Moradores do Parque Mar\u00e9<br \/>\nAssocia\u00e7\u00e3o dos Moradores do Parque Rubens Vaz (Amrpv)<br \/>\nAssocia\u00e7\u00e3o de Moradores da Vila do Jo\u00e3o (AMOVIJO)<br \/>\nCentro Municipal de Sa\u00fade H\u00e9lio Smidth<br \/>\nCentro Social Tecnobox<br \/>\nCidade Escola Aprendiz<br \/>\nConselho de Moradores da Vila do Pinheiro (COMOVIP)<br \/>\nCooperativa de Reciclagem Eu Quero Liberdade Ltda &#8211; COOPER Liberdade<br \/>\nInstituto Vida Real<br \/>\nLuta pela Paz<br \/>\nObservat\u00f3rio de Favelas<br \/>\nProjeto Uer\u00ea<br \/>\nRedes de Desenvolvimento da Mar\u00e9<br \/>\nRO\u00c7A! Produtos Naturais e Org\u00e2nicos<\/p>","protected":false},"excerpt":{"rendered":"<p>Como \u00e9 de conhecimento p\u00fablico, a a\u00e7\u00e3o policial realizada em favelas da mar\u00e9 nos dias 24 e 25 de junho resultou na morte de dez pessoas e em uma s\u00e9rie de viola\u00e7\u00f5es de direitos dos moradores. Nesse contexto, estamos realizando um amplo processo de mobiliza\u00e7\u00e3o para expressar que este tipo de a\u00e7\u00e3o \u00e9 inaceit\u00e1vel. Na [&hellip;]<\/p>\n","protected":false},"author":13,"featured_media":0,"comment_status":"open","ping_status":"closed","sticky":false,"template":"","format":"standard","meta":{"inline_featured_image":false,"footnotes":""},"categories":[1],"tags":[],"anos":[],"projetos":[],"autorias":[],"eixos_tematicos":[],"locais":[],"pessoas":[],"estado":[],"academia":[],"sociedade_civil":[],"class_list":["post-6453","post","type-post","status-publish","format-standard","hentry","category-noticias"],"_links":{"self":[{"href":"https:\/\/forumjustica.com.br\/es\/wp-json\/wp\/v2\/posts\/6453","targetHints":{"allow":["GET"]}}],"collection":[{"href":"https:\/\/forumjustica.com.br\/es\/wp-json\/wp\/v2\/posts"}],"about":[{"href":"https:\/\/forumjustica.com.br\/es\/wp-json\/wp\/v2\/types\/post"}],"author":[{"embeddable":true,"href":"https:\/\/forumjustica.com.br\/es\/wp-json\/wp\/v2\/users\/13"}],"replies":[{"embeddable":true,"href":"https:\/\/forumjustica.com.br\/es\/wp-json\/wp\/v2\/comments?post=6453"}],"version-history":[{"count":1,"href":"https:\/\/forumjustica.com.br\/es\/wp-json\/wp\/v2\/posts\/6453\/revisions"}],"predecessor-version":[{"id":17592,"href":"https:\/\/forumjustica.com.br\/es\/wp-json\/wp\/v2\/posts\/6453\/revisions\/17592"}],"wp:attachment":[{"href":"https:\/\/forumjustica.com.br\/es\/wp-json\/wp\/v2\/media?parent=6453"}],"wp:term":[{"taxonomy":"category","embeddable":true,"href":"https:\/\/forumjustica.com.br\/es\/wp-json\/wp\/v2\/categories?post=6453"},{"taxonomy":"post_tag","embeddable":true,"href":"https:\/\/forumjustica.com.br\/es\/wp-json\/wp\/v2\/tags?post=6453"},{"taxonomy":"anos","embeddable":true,"href":"https:\/\/forumjustica.com.br\/es\/wp-json\/wp\/v2\/anos?post=6453"},{"taxonomy":"projetos","embeddable":true,"href":"https:\/\/forumjustica.com.br\/es\/wp-json\/wp\/v2\/projetos?post=6453"},{"taxonomy":"autorias","embeddable":true,"href":"https:\/\/forumjustica.com.br\/es\/wp-json\/wp\/v2\/autorias?post=6453"},{"taxonomy":"eixos_tematicos","embeddable":true,"href":"https:\/\/forumjustica.com.br\/es\/wp-json\/wp\/v2\/eixos_tematicos?post=6453"},{"taxonomy":"locais","embeddable":true,"href":"https:\/\/forumjustica.com.br\/es\/wp-json\/wp\/v2\/locais?post=6453"},{"taxonomy":"pessoas","embeddable":true,"href":"https:\/\/forumjustica.com.br\/es\/wp-json\/wp\/v2\/pessoas?post=6453"},{"taxonomy":"estado","embeddable":true,"href":"https:\/\/forumjustica.com.br\/es\/wp-json\/wp\/v2\/estado?post=6453"},{"taxonomy":"academia","embeddable":true,"href":"https:\/\/forumjustica.com.br\/es\/wp-json\/wp\/v2\/academia?post=6453"},{"taxonomy":"sociedade_civil","embeddable":true,"href":"https:\/\/forumjustica.com.br\/es\/wp-json\/wp\/v2\/sociedade_civil?post=6453"}],"curies":[{"name":"wp","href":"https:\/\/api.w.org\/{rel}","templated":true}]}}